{"id":7504,"date":"2020-11-07T01:30:56","date_gmt":"2020-11-07T04:30:56","guid":{"rendered":"https:\/\/revistaepocadigital.com.ar\/?p=7504"},"modified":"2020-11-10T00:44:58","modified_gmt":"2020-11-10T03:44:58","slug":"el-aislamiento-llego-a-su-fin","status":"publish","type":"post","link":"https:\/\/revistaepocadigital.com.ar\/?p=7504","title":{"rendered":"EL AISLAMIENTO LLEG\u00d3 A SU FIN"},"content":{"rendered":"<div dir=\"ltr\"><strong>NUEVA ETAPA DSPO. EL ANUNCIO DEL GOBERNADOR KICILLOF.<\/strong><\/div>\n<p><!--more--><\/p>\n<div dir=\"ltr\"><\/div>\n<div dir=\"ltr\">El gobernador de la provincia de Buenos Aires, Axel Kicillof anunci\u00f3 el fin del aislamiento en el \u00c1rea Metropolitana. &#8220;En mi provincia ning\u00fan m\u00e9dico ni ninguna m\u00e9dica, tuvo que elegir a qui\u00e9n le sacaba el respirador para pon\u00e9rselo a otro\u201d, expres\u00f3 el gobernador al anunciar (6\/11) el fin de la etapa de aislamiento en el \u00c1rea Metropolitana, y la puesta en marcha de un plan destinado a garantizar la vacunaci\u00f3n gratuita contra el Covid en la provincia de Buenos Aires.<\/div>\n<div dir=\"ltr\"><\/div>\n<div dir=\"ltr\">Fue durante la conferencia de prensa en el Sal\u00f3n Dorado de la Gobernaci\u00f3n junto al jefe de Gabinete, Carlos Bianco, el ministro de Salud, Daniel Gollan, y la directora general de Cultura y Educaci\u00f3n, Agustina Vila.<\/div>\n<div dir=\"ltr\"><\/div>\n<div dir=\"ltr\">Kicillof destac\u00f3 que en el Gran Buenos Aires \u201ca partir del pr\u00f3ximo martes (10\/11) se terminar\u00e1 la fase del aislamiento y empezar\u00e1 la etapa del Distanciamiento Social, Preventivo y Obligatorio (DSPO)\u201d, y a\u00f1adi\u00f3: \u201cEsto se puede hacer gracias al esfuerzo y la solidaridad de los y las bonaerenses, y un Estado que lleg\u00f3 a todos. Llevamos 10 semanas de disminuci\u00f3n de los casos positivos y de la utilizaci\u00f3n de camas de terapia intensiva\u201d.<\/div>\n<div dir=\"ltr\"><\/div>\n<div dir=\"ltr\">En ese sentido, se\u00f1al\u00f3 que \u201cvamos a pasar de una pol\u00edtica para aplanar la curva de crecimiento de casos a otra destinada a aplastarla\u201d. \u201cLo vamos a lograr fortaleciendo la b\u00fasqueda activa de los casos y la detecci\u00f3n temprana; afianzando las pautas de cuidado; el distanciamiento social inteligente; aplicando la vigilancia activa de los casos estrechos y los aislamientos focalizados\u201d, detall\u00f3.<\/div>\n<div dir=\"ltr\"><\/div>\n<div dir=\"ltr\">Se anunci\u00f3 tambi\u00e9n que, sujeto a la continuidad de la ca\u00edda de los casos positivos, en las pr\u00f3ximas semanas podr\u00edan extenderse las autorizaciones para que nuevas actividades en el Gran Buenos Aires.\u00a0Por otra parte, el gobernador remarc\u00f3 que \u201cgracias al esfuerzo formidable de la comunidad educativa, nunca se detuvieron las actividades pedag\u00f3gicas durante la pandemia\u201d. \u201cLa Provincia tiene realidades distintas: hoy tenemos 26 municipios con riesgo bajo en los que se est\u00e1n reanudando las clases presenciales, y otros 82 de riesgo medio en los que se pueden desarrollar actividades de revinculaci\u00f3n en espacios abiertos\u201d.<\/div>\n<div dir=\"ltr\"><\/div>\n<div dir=\"ltr\">En ese marco, Vila repas\u00f3 que \u201cel progresivo y paulatino regreso a la presencialidad hoy abarca a m\u00e1s de 10 mil estudiantes en encuentros de 90 minutos, con grupos que no superan los 10 estudiantes y con aulas que est\u00e1n ventiladas y bajo estrictos protocolos\u201d, en tanto que enfatiz\u00f3 que en el resto de la provincia \u201cla continuidad pedag\u00f3gica para todos los estudiantes sigue garantizada a partir de una modalidad no presencial\u201d.<\/div>\n<div dir=\"ltr\"><\/div>\n<div dir=\"ltr\">Asimismo, Kicillof se refiri\u00f3 a la llegada de una vacuna contra el coronavirus: \u201cHemos decidido que la vacuna no va a ser una mercanc\u00eda que se venda en la provincia de Buenos Aires. La salud es un derecho y por eso estamos dise\u00f1ando un plan provincial, p\u00fablico y gratuito de vacunaci\u00f3n contra el Covid\u201d, afirm\u00f3 al tiempo que destac\u00f3 \u201cel trabajo conjunto con el Gobierno Nacional para conseguir una vacuna segura, eficaz y en cantidades suficientes\u201d.\u00a0\u201cEstamos trabajando para comprar todas las vacunas que est\u00e9n autorizadas y registradas\u201d, afirm\u00f3 Gollan, y agreg\u00f3: \u201cVamos a estar preparados para llevar adelante un operativo gigantesco de vacunaci\u00f3n con un gran despliegue, cuando est\u00e9n disponibles\u201d.<\/div>\n<p>&nbsp;<\/p>\n<p>Fuente: Direcci\u00f3n de Comunicaci\u00f3n. Gobierno de la provincia de Buenos Aires.<\/p>\n","protected":false},"excerpt":{"rendered":"<p>NUEVA ETAPA DSPO. EL ANUNCIO DEL GOBERNADOR KICILLOF.<\/p>\n","protected":false},"author":4,"featured_media":7505,"comment_status":"open","ping_status":"open","sticky":false,"template":"","format":"standard","meta":{"footnotes":"","jetpack_publicize_message":"","jetpack_publicize_feature_enabled":true,"jetpack_social_post_already_shared":false,"jetpack_social_options":{"image_generator_settings":{"template":"highway","default_image_id":0,"font":"","enabled":false},"version":2}},"categories":[17],"tags":[752,478,1026],"class_list":["post-7504","post","type-post","status-publish","format-standard","has-post-thumbnail","hentry","category-politica","tag-covid","tag-kicillof","tag-nueva-etapa"],"jetpack_publicize_connections":[],"jetpack_featured_media_url":"https:\/\/revistaepocadigital.com.ar\/wp-content\/uploads\/2020\/11\/PHOTO-2020-11-06-20-18-37.jpg","jetpack_likes_enabled":true,"_links":{"self":[{"href":"https:\/\/revistaepocadigital.com.ar\/index.php?rest_route=\/wp\/v2\/posts\/7504","targetHints":{"allow":["GET"]}}],"collection":[{"href":"https:\/\/revistaepocadigital.com.ar\/index.php?rest_route=\/wp\/v2\/posts"}],"about":[{"href":"https:\/\/revistaepocadigital.com.ar\/index.php?rest_route=\/wp\/v2\/types\/post"}],"author":[{"embeddable":true,"href":"https:\/\/revistaepocadigital.com.ar\/index.php?rest_route=\/wp\/v2\/users\/4"}],"replies":[{"embeddable":true,"href":"https:\/\/revistaepocadigital.com.ar\/index.php?rest_route=%2Fwp%2Fv2%2Fcomments&post=7504"}],"version-history":[{"count":0,"href":"https:\/\/revistaepocadigital.com.ar\/index.php?rest_route=\/wp\/v2\/posts\/7504\/revisions"}],"wp:featuredmedia":[{"embeddable":true,"href":"https:\/\/revistaepocadigital.com.ar\/index.php?rest_route=\/wp\/v2\/media\/7505"}],"wp:attachment":[{"href":"https:\/\/revistaepocadigital.com.ar\/index.php?rest_route=%2Fwp%2Fv2%2Fmedia&parent=7504"}],"wp:term":[{"taxonomy":"category","embeddable":true,"href":"https:\/\/revistaepocadigital.com.ar\/index.php?rest_route=%2Fwp%2Fv2%2Fcategories&post=7504"},{"taxonomy":"post_tag","embeddable":true,"href":"https:\/\/revistaepocadigital.com.ar\/index.php?rest_route=%2Fwp%2Fv2%2Ftags&post=7504"}],"curies":[{"name":"wp","href":"https:\/\/api.w.org\/{rel}","templated":true}]}}