{"id":754,"date":"2018-12-10T16:48:08","date_gmt":"2018-12-10T19:48:08","guid":{"rendered":"https:\/\/revistaepocadigital.com.ar\/?p=754"},"modified":"2018-12-10T16:48:08","modified_gmt":"2018-12-10T19:48:08","slug":"mi-compromiso-con-el-frente-renovador-es-total","status":"publish","type":"post","link":"https:\/\/revistaepocadigital.com.ar\/?p=754","title":{"rendered":"&#8220;Mi compromiso con el Frente Renovador es total&#8221;"},"content":{"rendered":"<p><strong>HACE TIEMPO, RESULT\u00d3 UNA NOVEDAD EN EL AMBITO POLITICO.<\/strong> <!--more-->Te hablamos de los pasos resueltos por <strong>Horario Errazu<\/strong>, ex intendente, referente del <strong>Frente Renovador<\/strong>. Errazu como es sabido, lleg\u00f3 a un acuerdo con <strong>Fabi\u00e1n Mussi<\/strong> a modo que la agrupaci\u00f3n del justicialista, trabaje en conjunto con el Frente Renovador en Exaltaci\u00f3n de la Cruz, ante las elecciones de 2019 en las que Errazu presentar\u00e1 su candidatura a intendente.<\/p>\n<p><strong>-C\u00f3mo evoluciona su iniciativa pol\u00edtica en funci\u00f3n de 2019?<\/strong><br \/>\n<em>-Estamos recorriendo el distrito, charlando con los vecinos, algunos ya me conocen y otros es la primera vez que tengo la oportunidad de conocerlos. Fundamentalmente me encanta escuchar con el fin de conocer sus vivencias, y saber qu\u00e9 opini\u00f3n tienen del gobierno nacional, provincial y municipal. Y puedo asegurar que aprendo mucho de la opini\u00f3n que tiene la gente.<\/em><\/p>\n<figure id=\"attachment_759\" aria-describedby=\"caption-attachment-759\" style=\"width: 582px\" class=\"wp-caption aligncenter\"><img loading=\"lazy\" decoding=\"async\" class=\"size-full wp-image-759\" src=\"https:\/\/revistaepocadigital.com.ar\/wp-content\/uploads\/2018\/12\/erra18-1-1.jpg\" alt=\"\" width=\"582\" height=\"543\" \/><figcaption id=\"caption-attachment-759\" class=\"wp-caption-text\">El hombre del Frente Renovador, con otros representantes de la segunda secci\u00f3n electoral.<\/figcaption><\/figure>\n<p><strong>-Ante la estrategia resuelta, \u00bfseguir\u00e1 en el Frente Renovador?<\/strong><br \/>\n<em>-S\u00ed, mi compromiso con este proyecto es total, porque creo en lo que proponen Sergio Massa y su equipo.<\/em><\/p>\n<p><strong>-\u00bfQu\u00e9 rol ocupa Fabi\u00e1n Mussi?<\/strong><br \/>\n<em>-Fabi\u00e1n se sum\u00f3 con su agrupaci\u00f3n sin pedir nada a cambio, sin ning\u00fan cuestionamiento; la idea es sumar y aportar ideas, experiencia, trabajo. Compartimos aquello de que la prioridad n\u00famero uno es la gente, que se debe exigir honestidad de los funcionarios y apego a la gesti\u00f3n. Por otro lado, es uno de los tantos vecinos de Exaltaci\u00f3n de la Cruz que conocen a Sergio<\/em> (Massa)<strong>, d<\/strong>esde hace algunos a\u00f1os y adem\u00e1s est\u00e1 de acuerdo con lo que propone el Frente Renov<em>ador. En definitiva trabajamos a la par de cara al 2019,<\/em><em> y en el futuro supongo que ser\u00e1 igual.<\/em><\/p>\n","protected":false},"excerpt":{"rendered":"<p>HACE TIEMPO, RESULT\u00d3 UNA NOVEDAD EN EL AMBITO POLITICO.<\/p>\n","protected":false},"author":3,"featured_media":758,"comment_status":"open","ping_status":"open","sticky":false,"template":"","format":"standard","meta":{"footnotes":"","jetpack_publicize_message":"","jetpack_publicize_feature_enabled":true,"jetpack_social_post_already_shared":false,"jetpack_social_options":{"image_generator_settings":{"template":"highway","default_image_id":0,"font":"","enabled":false},"version":2}},"categories":[17],"tags":[37,43,46],"class_list":["post-754","post","type-post","status-publish","format-standard","has-post-thumbnail","hentry","category-politica","tag-destacada","tag-elecciones","tag-errazu"],"jetpack_publicize_connections":[],"jetpack_featured_media_url":"https:\/\/revistaepocadigital.com.ar\/wp-content\/uploads\/2018\/12\/erra-mussi-mass18-1.jpg","jetpack_likes_enabled":true,"_links":{"self":[{"href":"https:\/\/revistaepocadigital.com.ar\/index.php?rest_route=\/wp\/v2\/posts\/754","targetHints":{"allow":["GET"]}}],"collection":[{"href":"https:\/\/revistaepocadigital.com.ar\/index.php?rest_route=\/wp\/v2\/posts"}],"about":[{"href":"https:\/\/revistaepocadigital.com.ar\/index.php?rest_route=\/wp\/v2\/types\/post"}],"author":[{"embeddable":true,"href":"https:\/\/revistaepocadigital.com.ar\/index.php?rest_route=\/wp\/v2\/users\/3"}],"replies":[{"embeddable":true,"href":"https:\/\/revistaepocadigital.com.ar\/index.php?rest_route=%2Fwp%2Fv2%2Fcomments&post=754"}],"version-history":[{"count":0,"href":"https:\/\/revistaepocadigital.com.ar\/index.php?rest_route=\/wp\/v2\/posts\/754\/revisions"}],"wp:featuredmedia":[{"embeddable":true,"href":"https:\/\/revistaepocadigital.com.ar\/index.php?rest_route=\/wp\/v2\/media\/758"}],"wp:attachment":[{"href":"https:\/\/revistaepocadigital.com.ar\/index.php?rest_route=%2Fwp%2Fv2%2Fmedia&parent=754"}],"wp:term":[{"taxonomy":"category","embeddable":true,"href":"https:\/\/revistaepocadigital.com.ar\/index.php?rest_route=%2Fwp%2Fv2%2Fcategories&post=754"},{"taxonomy":"post_tag","embeddable":true,"href":"https:\/\/revistaepocadigital.com.ar\/index.php?rest_route=%2Fwp%2Fv2%2Ftags&post=754"}],"curies":[{"name":"wp","href":"https:\/\/api.w.org\/{rel}","templated":true}]}}