{"id":7575,"date":"2020-11-10T17:55:03","date_gmt":"2020-11-10T20:55:03","guid":{"rendered":"https:\/\/revistaepocadigital.com.ar\/?p=7575"},"modified":"2020-11-10T17:55:03","modified_gmt":"2020-11-10T20:55:03","slug":"gran-consternacion-por-la-muerte-de-dos-chicos-gemelos","status":"publish","type":"post","link":"https:\/\/revistaepocadigital.com.ar\/?p=7575","title":{"rendered":"GRAN CONSTERNACI\u00d3N POR LA MUERTE DE DOS CHICOS GEMELOS"},"content":{"rendered":"<div class=\"buofh1pr\">\n<div class=\"j83agx80 cbu4d94t ew0dbk1b irj2b8pg\">\n<div class=\"qzhwtbm6 knvmm38d\"><strong>EL DOLOR Y LA PESADUMBRE INVADI\u00d3 A LOS VECINOS DE CARDALES.<\/strong><\/div>\n<\/div>\n<\/div>\n<p><!--more--><\/p>\n<div class=\"\" dir=\"auto\">\n<div id=\"jsc_c_7z\" class=\"ecm0bbzt hv4rvrfc ihqw7lf3 dati1w0a\" data-ad-comet-preview=\"message\" data-ad-preview=\"message\">\n<div class=\"j83agx80 cbu4d94t ew0dbk1b irj2b8pg\">\n<div class=\"qzhwtbm6 knvmm38d\">\n<div class=\"kvgmc6g5 cxmmr5t8 oygrvhab hcukyx3x c1et5uql ii04i59q\">\n<div dir=\"auto\">El pasado lunes (9\/11), se produjo la tr\u00e1gica muerte de los chiquitos gemelos, al parecer debido a que se habr\u00edan ahogado en una pileta de nataci\u00f3n. El informe policial difundido por el Diario de la Ma\u00f1ana indic\u00f3:<\/div>\n<div dir=\"auto\"><\/div>\n<div dir=\"auto\"><em>&#8220;En el dia de ayer (9\/11), siendo aproximadamente 17.00 horas, se toma conocimiento a ra\u00edz de llamado telef\u00f3nico del Hospital San Jos\u00e9 de Capilla del Se\u00f1or, del ingreso a dicho nosocomio de 2 menores de edad sin vida, los cuales se habr\u00edan ahogado en una pileta de nataci\u00f3n<\/em>&#8220;, inici\u00f3 mencionado el informe.<\/div>\n<div dir=\"auto\"><\/div>\n<div dir=\"auto\">Luego se agreg\u00f3:<em> &#8220;Posteriormente personal policial se logr\u00f3 determinar que siendo aproximadamente las 15 horas, en momentos que la progenitora de los menores, se encontraba en su vivienda, ubicada en el complejo de caba\u00f1as La Querencia, sito en calle 20 de Junio de Los Cardales, se percata de la ausencia de los dos menores, los cuales se encontraban jugando en el patio de su vivienda, por lo que comienza a buscarlos junto a vecinos del lugar, hasta que en un momento encuentran a los dos nenes ahogados en la pileta de nataci\u00f3n de la casa quinta lindera al complejo, la cual se encontraba en esos momentos sin moradores&#8221;<\/em><\/div>\n<div dir=\"auto\"><\/div>\n<div dir=\"auto\">Mas adelante la polic\u00eda consign\u00f3 que <em>&#8220;ante ello trasladan a los chiquitos a la Sala de Primeros Auxilios de Los Cardales, siendo derivados al Hospital San Jos\u00e9, de Capilla del Se\u00f1or, donde ingresan sin signos vitales&#8221;.<\/em><\/div>\n<div dir=\"auto\"><\/div>\n<div dir=\"auto\">Ante lo sucedido &#8220;<em>se hizo presente en el lugar del hecho Instructor Judicial de la Unidad Funcional de Instrucci\u00f3n y Juicio Descentralizada de Exaltaci\u00f3n de la Cruz, instruy\u00e9ndose actuaciones caratuladas Averiguaciones Causales de Muerte en el Comando de Patrulla Rural de Exaltaci\u00f3n de la Cruz, con intervenci\u00f3n de dicha Fiscal\u00eda&#8221;.<\/em><\/div>\n<\/div>\n<\/div>\n<\/div>\n<\/div>\n<\/div>\n<div dir=\"auto\"><\/div>\n<div dir=\"auto\">Ante lo inmensa irreparable ocurrido, el pesar de la comunidad cardalense se volvi\u00f3 a reflejar. Una devastadora tragedia.<\/div>\n<div dir=\"auto\"><\/div>\n<div class=\"\" dir=\"auto\">\n<div id=\"jsc_c_7z\" class=\"ecm0bbzt hv4rvrfc ihqw7lf3 dati1w0a\" data-ad-comet-preview=\"message\" data-ad-preview=\"message\">\n<div class=\"j83agx80 cbu4d94t ew0dbk1b irj2b8pg\">\n<div class=\"qzhwtbm6 knvmm38d\">\n<div dir=\"auto\"><\/div>\n<div class=\"kvgmc6g5 cxmmr5t8 oygrvhab hcukyx3x c1et5uql ii04i59q\">\n<div dir=\"auto\">Foto portada: gentileza FM Boreal Multimedia.<\/div>\n<\/div>\n<\/div>\n<\/div>\n<\/div>\n<\/div>\n","protected":false},"excerpt":{"rendered":"<p>EL DOLOR Y LA PESADUMBRE INVADI\u00d3 A LOS VECINOS DE CARDALES.<\/p>\n","protected":false},"author":3,"featured_media":7576,"comment_status":"open","ping_status":"open","sticky":false,"template":"","format":"standard","meta":{"footnotes":"","jetpack_publicize_message":"","jetpack_publicize_feature_enabled":true,"jetpack_social_post_already_shared":false,"jetpack_social_options":{"image_generator_settings":{"template":"highway","default_image_id":0,"font":"","enabled":false},"version":2}},"categories":[4],"tags":[423,1040],"class_list":["post-7575","post","type-post","status-publish","format-standard","has-post-thumbnail","hentry","category-aqui-los-cardales","tag-cardales","tag-tragecia"],"jetpack_publicize_connections":[],"jetpack_featured_media_url":"https:\/\/revistaepocadigital.com.ar\/wp-content\/uploads\/2020\/11\/patru.jpg","jetpack_likes_enabled":true,"_links":{"self":[{"href":"https:\/\/revistaepocadigital.com.ar\/index.php?rest_route=\/wp\/v2\/posts\/7575","targetHints":{"allow":["GET"]}}],"collection":[{"href":"https:\/\/revistaepocadigital.com.ar\/index.php?rest_route=\/wp\/v2\/posts"}],"about":[{"href":"https:\/\/revistaepocadigital.com.ar\/index.php?rest_route=\/wp\/v2\/types\/post"}],"author":[{"embeddable":true,"href":"https:\/\/revistaepocadigital.com.ar\/index.php?rest_route=\/wp\/v2\/users\/3"}],"replies":[{"embeddable":true,"href":"https:\/\/revistaepocadigital.com.ar\/index.php?rest_route=%2Fwp%2Fv2%2Fcomments&post=7575"}],"version-history":[{"count":0,"href":"https:\/\/revistaepocadigital.com.ar\/index.php?rest_route=\/wp\/v2\/posts\/7575\/revisions"}],"wp:featuredmedia":[{"embeddable":true,"href":"https:\/\/revistaepocadigital.com.ar\/index.php?rest_route=\/wp\/v2\/media\/7576"}],"wp:attachment":[{"href":"https:\/\/revistaepocadigital.com.ar\/index.php?rest_route=%2Fwp%2Fv2%2Fmedia&parent=7575"}],"wp:term":[{"taxonomy":"category","embeddable":true,"href":"https:\/\/revistaepocadigital.com.ar\/index.php?rest_route=%2Fwp%2Fv2%2Fcategories&post=7575"},{"taxonomy":"post_tag","embeddable":true,"href":"https:\/\/revistaepocadigital.com.ar\/index.php?rest_route=%2Fwp%2Fv2%2Ftags&post=7575"}],"curies":[{"name":"wp","href":"https:\/\/api.w.org\/{rel}","templated":true}]}}