{"id":7582,"date":"2020-11-12T00:46:47","date_gmt":"2020-11-12T03:46:47","guid":{"rendered":"https:\/\/revistaepocadigital.com.ar\/?p=7582"},"modified":"2020-11-12T00:46:47","modified_gmt":"2020-11-12T03:46:47","slug":"se-hace-camino-de-circunvalacion-al-andar","status":"publish","type":"post","link":"https:\/\/revistaepocadigital.com.ar\/?p=7582","title":{"rendered":"SE HACE CAMINO DE CIRCUNVALACI\u00d3N AL ANDAR"},"content":{"rendered":"<div class=\"\" dir=\"auto\">\n<div id=\"jsc_c_2wq\" class=\"ecm0bbzt hv4rvrfc ihqw7lf3 dati1w0a\" data-ad-comet-preview=\"message\" data-ad-preview=\"message\">\n<div class=\"j83agx80 cbu4d94t ew0dbk1b irj2b8pg\">\n<div class=\"qzhwtbm6 knvmm38d\">\n<div class=\"kvgmc6g5 cxmmr5t8 oygrvhab hcukyx3x c1et5uql ii04i59q\">\n<div dir=\"auto\"><strong>EL INTENDENTE NANNI ACORD\u00d3 UN CONVENIO CON VIALIDAD.<!--more--><\/strong><\/div>\n<div dir=\"auto\"><\/div>\n<div dir=\"auto\">La obra implica una inversi\u00f3n millonaria. Nanni firm\u00f3 (10-11) un convenio con Vialidad Nacional para la realizaci\u00f3n de una obra que demandar\u00e1 una inversi\u00f3n de 200 millones de pesos en su primera etapa.<\/div>\n<div dir=\"auto\"><\/div>\n<\/div>\n<div class=\"o9v6fnle cxmmr5t8 oygrvhab hcukyx3x c1et5uql ii04i59q\">\n<div dir=\"auto\">Se trata del tan anhelado y necesario <strong>Camino de Circunvalaci\u00f3n<\/strong>, proyecto de larga data, que permitir\u00e1 eliminar el tr\u00e1nsito pesado del centro de Capilla del Se\u00f1or, as\u00ed como tambi\u00e9n evitar el paso de camiones por los ingresos y zonas urbanas.<\/div>\n<div dir=\"auto\"><\/div>\n<\/div>\n<div class=\"o9v6fnle cxmmr5t8 oygrvhab hcukyx3x c1et5uql ii04i59q\">\n<div dir=\"auto\">El acuerdo lo rubricaron el Administrador de Vialidad Nacional, Gustavo Arrieta y el jefe comunal, por un total de 200 millones que comenzar\u00e1n a desembolsarse por tramos, conforme al avance de las obras.<\/div>\n<\/div>\n<div class=\"o9v6fnle cxmmr5t8 oygrvhab hcukyx3x c1et5uql ii04i59q\">\n<div dir=\"auto\"><\/div>\n<div dir=\"auto\"><strong>\u00bfDe que se trata la obra?<\/strong>. <strong>Va a unir el paso a nivel de Arroyo de la Cruz hasta Villa Taurel,<\/strong> incluyendo la pavimentaci\u00f3n de todo ese recorrido. Luego, en una segunda etapa, se vincular\u00e1 ese sector con el \u201c<em>camino a las dos hermanas\u201d.<\/em><\/div>\n<div dir=\"auto\"><\/div>\n<\/div>\n<div class=\"o9v6fnle cxmmr5t8 oygrvhab hcukyx3x c1et5uql ii04i59q\">\n<div dir=\"auto\">Cabe destacar que, de manera complementaria, los trabajos servir\u00e1n como muro contenedor del <strong>Arroyo de la Cruz,<\/strong> para eventuales crecidas que pudieran producirse, protegiendo la zona baja de Capilla del Se\u00f1or.<\/div>\n<\/div>\n<\/div>\n<\/div>\n<\/div>\n<\/div>\n<div id=\"jsc_c_2wr\" class=\"l9j0dhe7\">\n<div class=\"l9j0dhe7\">\n<div><\/div>\n<\/div>\n<\/div>\n","protected":false},"excerpt":{"rendered":"<p>EL INTENDENTE NANNI ACORD\u00d3 UN CONVENIO CON VIALIDAD.<\/p>\n","protected":false},"author":3,"featured_media":7585,"comment_status":"open","ping_status":"open","sticky":false,"template":"","format":"standard","meta":{"footnotes":"","jetpack_publicize_message":"","jetpack_publicize_feature_enabled":true,"jetpack_social_post_already_shared":false,"jetpack_social_options":{"image_generator_settings":{"template":"highway","default_image_id":0,"font":"","enabled":false},"version":2}},"categories":[17],"tags":[1041,726,1042],"class_list":["post-7582","post","type-post","status-publish","format-standard","has-post-thumbnail","hentry","category-politica","tag-camino-de-circunavalacion","tag-convenio","tag-inversion"],"jetpack_publicize_connections":[],"jetpack_featured_media_url":"https:\/\/revistaepocadigital.com.ar\/wp-content\/uploads\/2020\/11\/nanni-vialid-20.jpg","jetpack_likes_enabled":true,"_links":{"self":[{"href":"https:\/\/revistaepocadigital.com.ar\/index.php?rest_route=\/wp\/v2\/posts\/7582","targetHints":{"allow":["GET"]}}],"collection":[{"href":"https:\/\/revistaepocadigital.com.ar\/index.php?rest_route=\/wp\/v2\/posts"}],"about":[{"href":"https:\/\/revistaepocadigital.com.ar\/index.php?rest_route=\/wp\/v2\/types\/post"}],"author":[{"embeddable":true,"href":"https:\/\/revistaepocadigital.com.ar\/index.php?rest_route=\/wp\/v2\/users\/3"}],"replies":[{"embeddable":true,"href":"https:\/\/revistaepocadigital.com.ar\/index.php?rest_route=%2Fwp%2Fv2%2Fcomments&post=7582"}],"version-history":[{"count":0,"href":"https:\/\/revistaepocadigital.com.ar\/index.php?rest_route=\/wp\/v2\/posts\/7582\/revisions"}],"wp:featuredmedia":[{"embeddable":true,"href":"https:\/\/revistaepocadigital.com.ar\/index.php?rest_route=\/wp\/v2\/media\/7585"}],"wp:attachment":[{"href":"https:\/\/revistaepocadigital.com.ar\/index.php?rest_route=%2Fwp%2Fv2%2Fmedia&parent=7582"}],"wp:term":[{"taxonomy":"category","embeddable":true,"href":"https:\/\/revistaepocadigital.com.ar\/index.php?rest_route=%2Fwp%2Fv2%2Fcategories&post=7582"},{"taxonomy":"post_tag","embeddable":true,"href":"https:\/\/revistaepocadigital.com.ar\/index.php?rest_route=%2Fwp%2Fv2%2Ftags&post=7582"}],"curies":[{"name":"wp","href":"https:\/\/api.w.org\/{rel}","templated":true}]}}