{"id":762,"date":"2018-12-10T07:58:53","date_gmt":"2018-12-10T10:58:53","guid":{"rendered":"https:\/\/revistaepocadigital.com.ar\/?p=762"},"modified":"2018-12-10T07:58:53","modified_gmt":"2018-12-10T10:58:53","slug":"proyecto-para-eliminar-multas-de-ioma-a-municipios-bonaerenses","status":"publish","type":"post","link":"https:\/\/revistaepocadigital.com.ar\/?p=762","title":{"rendered":"Proyecto para eliminar multas de IOMA a municipios bonaerenses"},"content":{"rendered":"<p class=\"yiv5567666857MsoNormal\"><strong>MODIFICACIONES EN LA PRESTACI\u00d3N.<\/strong><br \/>\n<!--more--><\/p>\n<p class=\"yiv5567666857MsoNormal\">Un proyecto de ley del diputado <strong>Federico Otermin<\/strong> establece la eliminaci\u00f3n de la multa cobrada por IOMA (Instituto Obra M\u00e9dico Asistencial) a los <strong>municipios de la provincia de Buenos Aires<\/strong> por la demora en la presentaci\u00f3n de la declaraci\u00f3n jurada prevista en el art\u00edculo 14 inciso b) de la Ley 6.982, por considerarla <em>&#8220;excesiva&#8221;<\/em>.<\/p>\n<p class=\"yiv5567666857MsoNormal\">Por otra parte, mantiene la obligatoriedad de la presentaci\u00f3n de la declaraci\u00f3n jurada que contenga la n\u00f3mina de afiliados, sus remuneraciones, y los aportes y contribuciones correspondientes. La norma fue girada al Senado para continuar con su tratamiento.<\/p>\n<p>Foto: Prensa C\u00e1mara de Diputados, prov. de Buenos Aires<\/p>\n","protected":false},"excerpt":{"rendered":"<p>MODIFICACIONES EN LA PRESTACI\u00d3N.<\/p>\n","protected":false},"author":3,"featured_media":764,"comment_status":"open","ping_status":"open","sticky":false,"template":"","format":"standard","meta":{"footnotes":"","jetpack_publicize_message":"","jetpack_publicize_feature_enabled":true,"jetpack_social_post_already_shared":false,"jetpack_social_options":{"image_generator_settings":{"template":"highway","default_image_id":0,"font":"","enabled":false},"version":2}},"categories":[16],"tags":[37,38],"class_list":["post-762","post","type-post","status-publish","format-standard","has-post-thumbnail","hentry","category-municipales","tag-destacada","tag-diputados-prov-bs-as"],"jetpack_publicize_connections":[],"jetpack_featured_media_url":"https:\/\/revistaepocadigital.com.ar\/wp-content\/uploads\/2018\/12\/OTERMIN-1.jpeg","jetpack_likes_enabled":true,"_links":{"self":[{"href":"https:\/\/revistaepocadigital.com.ar\/index.php?rest_route=\/wp\/v2\/posts\/762","targetHints":{"allow":["GET"]}}],"collection":[{"href":"https:\/\/revistaepocadigital.com.ar\/index.php?rest_route=\/wp\/v2\/posts"}],"about":[{"href":"https:\/\/revistaepocadigital.com.ar\/index.php?rest_route=\/wp\/v2\/types\/post"}],"author":[{"embeddable":true,"href":"https:\/\/revistaepocadigital.com.ar\/index.php?rest_route=\/wp\/v2\/users\/3"}],"replies":[{"embeddable":true,"href":"https:\/\/revistaepocadigital.com.ar\/index.php?rest_route=%2Fwp%2Fv2%2Fcomments&post=762"}],"version-history":[{"count":0,"href":"https:\/\/revistaepocadigital.com.ar\/index.php?rest_route=\/wp\/v2\/posts\/762\/revisions"}],"wp:featuredmedia":[{"embeddable":true,"href":"https:\/\/revistaepocadigital.com.ar\/index.php?rest_route=\/wp\/v2\/media\/764"}],"wp:attachment":[{"href":"https:\/\/revistaepocadigital.com.ar\/index.php?rest_route=%2Fwp%2Fv2%2Fmedia&parent=762"}],"wp:term":[{"taxonomy":"category","embeddable":true,"href":"https:\/\/revistaepocadigital.com.ar\/index.php?rest_route=%2Fwp%2Fv2%2Fcategories&post=762"},{"taxonomy":"post_tag","embeddable":true,"href":"https:\/\/revistaepocadigital.com.ar\/index.php?rest_route=%2Fwp%2Fv2%2Ftags&post=762"}],"curies":[{"name":"wp","href":"https:\/\/api.w.org\/{rel}","templated":true}]}}