{"id":7637,"date":"2020-11-14T01:10:36","date_gmt":"2020-11-14T04:10:36","guid":{"rendered":"https:\/\/revistaepocadigital.com.ar\/?p=7637"},"modified":"2020-11-19T01:21:37","modified_gmt":"2020-11-19T04:21:37","slug":"ara-san-juan-viven-en-los-corazones-argentinos","status":"publish","type":"post","link":"https:\/\/revistaepocadigital.com.ar\/?p=7637","title":{"rendered":"ARA SAN JUAN: \u00a1VIVEN EN LOS CORAZONES ARGENTINOS!"},"content":{"rendered":"<div class=\"\" dir=\"auto\">\n<div id=\"jsc_c_8x\" class=\"ecm0bbzt hv4rvrfc ihqw7lf3 dati1w0a\" data-ad-comet-preview=\"message\" data-ad-preview=\"message\">\n<div class=\"j83agx80 cbu4d94t ew0dbk1b irj2b8pg\">\n<div class=\"qzhwtbm6 knvmm38d\">\n<div class=\"kvgmc6g5 cxmmr5t8 oygrvhab hcukyx3x c1et5uql ii04i59q\">\n<div dir=\"auto\"><strong>TRES A\u00d1OS DE DOLOR.<!--more--><\/strong><\/div>\n<\/div>\n<div class=\"o9v6fnle cxmmr5t8 oygrvhab hcukyx3x c1et5uql ii04i59q\">\n<div dir=\"auto\">Al cumplirse tres a\u00f1os de los hechos que derivaron en la tragedia del submarino ARA San Juan, el devastador episodio fue recordado con actos en distintos puntos. El central tuvo lugar en la Base Naval de Mar del Plata, donde el ministro de Defensa Rossi entreg\u00f3 reconocimientos a familiares de los submarinistas ca\u00eddos en el mar argentino.<\/div>\n<div dir=\"auto\"><\/div>\n<div dir=\"auto\">Desde el municipio local tambien adhirieron a la conmemoraci\u00f3n, que renov\u00f3 la tristeza y dolor. &#8220;Enviamos nuestro respetuoso reconocimiento a las familias que perdieron a sus seres queridos en este suceso&#8221;, difundieron desde la comuna.<\/div>\n<div dir=\"auto\"><\/div>\n<\/div>\n<\/div>\n<div dir=\"auto\"><img loading=\"lazy\" decoding=\"async\" class=\"aligncenter size-full wp-image-7639\" src=\"https:\/\/revistaepocadigital.com.ar\/wp-content\/uploads\/2020\/11\/AR.jpg\" alt=\"\" width=\"843\" height=\"843\" srcset=\"https:\/\/revistaepocadigital.com.ar\/wp-content\/uploads\/2020\/11\/AR.jpg 843w, https:\/\/revistaepocadigital.com.ar\/wp-content\/uploads\/2020\/11\/AR-300x300.jpg 300w, https:\/\/revistaepocadigital.com.ar\/wp-content\/uploads\/2020\/11\/AR-150x150.jpg 150w, https:\/\/revistaepocadigital.com.ar\/wp-content\/uploads\/2020\/11\/AR-768x768.jpg 768w, https:\/\/revistaepocadigital.com.ar\/wp-content\/uploads\/2020\/11\/AR-696x696.jpg 696w, https:\/\/revistaepocadigital.com.ar\/wp-content\/uploads\/2020\/11\/AR-420x420.jpg 420w, https:\/\/revistaepocadigital.com.ar\/wp-content\/uploads\/2020\/11\/AR-840x840.jpg 840w\" sizes=\"auto, (max-width: 843px) 100vw, 843px\" \/><\/div>\n<div class=\"qzhwtbm6 knvmm38d\">\n<div class=\"o9v6fnle cxmmr5t8 oygrvhab hcukyx3x c1et5uql ii04i59q\">\n<div dir=\"auto\"><\/div>\n<div dir=\"auto\">En Exaltaci\u00f3n de la Cruz, fue evocado en especial, la memoria del vecino<strong> Luis Niz,<\/strong> quien formara parte de la tripulaci\u00f3n de submarino,<\/div>\n<div dir=\"auto\"><\/div>\n<\/div>\n<div class=\"o9v6fnle cxmmr5t8 oygrvhab hcukyx3x c1et5uql ii04i59q\">\n<div dir=\"auto\">A tres a\u00f1os del luctuoso hecho, se celebraron actos y misas en el pa\u00eds. En Capilla del Se\u00f1or, en la iglesia, el oficio religioso estuvo encabezado por el intendente local, Diego Nanni.<\/div>\n<\/div>\n<\/div>\n<\/div>\n<\/div>\n<\/div>\n<p>&nbsp;<\/p>\n","protected":false},"excerpt":{"rendered":"<p>TRES A\u00d1OS DE DOLOR.<\/p>\n","protected":false},"author":4,"featured_media":7708,"comment_status":"open","ping_status":"open","sticky":false,"template":"","format":"standard","meta":{"footnotes":"","jetpack_publicize_message":"","jetpack_publicize_feature_enabled":true,"jetpack_social_post_already_shared":false,"jetpack_social_options":{"image_generator_settings":{"template":"highway","default_image_id":0,"font":"","enabled":false},"version":2}},"categories":[15,17],"tags":[223,1058],"class_list":["post-7637","post","type-post","status-publish","format-standard","has-post-thumbnail","hentry","category-lo-que-tenes-que-saber","category-politica","tag-ara-san-juan","tag-tres-anos"],"jetpack_publicize_connections":[],"jetpack_featured_media_url":"https:\/\/revistaepocadigital.com.ar\/wp-content\/uploads\/2020\/11\/ara.jpg","jetpack_likes_enabled":true,"_links":{"self":[{"href":"https:\/\/revistaepocadigital.com.ar\/index.php?rest_route=\/wp\/v2\/posts\/7637","targetHints":{"allow":["GET"]}}],"collection":[{"href":"https:\/\/revistaepocadigital.com.ar\/index.php?rest_route=\/wp\/v2\/posts"}],"about":[{"href":"https:\/\/revistaepocadigital.com.ar\/index.php?rest_route=\/wp\/v2\/types\/post"}],"author":[{"embeddable":true,"href":"https:\/\/revistaepocadigital.com.ar\/index.php?rest_route=\/wp\/v2\/users\/4"}],"replies":[{"embeddable":true,"href":"https:\/\/revistaepocadigital.com.ar\/index.php?rest_route=%2Fwp%2Fv2%2Fcomments&post=7637"}],"version-history":[{"count":0,"href":"https:\/\/revistaepocadigital.com.ar\/index.php?rest_route=\/wp\/v2\/posts\/7637\/revisions"}],"wp:featuredmedia":[{"embeddable":true,"href":"https:\/\/revistaepocadigital.com.ar\/index.php?rest_route=\/wp\/v2\/media\/7708"}],"wp:attachment":[{"href":"https:\/\/revistaepocadigital.com.ar\/index.php?rest_route=%2Fwp%2Fv2%2Fmedia&parent=7637"}],"wp:term":[{"taxonomy":"category","embeddable":true,"href":"https:\/\/revistaepocadigital.com.ar\/index.php?rest_route=%2Fwp%2Fv2%2Fcategories&post=7637"},{"taxonomy":"post_tag","embeddable":true,"href":"https:\/\/revistaepocadigital.com.ar\/index.php?rest_route=%2Fwp%2Fv2%2Ftags&post=7637"}],"curies":[{"name":"wp","href":"https:\/\/api.w.org\/{rel}","templated":true}]}}