{"id":7649,"date":"2020-11-19T01:49:36","date_gmt":"2020-11-19T04:49:36","guid":{"rendered":"https:\/\/revistaepocadigital.com.ar\/?p=7649"},"modified":"2020-11-19T01:49:36","modified_gmt":"2020-11-19T04:49:36","slug":"no-queremos-villas-en-exaltacion-de-la-cruz","status":"publish","type":"post","link":"https:\/\/revistaepocadigital.com.ar\/?p=7649","title":{"rendered":"&#8220;No queremos villas en Exaltaci\u00f3n de la Cruz&#8221;"},"content":{"rendered":"<div class=\"\" dir=\"auto\">\n<div id=\"jsc_c_f7\" class=\"ecm0bbzt hv4rvrfc ihqw7lf3 dati1w0a\" data-ad-comet-preview=\"message\" data-ad-preview=\"message\">\n<div class=\"j83agx80 cbu4d94t ew0dbk1b irj2b8pg\">\n<div class=\"qzhwtbm6 knvmm38d\">\n<div class=\"kvgmc6g5 cxmmr5t8 oygrvhab hcukyx3x c1et5uql ii04i59q\">\n<div dir=\"auto\"><strong>NANNI CON EL GOBERNADOR. TURISMO, SEGURIDAD, VIVIENDA Y TRABAJO.<!--more--><\/strong><\/div>\n<div dir=\"auto\"><\/div>\n<\/div>\n<div class=\"o9v6fnle cxmmr5t8 oygrvhab hcukyx3x c1et5uql ii04i59q\">\n<div dir=\"auto\">El intendente Diego Nanni mantuvo hace unos d\u00edas, una nueva reuni\u00f3n con el gobernador de la provincia de Buenos Aires, Axel Kicillof, con quien se muestra en sinton\u00eda lo que lleva a contactos, di\u00e1logos y gestiones asiduas. En el terreno pol\u00edtico incluso, se han deslizado incipientes versiones, en torno al futuro pol\u00edtico del intendente exaltacruce\u00f1os quien, centralizado en su gesti\u00f3n municipal, m\u00e1s a\u00fan en un a\u00f1o sumamente complejo como 2020, tambi\u00e9n trabaja en el terrrenoo pol\u00edtico partidario.<\/div>\n<div dir=\"auto\"><\/div>\n<div dir=\"auto\">Durante el mencionado encuentro, al que adem\u00e1s asistieron el Jefe de Gabinete de Ministros Carlos Bianco, y la titular de la cartera de Gobierno, Teresa Garc\u00eda; Kicillof y Nanni repasaron la situaci\u00f3n por la pandemia, y la estrategia local de Salud, que permiti\u00f3 evitar el colapso del sistema sanitario. A la vez, se evalu\u00f3 el escenario una vez llegada la vacuna contra el Covid-19.<\/div>\n<div dir=\"auto\"><\/div>\n<\/div>\n<div class=\"o9v6fnle cxmmr5t8 oygrvhab hcukyx3x c1et5uql ii04i59q\">\n<div dir=\"auto\">La discusi\u00f3n no result\u00f3 casual: Exaltaci\u00f3n de la Cruz se prepara este verano para recibir una importante cantidad de visitas tur\u00edsticas, a casasquintas, y viviendas en barrios, tema que amerita prestar suma atenci\u00f3n m\u00e1s a\u00fan en los tiempos que se transitan, en primera medida por las cuestiones que hacen al Covid-19 plante\u00e1ndose estrategias para evitar contagios y adem\u00e1s,\u00a0 entre otros de suma importancia, aspectos que hacen a la seguridad.<\/div>\n<div dir=\"auto\"><\/div>\n<\/div>\n<div class=\"o9v6fnle cxmmr5t8 oygrvhab hcukyx3x c1et5uql ii04i59q\">\n<div dir=\"auto\">En consecuencia, este a\u00f1o el distrito ser\u00e1 incluido dentro del <strong>Operativo Sol<\/strong>, luego de una serie de gestiones de Nanni ante el ministro de Seguridad Sergio Berni. La idea es contar con m\u00e1s personal y m\u00e1s m\u00f3viles para el cuidado de los vecinos.<\/div>\n<div dir=\"auto\"><\/div>\n<\/div>\n<div class=\"o9v6fnle cxmmr5t8 oygrvhab hcukyx3x c1et5uql ii04i59q\">\n<div dir=\"auto\">En materia de vivienda, desde el municipio elev\u00f3 a la Provincia el pedido de desarrollar lotes con servicios en tierras que dispone el municipio, que puedan luego ser aptos para la construcci\u00f3n de unidades habitacionales y paliar el d\u00e9ficit local en esta materia. Una consideraci\u00f3n que tambi\u00e9n, s<strong>e debe seguir muy de cerca, para evitar situaciones<\/strong> y controversias serias. De ah\u00ed que los controles estrictos en torno a que las personas, familias, que puedan contar con una vivienda, realmente <strong>cumplan con todos los requisitos y en particular, residan en Exaltaci\u00f3n de la Cruz.<\/strong><\/div>\n<\/div>\n<\/div>\n<\/div>\n<\/div>\n<\/div>\n<p><!--more--><\/p>\n<p>La problem\u00e1tica seria en materia de faltas de viviendas en todo el pa\u00eds, debe ser atendida e impulsada desde el gobierno, para paliar tama\u00f1o d\u00e9ficit. Desde ya, con procedimientos y mecanismos claros y justos, que deriven en que aquellos que puedan resultar beneficiados, cumplan con las estipulaciones y no existan en el medio intereses pol\u00edticos ni influencias. Vecinos que han conocido los planes en materia de viviendas, han deslizado a EPOCA su marcada preocupaci\u00f3n,<em> &#8220;no queremos que llenen de villas a Exaltaci\u00f3n de la Cruz. Lugares llenos de pobrezas, traen robos y violencias a un distrito rural y bastante tranquilo hasta ahora como el nuestro. No queremos padecer en Exaltaci\u00f3n de la Cruz, lo que se vive en otros partidos del Gran Buenos Aires&#8221;.<\/em><\/p>\n<div id=\"jsc_c_f8\" class=\"l9j0dhe7\">\n<div class=\"l9j0dhe7\">\n<div class=\"l9j0dhe7\">\n<div class=\"l9j0dhe7\">\n<div class=\"ni8dbmo4 stjgntxs pmk7jnqg\">\n<div class=\"ecm0bbzt e5nlhep0 a8c37x1j\">\n<div class=\"kvgmc6g5 cxmmr5t8 oygrvhab hcukyx3x c1et5uql\">\n<div dir=\"auto\">Otro aspecto de suma sensibilidad, como es la generaci\u00f3n de empleos a partir del escenario de la \u201cnueva normalidad\u201d que se plantea en la etapa del DISPO, y despu\u00e9s de la llegada de la vacuna, tambi\u00e9n fue abordado por el gobernador y el intendente.<\/div>\n<\/div>\n<\/div>\n<\/div>\n<\/div>\n<\/div>\n<\/div>\n<\/div>\n","protected":false},"excerpt":{"rendered":"<p>NANNI CON EL GOBERNADOR. TURISMO, SEGURIDAD, VIVIENDA Y TRABAJO.<\/p>\n","protected":false},"author":4,"featured_media":7650,"comment_status":"open","ping_status":"open","sticky":false,"template":"","format":"standard","meta":{"footnotes":"","jetpack_publicize_message":"","jetpack_publicize_feature_enabled":true,"jetpack_social_post_already_shared":false,"jetpack_social_options":{"image_generator_settings":{"template":"highway","default_image_id":0,"font":"","enabled":false},"version":2}},"categories":[17],"tags":[776,525,470,1059],"class_list":["post-7649","post","type-post","status-publish","format-standard","has-post-thumbnail","hentry","category-politica","tag-gobernador","tag-intendente","tag-medidas","tag-planes"],"jetpack_publicize_connections":[],"jetpack_featured_media_url":"https:\/\/revistaepocadigital.com.ar\/wp-content\/uploads\/2020\/11\/NANI-KICI-2O-TURISJO.jpg","jetpack_likes_enabled":true,"_links":{"self":[{"href":"https:\/\/revistaepocadigital.com.ar\/index.php?rest_route=\/wp\/v2\/posts\/7649","targetHints":{"allow":["GET"]}}],"collection":[{"href":"https:\/\/revistaepocadigital.com.ar\/index.php?rest_route=\/wp\/v2\/posts"}],"about":[{"href":"https:\/\/revistaepocadigital.com.ar\/index.php?rest_route=\/wp\/v2\/types\/post"}],"author":[{"embeddable":true,"href":"https:\/\/revistaepocadigital.com.ar\/index.php?rest_route=\/wp\/v2\/users\/4"}],"replies":[{"embeddable":true,"href":"https:\/\/revistaepocadigital.com.ar\/index.php?rest_route=%2Fwp%2Fv2%2Fcomments&post=7649"}],"version-history":[{"count":0,"href":"https:\/\/revistaepocadigital.com.ar\/index.php?rest_route=\/wp\/v2\/posts\/7649\/revisions"}],"wp:featuredmedia":[{"embeddable":true,"href":"https:\/\/revistaepocadigital.com.ar\/index.php?rest_route=\/wp\/v2\/media\/7650"}],"wp:attachment":[{"href":"https:\/\/revistaepocadigital.com.ar\/index.php?rest_route=%2Fwp%2Fv2%2Fmedia&parent=7649"}],"wp:term":[{"taxonomy":"category","embeddable":true,"href":"https:\/\/revistaepocadigital.com.ar\/index.php?rest_route=%2Fwp%2Fv2%2Fcategories&post=7649"},{"taxonomy":"post_tag","embeddable":true,"href":"https:\/\/revistaepocadigital.com.ar\/index.php?rest_route=%2Fwp%2Fv2%2Ftags&post=7649"}],"curies":[{"name":"wp","href":"https:\/\/api.w.org\/{rel}","templated":true}]}}