{"id":765,"date":"2018-12-12T15:37:32","date_gmt":"2018-12-12T18:37:32","guid":{"rendered":"https:\/\/revistaepocadigital.com.ar\/?p=765"},"modified":"2018-12-12T15:37:32","modified_gmt":"2018-12-12T18:37:32","slug":"35-anos-de-democracia","status":"publish","type":"post","link":"https:\/\/revistaepocadigital.com.ar\/?p=765","title":{"rendered":"35 a\u00f1os de democracia"},"content":{"rendered":"<p><strong>SE CUMPLIERON<\/strong>. Un logro, aquella memorable recuperacion del sistema que nunca debi\u00f3 perderse en la Argentina.<!--more--><\/p>\n<p>35 a\u00f1os que se iniciaron con el recordado gobierno radical liderado por <strong>Ra\u00fal Alfonsin.<\/strong> Una multiplicidad de factores, episodios, crisis, vaivenes, se fueron sucediendo desde que Alfons\u00edn lleg\u00f3 a la presidencia del pa\u00eds hasta los d\u00edas de hoy.<\/p>\n<p>En 1985, con motivo del 250 aniversario de <strong>Exaltaci\u00f3n de la Cruz, Alfons\u00edn<\/strong> como presidente, produjo un hecho hist\u00f3rico para los habitantes de nuestro distrito. Visit\u00f3 Capilla del Se\u00f1or, por entonces el tambi\u00e9n <strong>Adalberto Aner<\/strong> se hab\u00eda convertido en intendente, en lo que marc\u00f3 otro hecho resonante en la vida pol\u00edtica exaltacruce\u00f1a (en la foto en el palco junto a Aner, el fallecido y recordado dirigente radical <strong>Angel L\u00e1zaro, <\/strong>entre otros<strong>.<\/strong><\/p>\n<p>La visita de <strong>Alfonsin<\/strong> ha perdurado en la memoria de muchos habitantes del distrito, a dos a\u00f1os de haberse inaugurado el per\u00edodo democr\u00e1tico.<\/p>\n<p>&nbsp;<\/p>\n<p>Foto: gentileza Marcelo Aner.<\/p>\n","protected":false},"excerpt":{"rendered":"<p>SE CUMPLIERON. Un logro, aquella memorable recuperacion del sistema que nunca debi\u00f3 perderse en la Argentina.<\/p>\n","protected":false},"author":3,"featured_media":766,"comment_status":"open","ping_status":"open","sticky":false,"template":"","format":"standard","meta":{"footnotes":"","jetpack_publicize_message":"","jetpack_publicize_feature_enabled":true,"jetpack_social_post_already_shared":false,"jetpack_social_options":{"image_generator_settings":{"template":"highway","default_image_id":0,"font":"","enabled":false},"version":2}},"categories":[14],"tags":[19,37],"class_list":["post-765","post","type-post","status-publish","format-standard","has-post-thumbnail","hentry","category-la-gente","tag-alfonsin","tag-destacada"],"jetpack_publicize_connections":[],"jetpack_featured_media_url":"https:\/\/revistaepocadigital.com.ar\/wp-content\/uploads\/2018\/12\/alfonsi-1.jpg","jetpack_likes_enabled":true,"_links":{"self":[{"href":"https:\/\/revistaepocadigital.com.ar\/index.php?rest_route=\/wp\/v2\/posts\/765","targetHints":{"allow":["GET"]}}],"collection":[{"href":"https:\/\/revistaepocadigital.com.ar\/index.php?rest_route=\/wp\/v2\/posts"}],"about":[{"href":"https:\/\/revistaepocadigital.com.ar\/index.php?rest_route=\/wp\/v2\/types\/post"}],"author":[{"embeddable":true,"href":"https:\/\/revistaepocadigital.com.ar\/index.php?rest_route=\/wp\/v2\/users\/3"}],"replies":[{"embeddable":true,"href":"https:\/\/revistaepocadigital.com.ar\/index.php?rest_route=%2Fwp%2Fv2%2Fcomments&post=765"}],"version-history":[{"count":0,"href":"https:\/\/revistaepocadigital.com.ar\/index.php?rest_route=\/wp\/v2\/posts\/765\/revisions"}],"wp:featuredmedia":[{"embeddable":true,"href":"https:\/\/revistaepocadigital.com.ar\/index.php?rest_route=\/wp\/v2\/media\/766"}],"wp:attachment":[{"href":"https:\/\/revistaepocadigital.com.ar\/index.php?rest_route=%2Fwp%2Fv2%2Fmedia&parent=765"}],"wp:term":[{"taxonomy":"category","embeddable":true,"href":"https:\/\/revistaepocadigital.com.ar\/index.php?rest_route=%2Fwp%2Fv2%2Fcategories&post=765"},{"taxonomy":"post_tag","embeddable":true,"href":"https:\/\/revistaepocadigital.com.ar\/index.php?rest_route=%2Fwp%2Fv2%2Ftags&post=765"}],"curies":[{"name":"wp","href":"https:\/\/api.w.org\/{rel}","templated":true}]}}