{"id":7689,"date":"2020-11-23T17:12:16","date_gmt":"2020-11-23T20:12:16","guid":{"rendered":"https:\/\/revistaepocadigital.com.ar\/?p=7689"},"modified":"2020-12-02T10:45:14","modified_gmt":"2020-12-02T13:45:14","slug":"los-papas-de-milo-y-jano-cuando-la-vida-no-para-de-ponerte-a-prueba","status":"publish","type":"post","link":"https:\/\/revistaepocadigital.com.ar\/?p=7689","title":{"rendered":"LOS PAP\u00c1S DE MILO Y JANO. CUANDO LA VIDA NO PARA DE PONERTE A PRUEBA"},"content":{"rendered":"<div class=\"\" dir=\"auto\">\n<div id=\"jsc_c_2ne\" class=\"ecm0bbzt hv4rvrfc ihqw7lf3 dati1w0a\" data-ad-comet-preview=\"message\" data-ad-preview=\"message\">\n<div class=\"j83agx80 cbu4d94t ew0dbk1b irj2b8pg\">\n<div class=\"qzhwtbm6 knvmm38d\">\n<div class=\"kvgmc6g5 cxmmr5t8 oygrvhab hcukyx3x c1et5uql ii04i59q\">\n<div dir=\"auto\"><strong>MIENTRAS SIGUEN LA LUCHA JUNTO A LOS CHICOS PARA QUE SE RECUPEREN.<!--more--><\/strong><\/div>\n<\/div>\n<div dir=\"auto\">\n<div class=\"\" dir=\"auto\">\n<div id=\"jsc_c_2ne\" class=\"ecm0bbzt hv4rvrfc ihqw7lf3 dati1w0a\" data-ad-comet-preview=\"message\" data-ad-preview=\"message\">\n<div class=\"j83agx80 cbu4d94t ew0dbk1b irj2b8pg\">\n<div class=\"qzhwtbm6 knvmm38d\">\n<div dir=\"auto\">En agosto pasado,<strong> Bel\u00e9n Varela y su marido, padres de Milo y Jano,<\/strong> los chiquitos que recibieron un trasplante de m\u00e9dula, sufrieron otro embate dur\u00edsmo de la vida que los est\u00e1 poniendo a prueba como EPOCA te ha contado en notas anteriores.<\/div>\n<div dir=\"auto\"><\/div>\n<div dir=\"auto\">La casa familiar en Capilla del Se\u00f1or, que con sumo esfuerzo, hab\u00edan ido construyendo y dotando de las mejoras posibles en beneficio de Milo y Jano, se incendi\u00f3. Las p\u00e9rdidas fueron totales. Tanto a Bel\u00e9n como a su esposo, no se les inform\u00f3 de tan tremendo episodio, a modo de resguardarlos y apoyarlos en la batalla por la salud de los chiquitos.<\/div>\n<div dir=\"auto\"><\/div>\n<div dir=\"auto\">No hace mucho, el matrimonio fue informado de semejante hecho. El impacto en ambos fue dur\u00edsimo, sin embargo, siguieron con los brazos en alto enfrentando los obst\u00e1culos.<\/div>\n<div dir=\"auto\"><\/div>\n<\/div>\n<\/div>\n<\/div>\n<\/div>\n<\/div>\n<\/div>\n<div dir=\"auto\"><img loading=\"lazy\" decoding=\"async\" class=\"aligncenter size-full wp-image-7694\" src=\"https:\/\/revistaepocadigital.com.ar\/wp-content\/uploads\/2020\/11\/casa3.jpg\" alt=\"\" width=\"540\" height=\"960\" srcset=\"https:\/\/revistaepocadigital.com.ar\/wp-content\/uploads\/2020\/11\/casa3.jpg 540w, https:\/\/revistaepocadigital.com.ar\/wp-content\/uploads\/2020\/11\/casa3-169x300.jpg 169w, https:\/\/revistaepocadigital.com.ar\/wp-content\/uploads\/2020\/11\/casa3-236x420.jpg 236w, https:\/\/revistaepocadigital.com.ar\/wp-content\/uploads\/2020\/11\/casa3-473x840.jpg 473w\" sizes=\"auto, (max-width: 540px) 100vw, 540px\" \/><\/div>\n<div class=\"qzhwtbm6 knvmm38d\">\n<div dir=\"auto\">\n<div class=\"\" dir=\"auto\">\n<div id=\"jsc_c_2ne\" class=\"ecm0bbzt hv4rvrfc ihqw7lf3 dati1w0a\" data-ad-comet-preview=\"message\" data-ad-preview=\"message\">\n<div class=\"j83agx80 cbu4d94t ew0dbk1b irj2b8pg\">\n<div class=\"qzhwtbm6 knvmm38d\">\n<div dir=\"auto\"><em>Una de las im\u00e1genes desoladoras, de como qued\u00f3 la casa luego del incendio.<\/em><\/div>\n<\/div>\n<div dir=\"auto\"><\/div>\n<div class=\"qzhwtbm6 knvmm38d\">\n<div dir=\"auto\"><strong>Bel\u00e9n<\/strong> dej\u00f3 d\u00edas atr\u00e1s su testimonio en su muro en Facebook, y vale la pena leerlo:<\/div>\n<div dir=\"auto\"><\/div>\n<div dir=\"auto\"><em>&#8220;Bueno por donde empezar &#8230; entre el cansancio y la noticia de que el 10 de agosto, un accidente por eso no podemos enojarnos. Porqu\u00e9 este accidente s\u00f3lo se llev\u00f3 lo material; todos los electrodom\u00e9sticos explotaron o se quemaron. Y los muebles los que no arras\u00f3 el fuego, se ocup\u00f3 el agua; \u00a1los da\u00f1os fueron totales!&#8221;<\/em>, revel\u00f3 la mujer.<\/div>\n<div dir=\"auto\"><\/div>\n<div dir=\"auto\"><em>&#8220;Pero lo material como les digo<\/em> -continu\u00f3- <em>es lo de menos, est\u00e1bamos tranquilos que sembramos amigos, conocidos, vecinos, y todos nos han dado una mano como con la enfermedad de los nenes, con la b\u00fasqueda y el d\u00eda a d\u00eda ah\u00ed pidiendo y esper\u00e1ndolos. Sab\u00edamos que nuestra cosecha iba a venir del compa\u00f1erismo y de un poquito de cada uno, se iba solucionar por qu no est\u00e1bamos solos!&#8221;.<\/em><\/div>\n<div dir=\"auto\">En tal sentido, la madre de los chicos, agradeci\u00f3 a todos los que los han apoyado luego del incendio de la vivienda familiar,<em> &#8220;a la municipalidad, al intendente Diego Nanni, a Mar\u00eda Luz Bozzani, que nos dieron una gran mano, y con &#8220;Petete&#8221; Nieto nos han estado acondicionando las instalaciones para que podamos volver a Capilla; a Ver\u00f3 Pereyra y el equipazo de Consultoras Just que organizaron bonos contribuci\u00f3n, a Yami Novillo y Yamila N\u00fa\u00f1ez que organizaron un bingo a beneficio, a Micaela Cabrera, Lorena Andrea Miner Santana, tambi\u00e9n por los bonos contribuci\u00f3n, y como digo a cada uno que nos acompa\u00f1a y ayuda&#8221;.<\/em><\/div>\n<div dir=\"auto\"><\/div>\n<\/div>\n<div dir=\"auto\"><img loading=\"lazy\" decoding=\"async\" class=\"aligncenter size-large wp-image-7697\" src=\"https:\/\/revistaepocadigital.com.ar\/wp-content\/uploads\/2020\/11\/milo-jano-papas.jpg\" alt=\"\" width=\"696\" height=\"522\" srcset=\"https:\/\/revistaepocadigital.com.ar\/wp-content\/uploads\/2020\/11\/milo-jano-papas.jpg 960w, https:\/\/revistaepocadigital.com.ar\/wp-content\/uploads\/2020\/11\/milo-jano-papas-300x225.jpg 300w, https:\/\/revistaepocadigital.com.ar\/wp-content\/uploads\/2020\/11\/milo-jano-papas-768x576.jpg 768w, https:\/\/revistaepocadigital.com.ar\/wp-content\/uploads\/2020\/11\/milo-jano-papas-80x60.jpg 80w, https:\/\/revistaepocadigital.com.ar\/wp-content\/uploads\/2020\/11\/milo-jano-papas-160x120.jpg 160w, https:\/\/revistaepocadigital.com.ar\/wp-content\/uploads\/2020\/11\/milo-jano-papas-265x198.jpg 265w, https:\/\/revistaepocadigital.com.ar\/wp-content\/uploads\/2020\/11\/milo-jano-papas-696x522.jpg 696w, https:\/\/revistaepocadigital.com.ar\/wp-content\/uploads\/2020\/11\/milo-jano-papas-560x420.jpg 560w\" sizes=\"auto, (max-width: 696px) 100vw, 696px\" \/><\/div>\n<div class=\"qzhwtbm6 knvmm38d\">\n<div dir=\"auto\"><\/div>\n<\/div>\n<\/div>\n<\/div>\n<\/div>\n<div dir=\"auto\">\n<p><em>&#8220;Como digo, los que nos ayudan, sacan de ellos nada m\u00e1s y nada menos que lo mejor para aliviarnos la reposici\u00f3n de electrodom\u00e9sticos y muebles que fue total la p\u00e9rdida!. \u00a1Gracias Capilla!, a todos, tambi\u00e9n a Fiambres de Capilla Cornara que hacen m\u00e1s de lo que est\u00e1 a su alcance siempre para terminar la casa y dejarla en condiciones y, al mismo tiempo, seguir asisti\u00e9ndonos en Capital y en el Hospital Garrahan, por nuestros hijitos!. Que Dios les d\u00e9 el doble!; amo mi gente de Capilla. Por eso nunca nos cansaremos de decir gracias infinitas, ojal\u00e1 todos puedan vivir en un lugar como el nuestro&#8221;, <\/em>enfatiz\u00f3 la se\u00f1ora.<\/p>\n<\/div>\n<\/div>\n<\/div>\n<div dir=\"auto\"><\/div>\n<\/div>\n<div class=\"qzhwtbm6 knvmm38d\">\n<div class=\"kvgmc6g5 cxmmr5t8 oygrvhab hcukyx3x c1et5uql ii04i59q\">\n<div dir=\"auto\"><img loading=\"lazy\" decoding=\"async\" class=\"aligncenter size-full wp-image-7693\" src=\"https:\/\/revistaepocadigital.com.ar\/wp-content\/uploads\/2020\/11\/casa2.jpg\" alt=\"\" width=\"720\" height=\"960\" srcset=\"https:\/\/revistaepocadigital.com.ar\/wp-content\/uploads\/2020\/11\/casa2.jpg 720w, https:\/\/revistaepocadigital.com.ar\/wp-content\/uploads\/2020\/11\/casa2-225x300.jpg 225w, https:\/\/revistaepocadigital.com.ar\/wp-content\/uploads\/2020\/11\/casa2-696x928.jpg 696w, https:\/\/revistaepocadigital.com.ar\/wp-content\/uploads\/2020\/11\/casa2-315x420.jpg 315w, https:\/\/revistaepocadigital.com.ar\/wp-content\/uploads\/2020\/11\/casa2-630x840.jpg 630w\" sizes=\"auto, (max-width: 720px) 100vw, 720px\" \/><\/div>\n<div dir=\"auto\"><em>La cuna, el interior, el fuego hab\u00eda sido devastador. La ayuda de muchos, la fuerza para seguir adelante de los padres, hac\u00edan factible una salida positiva<\/em>.<\/div>\n<div dir=\"auto\"><\/div>\n<div dir=\"auto\"><\/div>\n<\/div>\n<\/div>\n<div dir=\"auto\"><img loading=\"lazy\" decoding=\"async\" class=\"aligncenter size-full wp-image-7826\" src=\"https:\/\/revistaepocadigital.com.ar\/wp-content\/uploads\/2020\/11\/bel2.jpg\" alt=\"\" width=\"720\" height=\"960\" srcset=\"https:\/\/revistaepocadigital.com.ar\/wp-content\/uploads\/2020\/11\/bel2.jpg 720w, https:\/\/revistaepocadigital.com.ar\/wp-content\/uploads\/2020\/11\/bel2-225x300.jpg 225w, https:\/\/revistaepocadigital.com.ar\/wp-content\/uploads\/2020\/11\/bel2-696x928.jpg 696w, https:\/\/revistaepocadigital.com.ar\/wp-content\/uploads\/2020\/11\/bel2-315x420.jpg 315w, https:\/\/revistaepocadigital.com.ar\/wp-content\/uploads\/2020\/11\/bel2-630x840.jpg 630w\" sizes=\"auto, (max-width: 720px) 100vw, 720px\" \/><\/div>\n<div class=\"qzhwtbm6 knvmm38d\">\n<div class=\"kvgmc6g5 cxmmr5t8 oygrvhab hcukyx3x c1et5uql ii04i59q\">\n<div dir=\"auto\">Uno de los premios del Bono Contribuci\u00f3n para ayudar a la familia por el incendio.<\/div>\n<\/div>\n<div dir=\"auto\"><img loading=\"lazy\" decoding=\"async\" class=\"aligncenter size-full wp-image-7827\" src=\"https:\/\/revistaepocadigital.com.ar\/wp-content\/uploads\/2020\/11\/bele.jpg\" alt=\"\" width=\"417\" height=\"264\" srcset=\"https:\/\/revistaepocadigital.com.ar\/wp-content\/uploads\/2020\/11\/bele.jpg 417w, https:\/\/revistaepocadigital.com.ar\/wp-content\/uploads\/2020\/11\/bele-300x190.jpg 300w\" sizes=\"auto, (max-width: 417px) 100vw, 417px\" \/><\/div>\n<\/div>\n<\/div>\n<p>Ac\u00e1 los ganadores del sorteo.<\/p>\n<\/div>\n","protected":false},"excerpt":{"rendered":"<p>MIENTRAS SIGUEN LA LUCHA JUNTO A LOS CHICOS PARA QUE SE RECUPEREN.<\/p>\n","protected":false},"author":4,"featured_media":7691,"comment_status":"open","ping_status":"open","sticky":false,"template":"","format":"standard","meta":{"footnotes":"","jetpack_publicize_message":"","jetpack_publicize_feature_enabled":true,"jetpack_social_post_already_shared":false,"jetpack_social_options":{"image_generator_settings":{"template":"highway","default_image_id":0,"font":"","enabled":false},"version":2}},"categories":[10,13,14],"tags":[1056,1054,1053,1055],"class_list":["post-7689","post","type-post","status-publish","format-standard","has-post-thumbnail","hentry","category-editorial","category-interes-general","category-la-gente","tag-casa","tag-jano","tag-milo","tag-padres"],"jetpack_publicize_connections":[],"jetpack_featured_media_url":"https:\/\/revistaepocadigital.com.ar\/wp-content\/uploads\/2020\/11\/casa1.jpg","jetpack_likes_enabled":true,"_links":{"self":[{"href":"https:\/\/revistaepocadigital.com.ar\/index.php?rest_route=\/wp\/v2\/posts\/7689","targetHints":{"allow":["GET"]}}],"collection":[{"href":"https:\/\/revistaepocadigital.com.ar\/index.php?rest_route=\/wp\/v2\/posts"}],"about":[{"href":"https:\/\/revistaepocadigital.com.ar\/index.php?rest_route=\/wp\/v2\/types\/post"}],"author":[{"embeddable":true,"href":"https:\/\/revistaepocadigital.com.ar\/index.php?rest_route=\/wp\/v2\/users\/4"}],"replies":[{"embeddable":true,"href":"https:\/\/revistaepocadigital.com.ar\/index.php?rest_route=%2Fwp%2Fv2%2Fcomments&post=7689"}],"version-history":[{"count":0,"href":"https:\/\/revistaepocadigital.com.ar\/index.php?rest_route=\/wp\/v2\/posts\/7689\/revisions"}],"wp:featuredmedia":[{"embeddable":true,"href":"https:\/\/revistaepocadigital.com.ar\/index.php?rest_route=\/wp\/v2\/media\/7691"}],"wp:attachment":[{"href":"https:\/\/revistaepocadigital.com.ar\/index.php?rest_route=%2Fwp%2Fv2%2Fmedia&parent=7689"}],"wp:term":[{"taxonomy":"category","embeddable":true,"href":"https:\/\/revistaepocadigital.com.ar\/index.php?rest_route=%2Fwp%2Fv2%2Fcategories&post=7689"},{"taxonomy":"post_tag","embeddable":true,"href":"https:\/\/revistaepocadigital.com.ar\/index.php?rest_route=%2Fwp%2Fv2%2Ftags&post=7689"}],"curies":[{"name":"wp","href":"https:\/\/api.w.org\/{rel}","templated":true}]}}