{"id":7699,"date":"2020-11-19T10:02:07","date_gmt":"2020-11-19T13:02:07","guid":{"rendered":"https:\/\/revistaepocadigital.com.ar\/?p=7699"},"modified":"2020-11-19T10:02:07","modified_gmt":"2020-11-19T13:02:07","slug":"fernando-lodeiro-director-de-deportes-que-pasa-con-los-deportes-en-el-distrito","status":"publish","type":"post","link":"https:\/\/revistaepocadigital.com.ar\/?p=7699","title":{"rendered":"FERNANDO LODEIRO, DIRECTOR DE DEPORTES. QUE PASA CON LOS DEPORTES EN EL DISTRITO"},"content":{"rendered":"<div class=\"jn8vp64t l9j0dhe7 hpfvmrgz\">\n<div class=\"lzcic4wl\" tabindex=\"0\" role=\"gridcell\" data-scope=\"messages_table\" data-recover=\"true\">\n<div class=\"ni8dbmo4 stjgntxs g5ia77u1 ii04i59q\" data-testid=\"messenger_incoming_text_row\">\n<div class=\"l60d2q6s d1544ag0 sj5x9vvc tw6a2znq l9j0dhe7 ni8dbmo4 stjgntxs qlfml3jp inkptoze e72ty7fz qmr60zad jm1wdb64 qv66sw1b ljqsnud1 g6srhlxm odn2s2vf\">\n<div dir=\"auto\"><strong>DE SUMA IMPORTANCIA PARA LA VIDA MISMA.<!--more--><\/strong><\/div>\n<div dir=\"auto\"><\/div>\n<div dir=\"auto\"><\/div>\n<div class=\"oo9gr5id\" dir=\"auto\">En un a\u00f1o tan complejo debido a la pandemia que ha golpeado con tanta crudeza, la pr\u00e1ctica de los deportes como es sabido, en el mundo, en nuestro pa\u00eds y en el terreno distrital, se ha visto muy afectada y limitada.<\/div>\n<div dir=\"auto\"><\/div>\n<div class=\"oo9gr5id\" dir=\"auto\">EPOCA convers\u00f3 con el Director de Deportes del municipio,<strong> Fernando Lodeiro,<\/strong> acerca del panorama actual.<\/div>\n<div dir=\"auto\"><\/div>\n<div class=\"oo9gr5id\" dir=\"auto\"><em>&#8220;Es cierto, ha sido un a\u00f1o sumamente complicado por lo que sabemos; ahora bien en cuanto a las actividades deportivas que fueron habilitadas desde Naci\u00f3n y\/o Provincia en lugares que se encuentran en fase 4 son:<\/em><\/div>\n<div class=\"oo9gr5id\" dir=\"auto\"><em>\u25cfActividades deportivas individuales al aire libre seg\u00fan Res 2642\/2020 \u25cfEntrenamientos deportivos de representaci\u00f3n nacional en t\u00e9rminos de la DA JGM 1535\/2020.<\/em><\/div>\n<div class=\"oo9gr5id\" dir=\"auto\"><em>\u25cfGimnasios al aire libre Res 1023\/2020 Min JGM PBA Salidas recreativas y de espercimiento de ni\u00f1os y ni\u00f1as DNU 408\/2020.<\/em><\/div>\n<div class=\"oo9gr5id\" dir=\"auto\"><em> \u25cfActividades recreativas y deportivas colectivas hasta 10 personas al aire libre Res 260\/2020 Min JGM PBA&#8221;<\/em>.<\/div>\n<\/div>\n<div dir=\"auto\"><\/div>\n<\/div>\n<\/div>\n<\/div>\n<div dir=\"auto\"><strong>LA PILETA MUNICIPAL Y EL CAMPO DE DEPORTES.<\/strong><\/div>\n<div dir=\"auto\"><\/div>\n<div class=\"jn8vp64t l9j0dhe7 hpfvmrgz\">\n<div class=\"lzcic4wl\" tabindex=\"0\" role=\"gridcell\" data-scope=\"messages_table\" data-recover=\"true\">\n<div class=\"ni8dbmo4 stjgntxs g5ia77u1 ii04i59q\" data-testid=\"messenger_incoming_text_row\">\n<div class=\"l60d2q6s d1544ag0 sj5x9vvc tw6a2znq l9j0dhe7 ni8dbmo4 stjgntxs qlfml3jp inkptoze e72ty7fz qmr60zad jm1wdb64 qv66sw1b ljqsnud1 g6srhlxm odn2s2vf\">\n<div class=\"oo9gr5id\" dir=\"auto\">Despu\u00e9s acot\u00f3 <strong>Lodeiro,<\/strong> <em>&#8220;estas actividades fueron habilitadas tanto para clubes, sociedades de fomento y\/o gimnasios&#8221;, <\/em>y a continuaci\u00f3n ampli\u00f3: \u00a0<em>&#8220;En cuanto a las actividades municipales, tanto escuelas de deportes e instalaciones municipales como son el Campo de Deportes y el Complejo Andr\u00e9s Salgado, por el momento contin\u00faan cerradas. \u00bfA que se debe?, est\u00e1 relacionado con que las mismas son objeto de estricta y continua evaluaci\u00f3n, marcada por la evoluci\u00f3n de los contagios y su recuperaci\u00f3n, esperando el momento indicado para volver a reiniciarse&#8221;.<\/em><\/div>\n<\/div>\n<\/div>\n<\/div>\n<\/div>\n<div dir=\"auto\"><\/div>\n<div class=\"jn8vp64t l9j0dhe7 hpfvmrgz\">\n<div class=\"lzcic4wl\" tabindex=\"0\" role=\"gridcell\" data-scope=\"messages_table\" data-recover=\"true\">\n<div class=\"ni8dbmo4 stjgntxs g5ia77u1 ii04i59q\" data-testid=\"messenger_incoming_text_row\">\n<div class=\"l60d2q6s d1544ag0 sj5x9vvc tw6a2znq l9j0dhe7 ni8dbmo4 stjgntxs qlfml3jp inkptoze e72ty7fz qmr60zad jm1wdb64 qv66sw1b ljqsnud1 g6srhlxm odn2s2vf\">\n<div class=\"j83agx80 jwdofwj8 pby63qed\" data-testid=\"incoming_group\">\n<div class=\"rj1gh0hx buofh1pr hpfvmrgz\">\n<div role=\"row\">\n<div class=\"\">\n<div class=\"j83agx80 cbu4d94t\">\n<div class=\"j83agx80\">\n<div class=\"jn8vp64t l9j0dhe7 hpfvmrgz\">\n<div class=\"lzcic4wl\" tabindex=\"0\" role=\"gridcell\" data-scope=\"messages_table\" data-recover=\"true\">\n<div class=\"ni8dbmo4 stjgntxs g5ia77u1 ii04i59q\" aria-owns=\"jsc_c_tp\" data-testid=\"messenger_incoming_text_row\">\n<div class=\"l60d2q6s d1544ag0 sj5x9vvc tw6a2znq l9j0dhe7 ni8dbmo4 stjgntxs qlfml3jp inkptoze e72ty7fz qmr60zad jm1wdb64 qv66sw1b ljqsnud1 g6srhlxm odn2s2vf\">\n<p>El funcionamiento continuo de la pileta de nataci\u00f3n del Complejo Andr\u00e9s Salgado, es uno de los sitios en Capilla del Se\u00f1or, m\u00e1s utilizados por grandes y chicos, con actividades no s\u00f3lo recreativas sino en bien de la salud. Ante la inminencia del verano, no son pocos los que aguardan con expectativa, las medidas que puedan surgir por parte de autoridades nacionales, provinciales y municipales, y desde ya, el panorama que ofrezca la pandemia.<\/p>\n<\/div>\n<\/div>\n<\/div>\n<div class=\"aovydwv3 ni8dbmo4 stjgntxs nred35xi pmk7jnqg k4urcfbm flx89l3n l9l1gxur agkhgkm8\" data-visualcompletion=\"ignore\" aria-hidden=\"true\">\n<div class=\"nred35xi j83agx80 rv4hoivh cxgpxx05 k4urcfbm rq0escxv\">\n<div class=\"buofh1pr h676nmdw\"><\/div>\n<\/div>\n<\/div>\n<div class=\"j83agx80 l9j0dhe7 aovydwv3 ni8dbmo4 stjgntxs nred35xi n8tt0mok hyh9befq\"><\/div>\n<div class=\"pmk7jnqg kkf49tns cgat1ltu sw24d88r i09qtzwb g3zh7qmp flx89l3n mb8dcdod chkx7lpg\"><\/div>\n<\/div>\n<\/div>\n<\/div>\n<\/div>\n<\/div>\n<\/div>\n<\/div>\n<\/div>\n<\/div>\n<\/div>\n<\/div>\n","protected":false},"excerpt":{"rendered":"<p>DE SUMA IMPORTANCIA PARA LA VIDA MISMA.<\/p>\n","protected":false},"author":4,"featured_media":7718,"comment_status":"open","ping_status":"open","sticky":false,"template":"","format":"standard","meta":{"footnotes":"","jetpack_publicize_message":"","jetpack_publicize_feature_enabled":true,"jetpack_social_post_already_shared":false,"jetpack_social_options":{"image_generator_settings":{"template":"highway","default_image_id":0,"font":"","enabled":false},"version":2}},"categories":[9,16],"tags":[1061],"class_list":["post-7699","post","type-post","status-publish","format-standard","has-post-thumbnail","hentry","category-deportes","category-municipales","tag-director-de-deportes-municipal"],"jetpack_publicize_connections":[],"jetpack_featured_media_url":"https:\/\/revistaepocadigital.com.ar\/wp-content\/uploads\/2020\/11\/LODE1.jpg","jetpack_likes_enabled":true,"_links":{"self":[{"href":"https:\/\/revistaepocadigital.com.ar\/index.php?rest_route=\/wp\/v2\/posts\/7699","targetHints":{"allow":["GET"]}}],"collection":[{"href":"https:\/\/revistaepocadigital.com.ar\/index.php?rest_route=\/wp\/v2\/posts"}],"about":[{"href":"https:\/\/revistaepocadigital.com.ar\/index.php?rest_route=\/wp\/v2\/types\/post"}],"author":[{"embeddable":true,"href":"https:\/\/revistaepocadigital.com.ar\/index.php?rest_route=\/wp\/v2\/users\/4"}],"replies":[{"embeddable":true,"href":"https:\/\/revistaepocadigital.com.ar\/index.php?rest_route=%2Fwp%2Fv2%2Fcomments&post=7699"}],"version-history":[{"count":0,"href":"https:\/\/revistaepocadigital.com.ar\/index.php?rest_route=\/wp\/v2\/posts\/7699\/revisions"}],"wp:featuredmedia":[{"embeddable":true,"href":"https:\/\/revistaepocadigital.com.ar\/index.php?rest_route=\/wp\/v2\/media\/7718"}],"wp:attachment":[{"href":"https:\/\/revistaepocadigital.com.ar\/index.php?rest_route=%2Fwp%2Fv2%2Fmedia&parent=7699"}],"wp:term":[{"taxonomy":"category","embeddable":true,"href":"https:\/\/revistaepocadigital.com.ar\/index.php?rest_route=%2Fwp%2Fv2%2Fcategories&post=7699"},{"taxonomy":"post_tag","embeddable":true,"href":"https:\/\/revistaepocadigital.com.ar\/index.php?rest_route=%2Fwp%2Fv2%2Ftags&post=7699"}],"curies":[{"name":"wp","href":"https:\/\/api.w.org\/{rel}","templated":true}]}}