{"id":7705,"date":"2020-11-14T01:00:14","date_gmt":"2020-11-14T04:00:14","guid":{"rendered":"https:\/\/revistaepocadigital.com.ar\/?p=7705"},"modified":"2020-11-19T01:09:39","modified_gmt":"2020-11-19T04:09:39","slug":"la-inscripcion-para-2021-en-el-jardin-maternal-el-abrojito","status":"publish","type":"post","link":"https:\/\/revistaepocadigital.com.ar\/?p=7705","title":{"rendered":"La inscripci\u00f3n para 2021 en el Jard\u00edn Maternal El Abrojito"},"content":{"rendered":"<div class=\"\" dir=\"auto\">\n<div id=\"jsc_c_cl\" class=\"ecm0bbzt hv4rvrfc ihqw7lf3 dati1w0a\" data-ad-comet-preview=\"message\" data-ad-preview=\"message\">\n<div class=\"j83agx80 cbu4d94t ew0dbk1b irj2b8pg\">\n<div class=\"qzhwtbm6 knvmm38d\">\n<div class=\"o9v6fnle cxmmr5t8 oygrvhab hcukyx3x c1et5uql ii04i59q\">\n<div dir=\"auto\"><strong>CORRESPONDIENTE AL CICLO 2021.<!--more--><\/strong><\/div>\n<div dir=\"auto\"><\/div>\n<div dir=\"auto\">Ten\u00e9s que ir a: Irizar 451, Capilla del Se\u00f1or.<\/div>\n<div dir=\"auto\">TEL: 2323527347<\/div>\n<\/div>\n<div class=\"o9v6fnle cxmmr5t8 oygrvhab hcukyx3x c1et5uql ii04i59q\">\n<div dir=\"auto\">9 y 11 de diciembre de 10 a 12 hs.<\/div>\n<\/div>\n<div class=\"o9v6fnle cxmmr5t8 oygrvhab hcukyx3x c1et5uql ii04i59q\">\n<div dir=\"auto\"><\/div>\n<div dir=\"auto\">Deb\u00e9s presentarte con:<\/div>\n<div dir=\"auto\"><\/div>\n<div dir=\"auto\">Planilla de inscripci\u00f3n (fotocopaia en: Casa Colombo &#8211; @mania- Librer\u00eda Punto)<\/div>\n<div dir=\"auto\">Por favor dejar registros de varios n\u00fameros de tel\u00e9fono de contacto.<\/div>\n<\/div>\n<div class=\"o9v6fnle cxmmr5t8 oygrvhab hcukyx3x c1et5uql ii04i59q\">\n<div dir=\"auto\"><\/div>\n<div dir=\"auto\">Informe Social (lo realizan en Oficina de Desarrollo Social, Ameghino 772)<\/div>\n<div dir=\"auto\">Los d\u00edas que pueden hacer el informe son martes, mi\u00e9rcoles y jueves de 9 hs a 14 hs)\u00a0Por favor concurrir a la Oficina con barbijo y siempre manteniendo distancia.<\/div>\n<\/div>\n<div class=\"o9v6fnle cxmmr5t8 oygrvhab hcukyx3x c1et5uql ii04i59q\">\n<div dir=\"auto\"><\/div>\n<div dir=\"auto\">Fotocopia DNI del nene\/a, padre y madre. Debe tener domicilio en el partido de Ex. de la Cruz<\/div>\n<\/div>\n<div class=\"o9v6fnle cxmmr5t8 oygrvhab hcukyx3x c1et5uql ii04i59q\">\n<div dir=\"auto\"><\/div>\n<div dir=\"auto\">Fotocopia de partida de nacimiento.<\/div>\n<\/div>\n<div class=\"o9v6fnle cxmmr5t8 oygrvhab hcukyx3x c1et5uql ii04i59q\">\n<div dir=\"auto\"><\/div>\n<div dir=\"auto\">Fotocopia libreta de vacunas<\/div>\n<\/div>\n<div class=\"o9v6fnle cxmmr5t8 oygrvhab hcukyx3x c1et5uql ii04i59q\">\n<div dir=\"auto\"><\/div>\n<div dir=\"auto\">Certificado m\u00e9dico<\/div>\n<\/div>\n<div class=\"o9v6fnle cxmmr5t8 oygrvhab hcukyx3x c1et5uql ii04i59q\">\n<div dir=\"auto\"><\/div>\n<div dir=\"auto\">Certificados de trabajo ambos padres con d\u00edas y horarios en los que se desempe\u00f1a. Tel\u00e9fono de contacto.<\/div>\n<\/div>\n<div class=\"o9v6fnle cxmmr5t8 oygrvhab hcukyx3x c1et5uql ii04i59q\">\n<div dir=\"auto\"><\/div>\n<div dir=\"auto\">Al momento de presentarse, hay que hacerlo con la documentaci\u00f3n COMPLETA, dentro de un sobre cerrado con el nombre del ni\u00f1o y la edad.\u00a0En la puerta habr\u00e1 una caja d\u00f3nde depositar\u00e1n los sobres.<\/div>\n<div dir=\"auto\"><\/div>\n<div dir=\"auto\">Por favor no comprometa al personal, por el momento s\u00f3lo pueden recibir el sobre que dejar\u00e1n en la caja.<\/div>\n<div dir=\"auto\"><\/div>\n<div dir=\"auto\">Tengan en cuenta las medidas de seguridad al acercarse al Jard\u00edn (barbijo, distancia y utilizar alcohol en gel).<\/div>\n<\/div>\n<div class=\"o9v6fnle cxmmr5t8 oygrvhab hcukyx3x c1et5uql ii04i59q\">\n<div dir=\"auto\"><\/div>\n<div dir=\"auto\"><strong>Aclaraci\u00f3n:<\/strong><\/div>\n<\/div>\n<div class=\"o9v6fnle cxmmr5t8 oygrvhab hcukyx3x c1et5uql ii04i59q\">\n<div dir=\"auto\">Para la inscripci\u00f3n en maternales, tendr\u00e1n prioridad los hijos de empleados municipales, en donde ambos progenitores desempe\u00f1en actividades laborales que contemplen entre 6 u 8 horas diarias, motivo que impide garantizar el cuidado del menor, se entiende por empleados municipales a todos aquellos que pertenecen a la planta laboral o desarrollan, bajo contrato, actividades diarias con la franja horaria ya mencionada.<\/div>\n<div dir=\"auto\"><\/div>\n<div dir=\"auto\">En el caso de que uno s\u00f3lo sea el empleado municipal, la otra parte deber\u00e1 certificar su desempe\u00f1o laboral dentro de lo establecido, para dejar constancia de la imposibilidad del cuidado del menor.<\/div>\n<div dir=\"auto\"><\/div>\n<div dir=\"auto\">Una vez cubierta la planta municipal, se proceder\u00e1 a cubrir la demanda con los ni\u00f1os cuya situaci\u00f3n familiar requiera de un espacio distinto de contenci\u00f3n y desarrollo. D\u00edgase, madres solteras, madres adolescentes, madres que est\u00e9n en proceso de culminar su educaci\u00f3n secundaria y\/o terciaria , y otras que hagan a la necesidad de un espacio de cuidado y contenci\u00f3n que favorezca el desarrollo del menor.<\/div>\n<div dir=\"auto\">Cabe aclarar que esta norma rige para los ingresos 2021 y no afecta la matr\u00edcula ya contenida por las Instituciones.<\/div>\n<\/div>\n<\/div>\n<\/div>\n<\/div>\n<\/div>\n<p>&nbsp;<\/p>\n<div id=\"jsc_c_cm\" class=\"l9j0dhe7\">\n<div class=\"l9j0dhe7\">\n<div><\/div>\n<\/div>\n<\/div>\n","protected":false},"excerpt":{"rendered":"<p>CORRESPONDIENTE AL CICLO 2021.<\/p>\n","protected":false},"author":3,"featured_media":7706,"comment_status":"open","ping_status":"open","sticky":false,"template":"","format":"standard","meta":{"footnotes":"","jetpack_publicize_message":"","jetpack_publicize_feature_enabled":true,"jetpack_social_post_already_shared":false,"jetpack_social_options":{"image_generator_settings":{"template":"highway","default_image_id":0,"font":"","enabled":false},"version":2}},"categories":[13],"tags":[1057],"class_list":["post-7705","post","type-post","status-publish","format-standard","has-post-thumbnail","hentry","category-interes-general","tag-inscripcion-jardin-el-abrojito"],"jetpack_publicize_connections":[],"jetpack_featured_media_url":"https:\/\/revistaepocadigital.com.ar\/wp-content\/uploads\/2020\/11\/125348031_3984376551591262_2272377948216651775_n.jpg","jetpack_likes_enabled":true,"_links":{"self":[{"href":"https:\/\/revistaepocadigital.com.ar\/index.php?rest_route=\/wp\/v2\/posts\/7705","targetHints":{"allow":["GET"]}}],"collection":[{"href":"https:\/\/revistaepocadigital.com.ar\/index.php?rest_route=\/wp\/v2\/posts"}],"about":[{"href":"https:\/\/revistaepocadigital.com.ar\/index.php?rest_route=\/wp\/v2\/types\/post"}],"author":[{"embeddable":true,"href":"https:\/\/revistaepocadigital.com.ar\/index.php?rest_route=\/wp\/v2\/users\/3"}],"replies":[{"embeddable":true,"href":"https:\/\/revistaepocadigital.com.ar\/index.php?rest_route=%2Fwp%2Fv2%2Fcomments&post=7705"}],"version-history":[{"count":0,"href":"https:\/\/revistaepocadigital.com.ar\/index.php?rest_route=\/wp\/v2\/posts\/7705\/revisions"}],"wp:featuredmedia":[{"embeddable":true,"href":"https:\/\/revistaepocadigital.com.ar\/index.php?rest_route=\/wp\/v2\/media\/7706"}],"wp:attachment":[{"href":"https:\/\/revistaepocadigital.com.ar\/index.php?rest_route=%2Fwp%2Fv2%2Fmedia&parent=7705"}],"wp:term":[{"taxonomy":"category","embeddable":true,"href":"https:\/\/revistaepocadigital.com.ar\/index.php?rest_route=%2Fwp%2Fv2%2Fcategories&post=7705"},{"taxonomy":"post_tag","embeddable":true,"href":"https:\/\/revistaepocadigital.com.ar\/index.php?rest_route=%2Fwp%2Fv2%2Ftags&post=7705"}],"curies":[{"name":"wp","href":"https:\/\/api.w.org\/{rel}","templated":true}]}}