{"id":7724,"date":"2020-11-19T16:47:34","date_gmt":"2020-11-19T19:47:34","guid":{"rendered":"https:\/\/revistaepocadigital.com.ar\/?p=7724"},"modified":"2020-11-22T15:38:38","modified_gmt":"2020-11-22T18:38:38","slug":"eden-cortes-en-capilla-y-aledanos-por-trabajos-de-mantenimieneto","status":"publish","type":"post","link":"https:\/\/revistaepocadigital.com.ar\/?p=7724","title":{"rendered":"EDEN. Cortes en Capilla y aleda\u00f1os por trabajos de mantenimieneto"},"content":{"rendered":"<p><strong>LA EMPRESA INFORM\u00d3. DOMINGO 22 DE NOVIEMBRE.<\/strong><!--more--><\/p>\n<p>Conforme a su plan de inversiones en obras y mantenimiento para fortalecer el servicio, se realizar\u00e1n trabajos en la red el\u00e9ctrica de tu barrio.<\/p>\n<p>Para poder realizar estas mejoras y como medida de seguridad, es necesario interrumpir el suministro de forma moment\u00e1nea mientras se trabaja en la red el\u00e9ctrica:<\/p>\n<p>Anota el d\u00eda en que se llevar\u00e1n a cabo los trabajos:<\/p>\n<p><strong>Domingo 22 de noviembre; de 6 a 10 hs. Zona delimitada en Capilla del Se\u00f1or, por las calles Alem, San Mart\u00edn, Irigoyen, Alsina y Rotonda. En los barrios La Boca, Mburic\u00e1, La Loma, Chacras de la Cruz, Granja Tres Arroyos, Ruta Provincial 193 y camino rural a Campana.<\/strong><\/p>\n<p>En caso de presentarse condiciones clim\u00e1ticas adversas, las actividades ser\u00e1n reprogramadas.<\/p>\n<p>EDEN recuerda que la Sucursal Virtual y la App EDEN M\u00f3vil se encuentran disponibles para realizar consultas y reclamos las 24 horas del d\u00eda.<\/p>\n<p>Instagram: @edencomunica<\/p>\n<p>Facebook: EDENComunica<\/p>\n<p>Twitter: @edensacomunica<\/p>\n<p>YouTube: EDEN Comunica<\/p>\n<p>Linkedin: https:\/\/www.linkedin.com\/company\/edensa\/<\/p>\n","protected":false},"excerpt":{"rendered":"<p>LA EMPRESA INFORM\u00d3. DOMINGO 22 DE NOVIEMBRE.<\/p>\n","protected":false},"author":4,"featured_media":7726,"comment_status":"open","ping_status":"open","sticky":false,"template":"","format":"standard","meta":{"footnotes":"","jetpack_publicize_message":"","jetpack_publicize_feature_enabled":true,"jetpack_social_post_already_shared":false,"jetpack_social_options":{"image_generator_settings":{"template":"highway","default_image_id":0,"font":"","enabled":false},"version":2}},"categories":[10,14],"tags":[39,600],"class_list":["post-7724","post","type-post","status-publish","format-standard","has-post-thumbnail","hentry","category-editorial","category-la-gente","tag-eden","tag-trabajos"],"jetpack_publicize_connections":[],"jetpack_featured_media_url":"https:\/\/revistaepocadigital.com.ar\/wp-content\/uploads\/2020\/11\/calle.jpg","jetpack_likes_enabled":true,"_links":{"self":[{"href":"https:\/\/revistaepocadigital.com.ar\/index.php?rest_route=\/wp\/v2\/posts\/7724","targetHints":{"allow":["GET"]}}],"collection":[{"href":"https:\/\/revistaepocadigital.com.ar\/index.php?rest_route=\/wp\/v2\/posts"}],"about":[{"href":"https:\/\/revistaepocadigital.com.ar\/index.php?rest_route=\/wp\/v2\/types\/post"}],"author":[{"embeddable":true,"href":"https:\/\/revistaepocadigital.com.ar\/index.php?rest_route=\/wp\/v2\/users\/4"}],"replies":[{"embeddable":true,"href":"https:\/\/revistaepocadigital.com.ar\/index.php?rest_route=%2Fwp%2Fv2%2Fcomments&post=7724"}],"version-history":[{"count":0,"href":"https:\/\/revistaepocadigital.com.ar\/index.php?rest_route=\/wp\/v2\/posts\/7724\/revisions"}],"wp:featuredmedia":[{"embeddable":true,"href":"https:\/\/revistaepocadigital.com.ar\/index.php?rest_route=\/wp\/v2\/media\/7726"}],"wp:attachment":[{"href":"https:\/\/revistaepocadigital.com.ar\/index.php?rest_route=%2Fwp%2Fv2%2Fmedia&parent=7724"}],"wp:term":[{"taxonomy":"category","embeddable":true,"href":"https:\/\/revistaepocadigital.com.ar\/index.php?rest_route=%2Fwp%2Fv2%2Fcategories&post=7724"},{"taxonomy":"post_tag","embeddable":true,"href":"https:\/\/revistaepocadigital.com.ar\/index.php?rest_route=%2Fwp%2Fv2%2Ftags&post=7724"}],"curies":[{"name":"wp","href":"https:\/\/api.w.org\/{rel}","templated":true}]}}