{"id":7727,"date":"2020-11-19T21:03:09","date_gmt":"2020-11-20T00:03:09","guid":{"rendered":"https:\/\/revistaepocadigital.com.ar\/?p=7727"},"modified":"2020-11-20T17:27:05","modified_gmt":"2020-11-20T20:27:05","slug":"jugar-con-fuego-casos-de-acosos-a-mujeres-en-el-distrito","status":"publish","type":"post","link":"https:\/\/revistaepocadigital.com.ar\/?p=7727","title":{"rendered":"Acosos a mujeres. JUGAR CON FUEGO. El caso de la hija de la docente Reina Flores"},"content":{"rendered":"<div class=\"buofh1pr\">\n<div class=\"j83agx80 cbu4d94t ew0dbk1b irj2b8pg\">\n<div class=\"qzhwtbm6 knvmm38d\">\n<div><strong>VEMOS EN LOS MEDIOS, LO TERRIBLE QUE REFLEJA LA REALIDAD. SE HIZO UN ASAMBLEA FRENTE A MUNICIPIO.<\/strong><\/div>\n<\/div>\n<\/div>\n<\/div>\n<p><!--more--><\/p>\n<div>Los casos de acosos sexuales, violencia de g\u00e9nero y familiar, femicidios; robos a diario con maltrato a mujeres en muchos casos, episodios violentos. Se han convertido en un flagelo, en una muy grave problem\u00e1tica cuyas ra\u00edces surgen por m\u00faltiples razones.<\/div>\n<div><\/div>\n<div>El pa\u00eds, cruzado por la pandemia, se ve jaqueado por la inseguridad (tema abordado por EPOCA en una nota anterior), desde hace a\u00f1os, habi\u00e9ndo recrudecido en diferentes modalidades. En la actualidad resulta m\u00e1s evidente que se transita por la cornisa y muchas veces, ese camino finaliza en grav\u00edsimas consecuencias con muertes inclu\u00eddas, sin que el poder pol\u00edtico y la justicia en la Argentina, enfrenten con el aplicamiento de la ley semejante reclamo de la gente.<\/div>\n<div><\/div>\n<div>En Exaltaci\u00f3n de la Cruz, en los \u00faltimos d\u00edas se han producido hechos que generaron marcada preocupaci\u00f3n. Ac\u00e1 te detallamos uno de ellos, existiendo trascendidos que pudieron darse otros en Capilla del Se\u00f1or.<\/div>\n<div><\/div>\n<div>La docente directora de la Escuela Primaria\u00a0 ubicada en Echegoyen; n\u00ba 16 Justo Jos\u00e9 de Urquiza, <strong>Reina Flores<\/strong>, integrante de una conocida familia capillense, dej\u00f3 planteado en su muro en la red social Facebook, su crudo testimonio y angustiante testimonio reciente, vinculado a lo sucedido a su hija.<\/div>\n<div><\/div>\n<div><em>&#8220;Ya un poco m\u00e1s tranquila a esta hora de la noche porque pude verla y conversar con mi hija, me decid\u00ed a escribir. Previa charla y consentimiento dado, porque considero importante que estos sucesos se sepan para prevenir y tratar de cuidarnos entre todas y todos.<\/em><\/div>\n<div><\/div>\n<div><em>&#8220;En el d\u00eda de la fecha (16\/11), en ocasi\u00f3n de trasladarse a su trabajo, una de mis hijas, Victoria P\u00e1ez, fue victima de una situaci\u00f3n francamente muy perturbadora en la v\u00eda p\u00fablica. Un sujeto a bordo de un Renault Megane color champagne, en principio comenz\u00f3 a seguirla cuando ella baj\u00f3 del colectivo en el Barrio Parque Exaltaci\u00f3n donde trabaja. A medida que se acercaba iba murmur\u00e1ndole cosas como que se subiera con \u00e9l, que la llevar\u00eda, etc&#8221;<\/em>, relat\u00f3 la mujer.<\/div>\n<div><\/div>\n<div><em>&#8220;Ante la negativa de ella &#8211;<\/em>continu\u00f3 diciendo la madre-, e<em>l sujeto con tono m\u00e1s firme y en\u00e9rgico le repiti\u00f3 que se suba, ah\u00ed disminuye la velocidad para acercarse m\u00e1s. En ese momento y hoy pensamos, por obra y gracia del Universo, ven\u00eda su empleadora en su auto, quien advierte la situaci\u00f3n por la que mi hija sale corriendo y se mete r\u00e1pidamente en el auto de su empleadora&#8221;<\/em>.<\/div>\n<div><\/div>\n<div>Ante la reacci\u00f3n de la chica, apunt\u00f3 <strong>Reina Flores<\/strong>, <em>&#8220;este sujeto aceler\u00f3 y desapareci\u00f3 inmediatamente. Acto seguido, su empleadora llama a la Guardia Urbana, y se apersona un m\u00f3vil de la Polic\u00eda, quienes les toman los datos a mi hija; tratan de recabar m\u00e1s datos del veh\u00edculo y el sujeto en cuesti\u00f3n para ver si daban con alg\u00fan rastro&#8221;.<\/em><\/div>\n<div><\/div>\n<div><em>&#8220;Lamentablemente este tipo de sucesos vienen ocurriendo en nuestro distrito, mi hija me ven\u00eda comentando de relatos de chicas que eran perseguidas por veh\u00edculos sospechosos, y que fueran hasta forzadas a subir. La verdad que cuando uno escucha estas situaciones, lo piensa como algo que no nos suceder\u00eda<\/em> (en Exaltaci\u00f3n de la Cruz);<em> igualmente hab\u00edamos tomado ciertas precauciones como por ejemplo, que me mandara su ubicaci\u00f3n e<\/em>n tiempo real cuando iba o volv\u00eda de su trabajo, claramente no es suficiente&#8221;, reconoci\u00f3 preocupada la vecina.<\/div>\n<div><\/div>\n<div>\n<figure id=\"attachment_7738\" aria-describedby=\"caption-attachment-7738\" style=\"width: 447px\" class=\"wp-caption aligncenter\"><img loading=\"lazy\" decoding=\"async\" class=\"size-full wp-image-7738\" src=\"https:\/\/revistaepocadigital.com.ar\/wp-content\/uploads\/2020\/11\/floreees.jpg\" alt=\"\" width=\"447\" height=\"476\" srcset=\"https:\/\/revistaepocadigital.com.ar\/wp-content\/uploads\/2020\/11\/floreees.jpg 447w, https:\/\/revistaepocadigital.com.ar\/wp-content\/uploads\/2020\/11\/floreees-282x300.jpg 282w, https:\/\/revistaepocadigital.com.ar\/wp-content\/uploads\/2020\/11\/floreees-394x420.jpg 394w\" sizes=\"auto, (max-width: 447px) 100vw, 447px\" \/><figcaption id=\"caption-attachment-7738\" class=\"wp-caption-text\">La actitud valiente de la madre y directora de la escuela de Echegoyen, ante un episodio para conscientizar y exigir medidas.<\/figcaption><\/figure>\n<\/div>\n<div><\/div>\n<div>&#8220;<em>Sinceramente nos angustia mucho que est\u00e9 pasando esto en un lugar como nuestro distrito, que otrora era muy tranquilo y donde muchas veces hasta nos relajamos y cre\u00edamos, que nada pod\u00eda ocurrir les a nuestros chicos\/as. No es para vivir con p\u00e1nico, pero s\u00ed para cuidarnos entre todos, estar atentas cuando se transita en la v\u00eda p\u00fablica, y sobretodo pedir a quienes nos deben cuidar redoblar los esfuerzos de seguridad para todos los ciudadanos.<\/em>&#8220;<\/div>\n<div><\/div>\n<div><em>&#8220;Muchas gracias a todos los que la llamaron a mi hija y a m\u00ed, ella est\u00e1 bien, un poco asustada por el momento, pero bien. Lo malo adem\u00e1s de todo esta cuesti\u00f3n, es que debemos modificar rutinas y trayectos y realmente; eso me indigna, no tener la tranquilidad para que mi hija y otras chicas no puedan circular libremente&#8221;, <\/em>finaliz\u00f3 mencionando la docente.<\/div>\n<div>\n<div class=\"stjgntxs ni8dbmo4 l82x9zwi uo3d90p7 h905i5nu monazrh9\" data-visualcompletion=\"ignore-dynamic\">\n<div>\n<div>\n<div>\n<div class=\"l9j0dhe7\">\n<div class=\"bp9cbjyn m9osqain j83agx80 jq4qci2q bkfpd7mw a3bd9o3v kvgmc6g5 wkznzc2l oygrvhab dhix69tm jktsbyx5 rz4wbd8a osnr6wyh a8nywdso s1tcr66n\">\n<div class=\"bp9cbjyn j83agx80 buofh1pr ni8dbmo4 stjgntxs\"><\/div>\n<\/div>\n<\/div>\n<\/div>\n<\/div>\n<\/div>\n<\/div>\n<\/div>\n<div class=\"l6v480f0 kvgmc6g5 wkznzc2l oygrvhab dhix69tm ecm0bbzt\">\n<div>\n<div class=\"pybr56ya dati1w0a hv4rvrfc n851cfcs btwxx1t3 j83agx80 ll8tlv6m\">\n<div class=\"buofh1pr\">\n<div class=\"j83agx80 cbu4d94t ew0dbk1b irj2b8pg\">\n<div class=\"qzhwtbm6 knvmm38d\"><strong>UN DETENIDO POR EL &#8220;SUPUESTO ACOSO&#8221;<\/strong><\/div>\n<div><\/div>\n<div class=\"qzhwtbm6 knvmm38d\">Hubo informaci\u00f3n difundida por el municipio sobre lo que definieron como un caso de &#8220;supuesto acoso&#8221;. La <strong>Polic\u00eda de Exaltaci\u00f3n de la Cruz procedi\u00f3 a detener a un sujeto mayor de edad<\/strong> por un supuesto hecho de acoso, que ahora investiga la Justicia, y que se habr\u00eda producido en una de las calles del <strong>Barrio Parque Exaltaci\u00f3n.<\/strong><\/div>\n<div><\/div>\n<\/div>\n<\/div>\n<\/div>\n<\/div>\n<div class=\"\" dir=\"auto\">\n<div id=\"jsc_c_9c\" class=\"ecm0bbzt hv4rvrfc ihqw7lf3 dati1w0a\" data-ad-comet-preview=\"message\" data-ad-preview=\"message\">\n<div class=\"j83agx80 cbu4d94t ew0dbk1b irj2b8pg\">\n<div class=\"qzhwtbm6 knvmm38d\">\n<div class=\"o9v6fnle cxmmr5t8 oygrvhab hcukyx3x c1et5uql ii04i59q\">\n<div dir=\"auto\">El suceso tuvo lugar esta semana y fue denunciado por la madre de la v\u00edctima, a trav\u00e9s de las redes sociales. Sin embargo, la persona se ocup\u00f3 de radicar la denuncia, lo que facilit\u00f3 la intervenci\u00f3n de la Justicia y, por lo tanto, de la polic\u00eda.<\/div>\n<\/div>\n<div class=\"o9v6fnle cxmmr5t8 oygrvhab hcukyx3x c1et5uql ii04i59q\">\n<div dir=\"auto\"><\/div>\n<div dir=\"auto\">Seg\u00fan el relato, la joven fue acosada por un sujeto que se desplazaba en un auto, al que la habr\u00eda invitado a subir. Luego de la denuncia, a trav\u00e9s de las c\u00e1maras del CAV (0800-666-9009), se confirm\u00f3 la presencia del veh\u00edculo en esa zona. Al verificar la patente, se pudo dar con el conductor del rodado.<\/div>\n<\/div>\n<div class=\"o9v6fnle cxmmr5t8 oygrvhab hcukyx3x c1et5uql ii04i59q\">\n<div dir=\"auto\">As\u00ed, y con la denuncia policial correspondiente, las autoridades actuaron de inmediato y lograron detener al supuesto acosador, que est\u00e1 a disposici\u00f3n de las autoridades judiciales.<\/div>\n<\/div>\n<\/div>\n<\/div>\n<div dir=\"auto\">\n<figure id=\"attachment_7748\" aria-describedby=\"caption-attachment-7748\" style=\"width: 503px\" class=\"wp-caption aligncenter\"><img loading=\"lazy\" decoding=\"async\" class=\"size-full wp-image-7748\" src=\"https:\/\/revistaepocadigital.com.ar\/wp-content\/uploads\/2020\/11\/marcha.jpg\" alt=\"\" width=\"503\" height=\"896\" srcset=\"https:\/\/revistaepocadigital.com.ar\/wp-content\/uploads\/2020\/11\/marcha.jpg 503w, https:\/\/revistaepocadigital.com.ar\/wp-content\/uploads\/2020\/11\/marcha-168x300.jpg 168w, https:\/\/revistaepocadigital.com.ar\/wp-content\/uploads\/2020\/11\/marcha-236x420.jpg 236w, https:\/\/revistaepocadigital.com.ar\/wp-content\/uploads\/2020\/11\/marcha-472x840.jpg 472w\" sizes=\"auto, (max-width: 503px) 100vw, 503px\" \/><figcaption id=\"caption-attachment-7748\" class=\"wp-caption-text\">El viernes 20\/11 se organiz\u00f3 una asamblea de mujeres en la plaza San Mart\u00edn, para reclamar por su seguridad.<\/figcaption><\/figure>\n<\/div>\n<\/div>\n<\/div>\n<\/div>\n<div><\/div>\n<div><strong>EL BLOQUE DE CONCEJALES DE JUNTOS POR EL CAMBIO,<\/strong><\/div>\n<div><strong> PIDI\u00d3 MEDIDAS EN UN PROYECTO DE COMUNICACI\u00d3N.<\/strong><\/div>\n<div><\/div>\n<div>\n<div class=\"q9uorilb bvz0fpym c1et5uql sf5mxxl7\">\n<div class=\"_680y\">\n<div class=\"_6cuy\">\n<div class=\"b3i9ofy5 e72ty7fz qlfml3jp inkptoze qmr60zad rq0escxv oo9gr5id q9uorilb kvgmc6g5 cxmmr5t8 oygrvhab hcukyx3x d2edcug0 jm1wdb64 l9j0dhe7 l3itjdph qv66sw1b\">\n<div class=\"tw6a2znq sj5x9vvc d1544ag0 cxgpxx05\">\n<div class=\"nc684nl6\">\n<p>Este es el texto presentado en la \u00faltima sesi\u00f3n del Concejo Deliberante:<\/p>\n<p>VISTO:<\/p>\n<p>Las facultades conferidas por el Decreto-Ley 6769\/58 a este cuerpo legislativo y disposiciones del Reglamento Interno.-<\/p>\n<p>CONSIDERANDO:<\/p>\n<p>Que el d\u00eda 16\/11\/2020 la Sra. Reina Flores, la vecina de Exaltaci\u00f3n De La Cruz, manifiesta a trav\u00e9s de las Redes Sociales que su hija Victoria Paez, ese mismo d\u00eda, fue v\u00edctima de de acoso callejero por parte de hombre que intento forzarla a subir a su veh\u00edculo cuando la misma se encontraba caminando hacia su trabajo en el Barrio Parque Exaltaci\u00f3n.<\/p>\n<p>Que la vecina manifiesta que la situaci\u00f3n no fue de mayor gravedad gracias la intervenci\u00f3n inesperada de la empleadora que al momento de los hechos circulaba por la zona, a lo cual, cuando la Sra. Victoria Paez nota la presencia de su empleadora escapa de la situaci\u00f3n y aborda el veh\u00edculo en el cual se transportaba la vecina.-<\/p>\n<p>Que ante esto el acosador se da a la fuga de la escena.-<\/p>\n<p>Que ambas, la sra Paez y su empleadora, se comunican con el CAV para radicar la correspondiente denuncia a fin de proporcionar datos para que las fuerzas de seguridad pudieran seguir el rastro y dar con el acosador.-<\/p>\n<p>Que estas situaciones comenzaron a repetirse en nuestro distrito cada vez con m\u00e1s frecuencia en los \u00faltimos tiempos y que cada una de sus v\u00edctimas dejan manifestado de forma p\u00fablica las situaciones que fueron obligadas a vivir ante el acoso callejero e intentos de forzarlas a abordar veh\u00edculos desconocidos.<\/p>\n<p>Que la reiteraci\u00f3n en estos hechos a trav\u00e9s del tiempo hace entender que lo ocurrido no es un hecho aislado sino todo lo contrario y debemos evitar que estas conductas se naturalicen en nuestra comunidad.-<\/p>\n<p>Que todo lo manifestado y ocurrido se suma ya a las otras formas de acoso callejero que padecen las mujeres en las calles de nuestro pueblo, que va desde acoso verbal hasta contacto f\u00edsico sin su consentimiento por transe\u00fantes.-<\/p>\n<p>Que ante estos casos las respuestas por parte del Estado han sido insuficiente hasta el momento.-<\/p>\n<p>Que al Estado Municipal le corresponde todo lo relativo a la prevenci\u00f3n del delito, del acoso y de a cualquier otra conducta repudiable que tenga como fin menoscabar la integridad sexual y personal las mujeres exaltacrucenses en la v\u00eda p\u00fablica.-<\/p>\n<p>Que este flagelo no puede ser abordado con de forma pasiva por parte del Estado Municipal y cada uno de los Poderes y funcionarios que lo componen.-<\/p>\n<p>Por lo cual el <strong>Honorable Concejo Deliberante del Pueblo de Exaltaci\u00f3n de la Cruz<\/strong>, dicta la siguiente:<\/p>\n<p><strong><u>COMUNICACI\u00d3N<\/u><\/strong><\/p>\n<p><strong><u>Art\u00edculo 1\u00b0:<\/u><\/strong> \u00a0\u00a0\u00a0\u00a0\u00a0\u00a0\u00a0\u00a0\u00a0\u00a0\u00a0 El Honorable Concejo Deliberante expresa su mas en\u00e9rgico repudio a las conductas descriptas, al mismo tiempo que tambi\u00e9n expresa preocupaci\u00f3n debido al creciente n\u00famero de casos que son denunciados por vecinas de Exaltaci\u00f3n De La Cruz, las cuales en su mayor\u00eda describen un <em>modus operandi <\/em>similar.<\/p>\n<p><strong><u>Art\u00edculo 2\u00b0:<\/u><\/strong> \u00a0\u00a0\u00a0\u00a0\u00a0\u00a0\u00a0\u00a0\u00a0\u00a0\u00a0 El Honorable Concejo Deliberante exhorta a las autoridades correspondientes a que extremen las medidas de prevenci\u00f3n y afines, a fin de reducir al m\u00e1ximo las posibilidades de que estas situaciones contin\u00faen aumentando a lo largo de nuestro partido.<\/p>\n<p><strong><u>Art\u00edculo 3\u00b0:<\/u><\/strong>\u00a0\u00a0\u00a0\u00a0\u00a0\u00a0\u00a0\u00a0\u00a0\u00a0\u00a0\u00a0 Los vistos y Considerandos forman parte de la Presente Comunicaci\u00f3n.-<\/p>\n<p><strong><u>Art\u00edculo 5\u00b0:<\/u><\/strong>\u00a0\u00a0\u00a0\u00a0\u00a0\u00a0\u00a0\u00a0\u00a0\u00a0\u00a0\u00a0 De forma.-<\/p>\n<p>Firmaron: Ra\u00fal Sancho (bloque Cambiemos), Ariel Herling (Bloque Juntos por el Cambio), Ver\u00f3nica Ludwig Dreir (Bloque Juntos por el Cambio), Claudio Gonz\u00e1lez (Bloque Cambiemos), Gerardo Noriega (Bloque Juntos por el Cambio).<\/p>\n<\/div>\n<p>&nbsp;<\/p>\n<\/div>\n<\/div>\n<\/div>\n<\/div>\n<\/div>\n<\/div>\n","protected":false},"excerpt":{"rendered":"<p>VEMOS EN LOS MEDIOS, LO TERRIBLE QUE REFLEJA LA REALIDAD. SE HIZO UN ASAMBLEA FRENTE A MUNICIPIO.<\/p>\n","protected":false},"author":4,"featured_media":7737,"comment_status":"open","ping_status":"open","sticky":false,"template":"","format":"standard","meta":{"footnotes":"","jetpack_publicize_message":"","jetpack_publicize_feature_enabled":true,"jetpack_social_post_already_shared":false,"jetpack_social_options":{"image_generator_settings":{"template":"highway","default_image_id":0,"font":"","enabled":false},"version":2}},"categories":[13],"tags":[1045,741],"class_list":["post-7727","post","type-post","status-publish","format-standard","has-post-thumbnail","hentry","category-interes-general","tag-acosos","tag-inseguridad"],"jetpack_publicize_connections":[],"jetpack_featured_media_url":"https:\/\/revistaepocadigital.com.ar\/wp-content\/uploads\/2020\/11\/FLORES-REINA.jpg","jetpack_likes_enabled":true,"_links":{"self":[{"href":"https:\/\/revistaepocadigital.com.ar\/index.php?rest_route=\/wp\/v2\/posts\/7727","targetHints":{"allow":["GET"]}}],"collection":[{"href":"https:\/\/revistaepocadigital.com.ar\/index.php?rest_route=\/wp\/v2\/posts"}],"about":[{"href":"https:\/\/revistaepocadigital.com.ar\/index.php?rest_route=\/wp\/v2\/types\/post"}],"author":[{"embeddable":true,"href":"https:\/\/revistaepocadigital.com.ar\/index.php?rest_route=\/wp\/v2\/users\/4"}],"replies":[{"embeddable":true,"href":"https:\/\/revistaepocadigital.com.ar\/index.php?rest_route=%2Fwp%2Fv2%2Fcomments&post=7727"}],"version-history":[{"count":0,"href":"https:\/\/revistaepocadigital.com.ar\/index.php?rest_route=\/wp\/v2\/posts\/7727\/revisions"}],"wp:featuredmedia":[{"embeddable":true,"href":"https:\/\/revistaepocadigital.com.ar\/index.php?rest_route=\/wp\/v2\/media\/7737"}],"wp:attachment":[{"href":"https:\/\/revistaepocadigital.com.ar\/index.php?rest_route=%2Fwp%2Fv2%2Fmedia&parent=7727"}],"wp:term":[{"taxonomy":"category","embeddable":true,"href":"https:\/\/revistaepocadigital.com.ar\/index.php?rest_route=%2Fwp%2Fv2%2Fcategories&post=7727"},{"taxonomy":"post_tag","embeddable":true,"href":"https:\/\/revistaepocadigital.com.ar\/index.php?rest_route=%2Fwp%2Fv2%2Ftags&post=7727"}],"curies":[{"name":"wp","href":"https:\/\/api.w.org\/{rel}","templated":true}]}}