{"id":7799,"date":"2020-11-22T01:27:25","date_gmt":"2020-11-22T04:27:25","guid":{"rendered":"https:\/\/revistaepocadigital.com.ar\/?p=7799"},"modified":"2020-11-22T01:27:25","modified_gmt":"2020-11-22T04:27:25","slug":"claudio-cruzado-tuvo-un-dia-cruzado-vivio-un-espectacular-y-afortunado-accidente-en-turismo-pista","status":"publish","type":"post","link":"https:\/\/revistaepocadigital.com.ar\/?p=7799","title":{"rendered":"Claudio Cruzado tuvo un d\u00eda cruzado, vivi\u00f3 un espectacular y afortunado accidente en Turismo Pista"},"content":{"rendered":"<p><strong>EN EL AUT\u00d3DROMO OSCAR Y JUAN G\u00c1LVEZ DE BUENOS AIRES.<\/strong><!--more--><\/p>\n<p>El Turismo Pista en su presentaci\u00f3n del s\u00e1bado (21\/11) por el campeonato argentino, atraves\u00f3 momentos de angustia y nervios, cuando a poco de iniciada la final de Clase Uno (gan\u00f3 Franco Melli), se produjo un espectacular accidente en la primera vuelta en la recta principal que provoc\u00f3 un gran susto.<\/p>\n<p>Una pi\u00f1a de consideraci\u00f3n que entre sus protagonistas tuvo al conocido piloto de Los Cardales, Claudio Cruzado, animador del Turismo Pista desde hace a\u00f1os, y con una vasta trayectoria en categorias zonales. El otro involucrado en el golpe fue Juan Deucedes quien luego del toque lateral con el Fiat Uno del cardalense, volc\u00f3 sobre el pared\u00f3n de boxes.<\/p>\n<p>Los pilotos resultaron ilesos, m\u00e1s all\u00e1 que a Cruzado le hicieron radiograf\u00edas. Su Fiat Uno (muy da\u00f1ado) golpe\u00f3 contra el muro de boxes y qued\u00f3 en el medio de la pista cuando pasaba el resto del pelot\u00f3n, por suerte fue esquivado, sin embargo el coche de Deucedes, lo impact\u00f3, volc\u00f3 y se arrastr\u00f3 de techo por varios metros.<\/p>\n<p>Mir\u00e1 las imagenes de la pi\u00f1a y lo que cont\u00f3 despu\u00e9s el cardalense:<\/p>\n<blockquote class=\"twitter-tweet\" data-width=\"550\" data-dnt=\"true\">\n<p lang=\"es\" dir=\"ltr\">La palabra de Cruzado despu\u00e9s del fuerte golpe en la final 1 de la Clase 1 en Buenos Aires\ud83c\udf99\ufe0f <a href=\"https:\/\/t.co\/OLCeigy9wz\">pic.twitter.com\/OLCeigy9wz<\/a><\/p>\n<p>&mdash; Carburando (@CarburandoTV) <a href=\"https:\/\/twitter.com\/CarburandoTV\/status\/1330259052497170439?ref_src=twsrc%5Etfw\">November 21, 2020<\/a><\/p><\/blockquote>\n<p><script async src=\"https:\/\/platform.twitter.com\/widgets.js\" charset=\"utf-8\"><\/script><\/p>\n<p>El auto de Cruzado dio contra el pared\u00f3n de boxes tras un toque y queda en el medio de la pista, enseguida lo enganch\u00f3 Agust\u00edn Gajate e de inmediato Cruzado es golpeado por el auto de Deucedes que empez\u00f3 a volcar.<\/p>\n<p>Todos los pilotos bajaron de sus autos por sus propios medios y Cruzado fue llevado al hospital m\u00e9dico del circuito para hacerle chequeos, radiograf\u00edas en una costilla entre otros.<\/p>\n<p>En la Clase Dos, el mendocino Tom\u00e1s Vitar (Chevrolet Corsa) de s\u00f3lo 16 a\u00f1os logr\u00f3 su primer triunfo en una categor\u00eda nacional. Horacio \u00c9volo (Renault Clio) se impuso sin sobresaltos en la Clase Tres.<\/p>\n<p>Imagenes: gentileza Carburando.<\/p>\n","protected":false},"excerpt":{"rendered":"<p>EN EL AUT\u00d3DROMO OSCAR Y JUAN G\u00c1LVEZ DE BUENOS AIRES.<\/p>\n","protected":false},"author":4,"featured_media":7804,"comment_status":"open","ping_status":"open","sticky":false,"template":"","format":"standard","meta":{"footnotes":"","jetpack_publicize_message":"","jetpack_publicize_feature_enabled":true,"jetpack_social_post_already_shared":false,"jetpack_social_options":{"image_generator_settings":{"template":"highway","default_image_id":0,"font":"","enabled":false},"version":2}},"categories":[4],"tags":[1075,1076,1074,339],"class_list":["post-7799","post","type-post","status-publish","format-standard","has-post-thumbnail","hentry","category-aqui-los-cardales","tag-accidente","tag-bs-as","tag-cruzado","tag-turismo-pista"],"jetpack_publicize_connections":[],"jetpack_featured_media_url":"https:\/\/revistaepocadigital.com.ar\/wp-content\/uploads\/2020\/11\/CRUZADO.jpeg","jetpack_likes_enabled":true,"_links":{"self":[{"href":"https:\/\/revistaepocadigital.com.ar\/index.php?rest_route=\/wp\/v2\/posts\/7799","targetHints":{"allow":["GET"]}}],"collection":[{"href":"https:\/\/revistaepocadigital.com.ar\/index.php?rest_route=\/wp\/v2\/posts"}],"about":[{"href":"https:\/\/revistaepocadigital.com.ar\/index.php?rest_route=\/wp\/v2\/types\/post"}],"author":[{"embeddable":true,"href":"https:\/\/revistaepocadigital.com.ar\/index.php?rest_route=\/wp\/v2\/users\/4"}],"replies":[{"embeddable":true,"href":"https:\/\/revistaepocadigital.com.ar\/index.php?rest_route=%2Fwp%2Fv2%2Fcomments&post=7799"}],"version-history":[{"count":0,"href":"https:\/\/revistaepocadigital.com.ar\/index.php?rest_route=\/wp\/v2\/posts\/7799\/revisions"}],"wp:featuredmedia":[{"embeddable":true,"href":"https:\/\/revistaepocadigital.com.ar\/index.php?rest_route=\/wp\/v2\/media\/7804"}],"wp:attachment":[{"href":"https:\/\/revistaepocadigital.com.ar\/index.php?rest_route=%2Fwp%2Fv2%2Fmedia&parent=7799"}],"wp:term":[{"taxonomy":"category","embeddable":true,"href":"https:\/\/revistaepocadigital.com.ar\/index.php?rest_route=%2Fwp%2Fv2%2Fcategories&post=7799"},{"taxonomy":"post_tag","embeddable":true,"href":"https:\/\/revistaepocadigital.com.ar\/index.php?rest_route=%2Fwp%2Fv2%2Ftags&post=7799"}],"curies":[{"name":"wp","href":"https:\/\/api.w.org\/{rel}","templated":true}]}}