{"id":7829,"date":"2020-11-23T20:36:29","date_gmt":"2020-11-23T23:36:29","guid":{"rendered":"https:\/\/revistaepocadigital.com.ar\/?p=7829"},"modified":"2020-11-23T21:21:45","modified_gmt":"2020-11-24T00:21:45","slug":"no-queremos-radicales-k-en-exaltacion-de-la-cruz-la-interna-radical-en-movimiento","status":"publish","type":"post","link":"https:\/\/revistaepocadigital.com.ar\/?p=7829","title":{"rendered":"\u201cNo queremos radicales K en Exaltaci\u00f3n de la Cruz\u201d, la interna radical en movimiento"},"content":{"rendered":"<p><strong>A LA VISTA. <\/strong><!--more--><\/p>\n<p>En la <strong>UCR<\/strong> viven los tiempos pol\u00edticos actuales en el pa\u00eds, sin descuidar el plano <strong>interno.<\/strong> En marzo de 2021 habr\u00e1 elecciones internas claves, donde se dilucidar\u00e1 el futuro del partido.<\/p>\n<p>En tal sentido, pasaron por <strong>Exaltaci\u00f3n de la Cruz, por Parada Robles<\/strong> (20\/11) autoridades partidarias que se reunieron con sus pares locales durante el desayuno de trabajo compartido.<\/p>\n<p>Asistieron el presidente de la UCR local y actual candidato para las elecciones internas 2021, Carlos Ram\u00edrez, la concejal Ver\u00f3nica Ludwig\u00a0<span class=\"tojvnm2t a6sixzi8 abs2jz4q a8s20v7p t1p8iaqh k5wvi7nf q3lfd5jv pk4s997a bipmatt0 cebpdrjk qowsmv63 owwhemhu dp1hu0rb dhp61c6y iyyx5f41\">Dreier<\/span>, \u00a0Luis \u201cPerico\u201d M\u00e1ntaras, candidato a secretario general y \u00a0Noem\u00ed Nancy Luchtenberg, candidata a vocal titular. Los dirigentes visitantes fueron\u00a0 el diputado nacional Carlos Fern\u00e1ndez, la diputada provincial Sandra Paris, el intendente de la ciudad de Rojas, Claudio Rossi y la concejal de la ciudad de Z\u00e1rate, Mar\u00eda Elena Gallea.<\/p>\n<p><em>\u201cConversamos sobre la realidad nacional y provincial, sobre la grave crisis econ\u00f3mica, social e institucional que est\u00e1 atravesando la Argentina con el gobierno del Frente de Todos, los n\u00fameros alarmantes de p\u00e9rdida de puestos de trabajo, \u00a0que seg\u00fan el Indec ha indicado m\u00e1s de 3.470.000 argentinos que perdieron sus fuentes laborales. Tambi\u00e9n, nos ocupamos sobre la preocupaci\u00f3n por las usurpaciones,\u00a0 la situaci\u00f3n del campo con la gran carga impositiva que est\u00e1 afrontando, los problemas de inseguridad del distrito de Exaltaci\u00f3n de la Cruz, donde en los \u00faltimos d\u00edas las mujeres tienen miedo de circular libremente por las calles de nuestros pueblos, y tambi\u00e9n conversamos sobre la cuesti\u00f3n atinente a la cercan\u00eda al conurbano bonaerense que plantea una realidad totalmente distinta a otros ciudades de la segunda secci\u00f3n electoral\u201d<\/em>, coment\u00f3 a <strong>EPOCA<\/strong> la concejal<strong> Ludwig <span class=\"tojvnm2t a6sixzi8 abs2jz4q a8s20v7p t1p8iaqh k5wvi7nf q3lfd5jv pk4s997a bipmatt0 cebpdrjk qowsmv63 owwhemhu dp1hu0rb dhp61c6y iyyx5f41\">Dreier<\/span>.<\/strong><\/p>\n<p><img loading=\"lazy\" decoding=\"async\" class=\"size-full wp-image-7831\" style=\"text-align: center;\" src=\"https:\/\/revistaepocadigital.com.ar\/wp-content\/uploads\/2020\/11\/ucr3.jpg\" alt=\"\" width=\"640\" height=\"427\" srcset=\"https:\/\/revistaepocadigital.com.ar\/wp-content\/uploads\/2020\/11\/ucr3.jpg 640w, https:\/\/revistaepocadigital.com.ar\/wp-content\/uploads\/2020\/11\/ucr3-300x200.jpg 300w, https:\/\/revistaepocadigital.com.ar\/wp-content\/uploads\/2020\/11\/ucr3-630x420.jpg 630w\" sizes=\"auto, (max-width: 640px) 100vw, 640px\" \/><\/p>\n<p>Radicales exaltacruce\u00f1os y representantes provinciales y nacionales.Como informara EPOCA, las elecciones internas en el radicalismo, debido a la pandemia se pasaron para marzo del pr\u00f3ximo a\u00f1o. Ante esa instancia electoral partidaria, el candidato a presidente del partido en Exaltaci\u00f3n de la Cruz, Carlos Ram\u00edrez y la concejal Ludwig Dreier, apoyan la f\u00f3rmula de<strong> \u201cAdelante Buenos Aires\u201d,<\/strong> encabezada por el actual presidente del Bloque de Juntos por el Cambio, <strong>Maximiliano Abad<\/strong> y la actual intendente de Gral. Arenales, <strong>\u00c9rica Revilla.<\/strong><\/p>\n<p><em>\u201cMaxi Abad para nosotros representa la actual representatividad desde el 2015, cuando en las elecciones de ese a\u00f1o, pudimos obtener m\u00e1s intendentes radicales, m\u00e1s representatividad y presencia activa en ambas c\u00e1maras, mayor n\u00fameros de concejales radicales y una gran juventud radical totalmente organizada\u201d,<\/em> agreg\u00f3 <span class=\"tojvnm2t a6sixzi8 abs2jz4q a8s20v7p t1p8iaqh k5wvi7nf q3lfd5jv pk4s997a bipmatt0 cebpdrjk qowsmv63 owwhemhu dp1hu0rb dhp61c6y iyyx5f41\">Dreier<\/span>\u00a0y acot\u00f3, <em>\u201cMaxi nos incentiva con sus palabras y hechos, esto demuestra el cambio de actitud del partido, habiendo recuperado la vocaci\u00f3n de liderar y gobernar la provincia de Buenos Aires\u201d<\/em>. Al respecto el diputado Fern\u00e1ndez expres\u00f3 que <em>\u201crecorremos todo el territorio bonaerense convocando a los radicales que sue\u00f1an con un partido que lidere la coalici\u00f3n Juntos por el Cambio desde \u201cAdelante Buenos Aires\u201d.<\/em><\/p>\n<p>En un tramo del encuentro entre radicales, se acercaron al puente de la autov\u00eda 8 en Pav\u00f3n, para mostrar la obra realizada por la artista pl\u00e1stica <strong>Bettina Sabbatini,<\/strong> en conmemoraci\u00f3n al D\u00eda de la Soberan\u00eda Nacional, rindi\u00e9ndose homenaje en el mural a los h\u00e9roes del submarino ARA Gral. Belgrano.<\/p>\n<p>En un tono marcadamente pol\u00edtico y cr\u00edtico, apunt\u00f3 Ludwig <span class=\"tojvnm2t a6sixzi8 abs2jz4q a8s20v7p t1p8iaqh k5wvi7nf q3lfd5jv pk4s997a bipmatt0 cebpdrjk qowsmv63 owwhemhu dp1hu0rb dhp61c6y iyyx5f41\">Dreier<\/span>, que los representantes de la UCR en el distrito,<em> \u201cno queremos radicales K en Exaltaci\u00f3n de la Cruz\u201d.<\/em> Aludi\u00f3 la edil a la lista con la que confrontar\u00e1n (Boina Blanca) en las internas de marzo 2021, al sostener que dicha lista<em> \u201cllevar\u00e1 referentes del Frente de Todos\u201d.<\/em><\/p>\n","protected":false},"excerpt":{"rendered":"<p>A LA VISTA.<\/p>\n","protected":false},"author":4,"featured_media":7830,"comment_status":"open","ping_status":"open","sticky":false,"template":"","format":"standard","meta":{"footnotes":"","jetpack_publicize_message":"","jetpack_publicize_feature_enabled":true,"jetpack_social_post_already_shared":false,"jetpack_social_options":{"image_generator_settings":{"template":"highway","default_image_id":0,"font":"","enabled":false},"version":2}},"categories":[17],"tags":[1080,933],"class_list":["post-7829","post","type-post","status-publish","format-standard","has-post-thumbnail","hentry","category-politica","tag-1080","tag-internas-radicales"],"jetpack_publicize_connections":[],"jetpack_featured_media_url":"https:\/\/revistaepocadigital.com.ar\/wp-content\/uploads\/2020\/11\/ucr-A.jpg","jetpack_likes_enabled":true,"_links":{"self":[{"href":"https:\/\/revistaepocadigital.com.ar\/index.php?rest_route=\/wp\/v2\/posts\/7829","targetHints":{"allow":["GET"]}}],"collection":[{"href":"https:\/\/revistaepocadigital.com.ar\/index.php?rest_route=\/wp\/v2\/posts"}],"about":[{"href":"https:\/\/revistaepocadigital.com.ar\/index.php?rest_route=\/wp\/v2\/types\/post"}],"author":[{"embeddable":true,"href":"https:\/\/revistaepocadigital.com.ar\/index.php?rest_route=\/wp\/v2\/users\/4"}],"replies":[{"embeddable":true,"href":"https:\/\/revistaepocadigital.com.ar\/index.php?rest_route=%2Fwp%2Fv2%2Fcomments&post=7829"}],"version-history":[{"count":0,"href":"https:\/\/revistaepocadigital.com.ar\/index.php?rest_route=\/wp\/v2\/posts\/7829\/revisions"}],"wp:featuredmedia":[{"embeddable":true,"href":"https:\/\/revistaepocadigital.com.ar\/index.php?rest_route=\/wp\/v2\/media\/7830"}],"wp:attachment":[{"href":"https:\/\/revistaepocadigital.com.ar\/index.php?rest_route=%2Fwp%2Fv2%2Fmedia&parent=7829"}],"wp:term":[{"taxonomy":"category","embeddable":true,"href":"https:\/\/revistaepocadigital.com.ar\/index.php?rest_route=%2Fwp%2Fv2%2Fcategories&post=7829"},{"taxonomy":"post_tag","embeddable":true,"href":"https:\/\/revistaepocadigital.com.ar\/index.php?rest_route=%2Fwp%2Fv2%2Ftags&post=7829"}],"curies":[{"name":"wp","href":"https:\/\/api.w.org\/{rel}","templated":true}]}}