{"id":7843,"date":"2020-11-24T19:42:35","date_gmt":"2020-11-24T22:42:35","guid":{"rendered":"https:\/\/revistaepocadigital.com.ar\/?p=7843"},"modified":"2020-11-25T00:49:49","modified_gmt":"2020-11-25T03:49:49","slug":"serie-especial-solo-hicieron-250-del-nuevo-suv-citroen-c4-cactus-c-series-para-los-que-buscan-quieren-y-pueden-subirse-a-un-auto-placentero","status":"publish","type":"post","link":"https:\/\/revistaepocadigital.com.ar\/?p=7843","title":{"rendered":"SERIE ESPECIAL. NUEVO SUV CITRO\u00cbN C4 CACTUS C-SERIES, SI QUER\u00c9S Y POD\u00c9S SUBIRTE A UN AUTO PLACENTERO"},"content":{"rendered":"<p><strong>CUANDO LO VES EN LA CALLE\u2026<\/strong><span id=\"more-158538\"><\/span><!--more--><\/p>\n<p>es d\u00edficil que no lo mires. El auto, el SUV Citroen C4 Cactus ha generado atracci\u00f3n desee su aparici\u00f3n, el estilo moderno, \u00abdistinto\u00bb, transgresor porqu\u00e9 no, expresivo y puro dinamismo.<\/p>\n<p>En Citroen le han dado una saludable vuelta de tuerca con la aparici\u00f3n del\u00a0<strong>SUV C4 Cactus \u00abC-Series\u00bb<\/strong>, optimizado por sus colores y materiales de la marca, que logran una personalizaci\u00f3n a\u00fan m\u00e1s cuidada y exclusiva en s\u00f3lo 250 unidades.<\/p>\n<p><img loading=\"lazy\" decoding=\"async\" class=\"aligncenter size-full wp-image-158540 smush-detected-img smush-image-2 scaled-image td-animation-stack-type0-2\" title=\"Forced to wrong size: 640x353, natural is 1000x551!\" src=\"http:\/\/visionauto.com.ar\/wp-content\/uploads\/2020\/11\/CITROEN-C4CACTUS-C-SERIES-2.jpg\" sizes=\"auto, (max-width: 1000px) 100vw, 1000px\" srcset=\"http:\/\/visionauto.com.ar\/wp-content\/uploads\/2020\/11\/CITROEN-C4CACTUS-C-SERIES-2.jpg 1000w, http:\/\/visionauto.com.ar\/wp-content\/uploads\/2020\/11\/CITROEN-C4CACTUS-C-SERIES-2-300x165.jpg 300w, http:\/\/visionauto.com.ar\/wp-content\/uploads\/2020\/11\/CITROEN-C4CACTUS-C-SERIES-2-768x423.jpg 768w, http:\/\/visionauto.com.ar\/wp-content\/uploads\/2020\/11\/CITROEN-C4CACTUS-C-SERIES-2-762x420.jpg 762w, http:\/\/visionauto.com.ar\/wp-content\/uploads\/2020\/11\/CITROEN-C4CACTUS-C-SERIES-2-640x353.jpg 640w, http:\/\/visionauto.com.ar\/wp-content\/uploads\/2020\/11\/CITROEN-C4CACTUS-C-SERIES-2-681x375.jpg 681w\" alt=\"\" width=\"1000\" height=\"551\" \/><\/p>\n<p>Disponible en dos colores de carrocer\u00eda bitono, Gris Grafito o Blanco Banquise, ambos combinados con techo color Negro Perla, completa su dise\u00f1o provocativo con detalles en color Rojo Ad\u00e9n, m\u00e1s detalles en espejos retrovisores exteriores, en los embellecedores de los faros antiniebla, apliques de los Airbump, y llantas en 17 pulgadas, en color Negro Onyx con centros rojos y las barras de techo flotantes, atractivas, funcionales, tambi\u00e9n siguen los lineamientos indicados en el mundo SUV.<\/p>\n<p><img loading=\"lazy\" decoding=\"async\" class=\"aligncenter size-full wp-image-7845\" src=\"https:\/\/revistaepocadigital.com.ar\/wp-content\/uploads\/2020\/11\/CITROEN-C4CACTUS-C-SERIES-2.jpg\" alt=\"\" width=\"1000\" height=\"551\" srcset=\"https:\/\/revistaepocadigital.com.ar\/wp-content\/uploads\/2020\/11\/CITROEN-C4CACTUS-C-SERIES-2.jpg 1000w, https:\/\/revistaepocadigital.com.ar\/wp-content\/uploads\/2020\/11\/CITROEN-C4CACTUS-C-SERIES-2-300x165.jpg 300w, https:\/\/revistaepocadigital.com.ar\/wp-content\/uploads\/2020\/11\/CITROEN-C4CACTUS-C-SERIES-2-768x423.jpg 768w, https:\/\/revistaepocadigital.com.ar\/wp-content\/uploads\/2020\/11\/CITROEN-C4CACTUS-C-SERIES-2-696x383.jpg 696w, https:\/\/revistaepocadigital.com.ar\/wp-content\/uploads\/2020\/11\/CITROEN-C4CACTUS-C-SERIES-2-762x420.jpg 762w\" sizes=\"auto, (max-width: 1000px) 100vw, 1000px\" \/><\/p>\n<p>Surgido\u00a0 de la\u00a0<strong>versi\u00f3n Feel Pack<\/strong>, es fabricado en Brasil; el\u00a0<strong>motor<\/strong>\u00a0es el mismo de la versi\u00f3n Feel; 1.6 16v VTi con 115 cv y caja de velocidades manual con cinco marchas, o bien autom\u00e1tica Aisin con convertidor de par y seis velocidades. La tracci\u00f3n tampoco ofrece novedades, delantera.<\/p>\n<p>El<strong>\u00a0interior<\/strong>\u00a0de esta serie especial, refuerza la promesa de la marca \u201cInspired by You\u201d y sugiere confort y bienestar desde la apertura de las puertas. Un modelo completamente desarrollado bajo el programa \u201cCitro\u00ebn Advanced Comfort\u201d: un programa que tiene como objetivo desarrollar soluciones innovadoras, tecnol\u00f3gicas e inteligentes haciendo foco en el bienestar a bordo de cada uno de los veh\u00edculos Citroen.<\/p>\n<p>Su tecnolog\u00eda se destaca por el exclusivo tablero 100% digital y el Citro\u00ebn Connect: la central multimedia con pantalla t\u00e1ctil de 7\u2033 integrada, de f\u00e1cil uso permite acceder a las principales funcioneso. Con tecnolog\u00eda Mirror Screen compatible con Android Auto y Apple Car Play, permite duplicar en la pantalla t\u00e1ctil las principales aplicaciones del smartphone.<\/p>\n<p>El\u00a0<strong>ADN Citroen<\/strong>\u00a0conservado desde ya, y un equipamiento amplio: seis airbags, frenos ABS con Repartidor Electr\u00f3nico de Frenado y Ayuda al Frenado de Urgencia; control de estabilidad (ESP) y control de tracci\u00f3n, indicador de descanso recomendado, detector de sub-inflado de neum\u00e1ticos, ayuda al arranque en pendiente, anclajes ISOFIX y Top Tether en plazas traseras laterales, c\u00e1mara de visi\u00f3n trasera, climatizador autom\u00e1tico digital, limitador y regulador de velocidad, volante multifunci\u00f3n y encendido autom\u00e1tico de luces y sensor de lluvia.<\/p>\n<p><em>\u00abPresentamos la nueva serie especial de uno de los modelos m\u00e1s importantes para la marca, nuestro SUV Citroen C4 Cactus C-Series, situado en el coraz\u00f3n del segmento B SUV. Se distingue por el uso de colores y materiales espec\u00edficos y, a su vez, conquista con sus detalles exclusivos principalmente orientados al dise\u00f1o\u00bb<\/em>, se\u00f1al\u00f3\u00a0<strong>Val\u00e8re Lourme,<\/strong>\u00a0Directora de Marketing de Citro\u00ebn Argentina..<\/p>\n<p>Al nuevo Citroen lo encontr\u00e1s en los concesionarios o bien por medio de la venta online exclusivo, el Citroen E-Store. www.citroenstore.com.ar<\/p>\n","protected":false},"excerpt":{"rendered":"<p>CUANDO LO VES EN LA CALLE\u2026<\/p>\n","protected":false},"author":4,"featured_media":7844,"comment_status":"open","ping_status":"open","sticky":false,"template":"","format":"standard","meta":{"footnotes":"","jetpack_publicize_message":"","jetpack_publicize_feature_enabled":true,"jetpack_social_post_already_shared":false,"jetpack_social_options":{"image_generator_settings":{"template":"highway","default_image_id":0,"font":"","enabled":false},"version":2}},"categories":[1081,6],"tags":[1083,1082],"class_list":["post-7843","post","type-post","status-publish","format-standard","has-post-thumbnail","hentry","category-autos-en-epoca","category-barrios","tag-autos","tag-nuevos-modelos"],"jetpack_publicize_connections":[],"jetpack_featured_media_url":"https:\/\/revistaepocadigital.com.ar\/wp-content\/uploads\/2020\/11\/CITROEN-C4CACTUS-C-SERIES-20-1021x530-1.jpg","jetpack_likes_enabled":true,"_links":{"self":[{"href":"https:\/\/revistaepocadigital.com.ar\/index.php?rest_route=\/wp\/v2\/posts\/7843","targetHints":{"allow":["GET"]}}],"collection":[{"href":"https:\/\/revistaepocadigital.com.ar\/index.php?rest_route=\/wp\/v2\/posts"}],"about":[{"href":"https:\/\/revistaepocadigital.com.ar\/index.php?rest_route=\/wp\/v2\/types\/post"}],"author":[{"embeddable":true,"href":"https:\/\/revistaepocadigital.com.ar\/index.php?rest_route=\/wp\/v2\/users\/4"}],"replies":[{"embeddable":true,"href":"https:\/\/revistaepocadigital.com.ar\/index.php?rest_route=%2Fwp%2Fv2%2Fcomments&post=7843"}],"version-history":[{"count":0,"href":"https:\/\/revistaepocadigital.com.ar\/index.php?rest_route=\/wp\/v2\/posts\/7843\/revisions"}],"wp:featuredmedia":[{"embeddable":true,"href":"https:\/\/revistaepocadigital.com.ar\/index.php?rest_route=\/wp\/v2\/media\/7844"}],"wp:attachment":[{"href":"https:\/\/revistaepocadigital.com.ar\/index.php?rest_route=%2Fwp%2Fv2%2Fmedia&parent=7843"}],"wp:term":[{"taxonomy":"category","embeddable":true,"href":"https:\/\/revistaepocadigital.com.ar\/index.php?rest_route=%2Fwp%2Fv2%2Fcategories&post=7843"},{"taxonomy":"post_tag","embeddable":true,"href":"https:\/\/revistaepocadigital.com.ar\/index.php?rest_route=%2Fwp%2Fv2%2Ftags&post=7843"}],"curies":[{"name":"wp","href":"https:\/\/api.w.org\/{rel}","templated":true}]}}