{"id":785,"date":"2018-12-12T23:31:12","date_gmt":"2018-12-13T02:31:12","guid":{"rendered":"https:\/\/revistaepocadigital.com.ar\/?p=785"},"modified":"2018-12-13T16:05:17","modified_gmt":"2018-12-13T19:05:17","slug":"todos-unidos-triunfaremos","status":"publish","type":"post","link":"https:\/\/revistaepocadigital.com.ar\/?p=785","title":{"rendered":"\u00a1TODOS UNIDOS TRIUNFAREMOS!"},"content":{"rendered":"<p><strong>HACE A\u00d1OS.<\/strong> El justicialismo que est\u00e1 marcado por la fragmentaci\u00f3n.<!--more-->Distintos sectores han ido acentuando sus diferencias respecto a los preceptos de <strong>Juan Domingo Per\u00f3n<\/strong>; traz\u00e1ndose una l\u00ednea bien marcada en especial desde el surgimiento y encumbramiento del <em>kirchnerismo<\/em> que supo ostentar el poder, para con <strong>Cambiemos<\/strong> en el gobierno, bajo el liderazgo de <strong>Cristina Fern\u00e1ndez de Kirchner<\/strong> (CFK), sujeta a una multiplicad de cuestionamientos desde otros sectores del PJ y de la sociedad, trazar una l\u00ednea divisoria con los restantes peronistas.<\/p>\n<p>En<strong> Exaltaci\u00f3n de la Cruz,<\/strong> la disparidad de voces, de posturas, estrategias y hasta de componentes ideol\u00f3gicos, tambi\u00e9n <strong>separ\u00f3<\/strong> al <strong>justicialismo<\/strong> que luego de convertirse en Frente para la Victoria, se abri\u00f3 al fuerte debate interno que no baja los decibeles.<\/p>\n<figure id=\"attachment_789\" aria-describedby=\"caption-attachment-789\" style=\"width: 696px\" class=\"wp-caption aligncenter\"><img loading=\"lazy\" decoding=\"async\" class=\"size-large wp-image-789\" src=\"https:\/\/revistaepocadigital.com.ar\/wp-content\/uploads\/2018\/12\/peronis1-1-1024x768.jpg\" alt=\"\" width=\"696\" height=\"522\" srcset=\"https:\/\/revistaepocadigital.com.ar\/wp-content\/uploads\/2018\/12\/peronis1-1-1024x768.jpg 1024w, https:\/\/revistaepocadigital.com.ar\/wp-content\/uploads\/2018\/12\/peronis1-1-300x225.jpg 300w, https:\/\/revistaepocadigital.com.ar\/wp-content\/uploads\/2018\/12\/peronis1-1-768x576.jpg 768w, https:\/\/revistaepocadigital.com.ar\/wp-content\/uploads\/2018\/12\/peronis1-1.jpg 1152w\" sizes=\"auto, (max-width: 696px) 100vw, 696px\" \/><figcaption id=\"caption-attachment-789\" class=\"wp-caption-text\">Sentados a la mesa, representantes de diferentes vertientes peronistas como hac\u00eda mucho no se daba.<\/figcaption><\/figure>\n<p>Por eso al ambiente pol\u00edtico exaltacruce\u00f1o, ofreci\u00f3 varias <strong>lecturas<\/strong> el reciente encuentro que, por primera vez en largo tiempo, reuni\u00f3 a sectores internos e incluso del <strong>Frente Renovador<\/strong> que lidera <strong>Sergio Massa<\/strong> como otra arista del PJ seg\u00fan se ve acentuado en los \u00faltimos tiempos, luego de la partida del ex intendente tigrense.<\/p>\n<p>En el predio de <strong>FATICA<\/strong> (Federaci\u00f3n Argentina de los Trabajadores de la Industria del Cuero y Afines), en <strong>Parada <\/strong><strong>Robles,<\/strong> compartieron una cena referentes del justicialismo, de la agrupaci\u00f3n <strong>La C\u00e1mpora, Unidad Ciudadana<\/strong>, sector liderado por CFK; <strong>UJAPU<\/strong>, el nucleamiento impulsado hace un par de a\u00f1os por <strong>Diego Nanni<\/strong>, actual secretario de gobierno de la comuna; el <strong>Movimiento Evita<\/strong> y el <strong>Frente Renovador<\/strong> encabezado por <strong>Luis Mariano Mart\u00edn,<\/strong> este \u00faltimo distanciado de otro referente, <strong>Horacio Errazu<\/strong>; a los mencionados se sum\u00f3 el <strong>Delegado Municipal en Parada Robles.<\/strong><\/p>\n<p>R\u00e1pido para aclarar, un allegado a los sectores mencionados, se encargo de mencionar a<strong> EPOCA<\/strong> que en ese c\u00f3nclave, <em>&#8220;no se habl\u00f3 de candidaturas, ni de concretar un frente, ni de las elecciones del a\u00f1o que viene&#8221;<\/em>, y remarc\u00f3 la misma fuente, <em>&#8220;lo muy importante fue que se sentaran a una mesa representantes de sectores justicialistas que hac\u00eda mucho no lo hac\u00edan, e incluso hab\u00edan marcada suficientes diferencias&#8221;<\/em>.<\/p>\n<p>Con el asado de rigor, se sentaron a la mesa, el presidente del <strong>PJ local, Ricardo &#8220;La Chancha&#8221; Gonz\u00e1lez; Diego Nanni,<\/strong> actual secretario de gobierno de la comuna y referente de UJAPU; los integrantes de La C\u00e1mpora, <strong>Emanuel Mart\u00ednez<\/strong> (concejal de Unidad Ciudadana)<strong> y Cristian Alonso, Mart\u00edn Faure<\/strong> en representaci\u00f3n de Unidad Ciudadana,<strong> Luis Mariano Mart\u00edn<\/strong> (su presencia junto a la de Nanni, de las m\u00e1s comentadas) y <strong>Marcelo Bravo<\/strong> por el Frente Renovador, y <strong>Evelyn Deantoni y Hern\u00e1n Rachid<\/strong> del Movimiento Evita; adem\u00e1s <strong>Adolfo Charato<\/strong>, actual delegado municipal en <strong>Robles.<\/strong><\/p>\n<p>Durante varias horas conversaron sobre pol\u00edtica local, provincial y nacional, y seg\u00fan se supo, se apunt\u00f3 a remarcar los puntos de vista coincidentes sin resaltar las diferencias que han distanciados a los sectores internos. <em>&#8220;El acercamiento fue claro y concreto&#8221;<\/em>, aseguraron a <strong>EPOCA<\/strong> vecinos vinculados al PJ, los mismos que destacaron que ese encuentro pudo haber sido un <em>&#8220;punto de partida&#8221;<\/em>. Si bien, no analizaron puntualmente el tema de las elecciones de 2019, la cuesti\u00f3n permaneci\u00f3latente, y por ah\u00ed una voz desliz\u00f3, <em>&#8220;debemos construir un espacio que contenga a todos los peronistas sin excepci\u00f3n&#8221;.<\/em><\/p>\n<p>Denominada como &#8220;mesa de di\u00e1logo&#8221;, hombres y mujeres de cada sector hab\u00edan mostrado inter\u00e9s en reiterar el encuentro.<\/p>\n<p>\u00bfAcaso lograr\u00e1n los peronistas exaltacruce\u00f1os un acuerdo, <strong>ut\u00f3pico<\/strong> para muchos a nivel nacional,\u00a0 que les permita ir juntos en las elecciones del a\u00f1o entrante?<\/p>\n","protected":false},"excerpt":{"rendered":"<p>HACE A\u00d1OS. El justicialismo que est\u00e1 marcado por la fragmentaci\u00f3n.<\/p>\n","protected":false},"author":3,"featured_media":788,"comment_status":"open","ping_status":"open","sticky":false,"template":"","format":"standard","meta":{"footnotes":"","jetpack_publicize_message":"","jetpack_publicize_feature_enabled":true,"jetpack_social_post_already_shared":false,"jetpack_social_options":{"image_generator_settings":{"template":"highway","default_image_id":0,"font":"","enabled":false},"version":2}},"categories":[17],"tags":[37,71],"class_list":["post-785","post","type-post","status-publish","format-standard","has-post-thumbnail","hentry","category-politica","tag-destacada","tag-reunion-justicalistas"],"jetpack_publicize_connections":[],"jetpack_featured_media_url":"https:\/\/revistaepocadigital.com.ar\/wp-content\/uploads\/2018\/12\/peronis2-1.jpg","jetpack_likes_enabled":true,"_links":{"self":[{"href":"https:\/\/revistaepocadigital.com.ar\/index.php?rest_route=\/wp\/v2\/posts\/785","targetHints":{"allow":["GET"]}}],"collection":[{"href":"https:\/\/revistaepocadigital.com.ar\/index.php?rest_route=\/wp\/v2\/posts"}],"about":[{"href":"https:\/\/revistaepocadigital.com.ar\/index.php?rest_route=\/wp\/v2\/types\/post"}],"author":[{"embeddable":true,"href":"https:\/\/revistaepocadigital.com.ar\/index.php?rest_route=\/wp\/v2\/users\/3"}],"replies":[{"embeddable":true,"href":"https:\/\/revistaepocadigital.com.ar\/index.php?rest_route=%2Fwp%2Fv2%2Fcomments&post=785"}],"version-history":[{"count":0,"href":"https:\/\/revistaepocadigital.com.ar\/index.php?rest_route=\/wp\/v2\/posts\/785\/revisions"}],"wp:featuredmedia":[{"embeddable":true,"href":"https:\/\/revistaepocadigital.com.ar\/index.php?rest_route=\/wp\/v2\/media\/788"}],"wp:attachment":[{"href":"https:\/\/revistaepocadigital.com.ar\/index.php?rest_route=%2Fwp%2Fv2%2Fmedia&parent=785"}],"wp:term":[{"taxonomy":"category","embeddable":true,"href":"https:\/\/revistaepocadigital.com.ar\/index.php?rest_route=%2Fwp%2Fv2%2Fcategories&post=785"},{"taxonomy":"post_tag","embeddable":true,"href":"https:\/\/revistaepocadigital.com.ar\/index.php?rest_route=%2Fwp%2Fv2%2Ftags&post=785"}],"curies":[{"name":"wp","href":"https:\/\/api.w.org\/{rel}","templated":true}]}}