{"id":7887,"date":"2020-11-26T16:44:39","date_gmt":"2020-11-26T19:44:39","guid":{"rendered":"https:\/\/revistaepocadigital.com.ar\/?p=7887"},"modified":"2020-11-26T16:44:39","modified_gmt":"2020-11-26T19:44:39","slug":"la-inspectora-jefa-villanueva-en-el-retorno-a-clases-de-re-vinculacion-presenciales-se-trabaja-sobre-propuestas-de-presencia-voluntaria-y-cumpliendo-con-el-protocolo-correspondiente-a","status":"publish","type":"post","link":"https:\/\/revistaepocadigital.com.ar\/?p=7887","title":{"rendered":"La inspectora jefa Villanueva, &#8220;en el retorno a clases de re-vinculaci\u00f3n presenciales, se trabaja\u00a0 sobre propuestas de presencia voluntaria y cumpliendo con el protocolo correspondiente a\u00a0 las escuelas&#8221;,"},"content":{"rendered":"<div dir=\"ltr\"><strong>ES LA INSPECTORA JEFA DISTRITAL EN EDUCACI\u00d3N.<\/strong><\/div>\n<p><!--more--><\/p>\n<div dir=\"ltr\">La educaci\u00f3n ha sido muy serialmente afectada en nuestro pa\u00eds, producto de la pandemia que arras\u00f3, provocando grav\u00edsimas consecuencias en el mundo, en la Argentina, fundamentalmente en el costo de vidas humanas.<\/div>\n<div dir=\"ltr\"><\/div>\n<div dir=\"ltr\">La pandemia provoc\u00f3 otras consecuencias muy serias, sociales, econ\u00f3micas, laborales, de seguridad y, en materia de educaci\u00f3n; valor central como siempre lo consideramos en EPOCA.<\/div>\n<div dir=\"ltr\"><\/div>\n<div dir=\"ltr\"><strong>Marta Villanueva<\/strong>, inspectora jefa distrital, rese\u00f1\u00f3 para EPOCA temas latentes en materia educativa.<\/div>\n<div dir=\"ltr\"><\/div>\n<div dir=\"ltr\"><em>&#8220;Distritalmente se est\u00e1 implementando en las escuelas de nivel primario y secundario, el Programa ATR. Un acompa\u00f1amiento de trayectorias y re-vinculaci\u00f3n de alumnos con las instituciones educativas durante este periodo de pandemia&#8221;.<\/em><\/div>\n<div dir=\"ltr\"><\/div>\n<div dir=\"ltr\"><em>&#8220;En Exaltaci\u00f3n de la Cruz no se han presentado alumnos desvinculados en un 100%, pero existen casos de entrega y devoluci\u00f3n de actividades que se extienden entre los 20 y 30 d\u00edas. Estos alumnos son los acompa\u00f1ados por los ATE <\/em>(acompa\u00f1antes de trayectorias escolares),<em> y ya cursamos la tercera\u00a0 semana de la implementaci\u00f3n&#8221;.<\/em><\/div>\n<div dir=\"ltr\"><\/div>\n<div dir=\"ltr\">EL RETORNO DE LAS CLASES PRESENCIALES.<\/div>\n<div dir=\"ltr\"><\/div>\n<div dir=\"ltr\">Ante tan debatido y controversial punto, <strong>Villanueva<\/strong> manifest\u00f3: <em>&#8220;Respecto al retorno a clases de re-vinculaci\u00f3n presenciales, se trabaja\u00a0 sobre propuestas de presencia voluntaria y cumpliendo con el protocolo correspondiente en\u00a0 las escuelas, para una vuelta segura y progresiva teniendo en cuenta que este ciclo lectivo tiene la particularidad de que es bianual. Comenz\u00f3 en el 2020 y finalizar\u00e1 en 2021&#8221;<\/em><\/div>\n<div dir=\"ltr\"><\/div>\n<div dir=\"ltr\">Acot\u00f3 la inspectora jefa distrital, <em>&#8220;se ha trabajado durante el a\u00f1o 2020 con actividades confeccionadas por los docentes, y cuadernillos recibidos de la DGCYE. As\u00ed tambi\u00e9n, por plataformas tecnol\u00f3gicas como zoom, meet, classroom, etc,\u00a0 y a trav\u00e9s del Programa Exaltaci\u00f3n en Red. Este programa se presenta por la pantalla de BBT Canal 4, FM Studio, FM Los Cardales, Facebook e Instagram, los d\u00edas los martes y jueves de 18:30 a 20 horas. All\u00ed se exponen los trabajos de alumnos y docentes, incorporando video llamadas en vivo. Continuamos atravesando esta pandemia,utilizando todos los recursos disponibles para llevar adelante el proceso de ense\u00f1anza y de aprendizaje&#8221;.<\/em><\/div>\n<div dir=\"ltr\"><\/div>\n<div dir=\"ltr\">Foto: gentileza Enfoque Boreal.<\/div>\n","protected":false},"excerpt":{"rendered":"<p>ES LA INSPECTORA JEFA DISTRITAL EN EDUCACI\u00d3N.<\/p>\n","protected":false},"author":4,"featured_media":7892,"comment_status":"open","ping_status":"open","sticky":false,"template":"","format":"standard","meta":{"footnotes":"","jetpack_publicize_message":"","jetpack_publicize_feature_enabled":true,"jetpack_social_post_already_shared":false,"jetpack_social_options":{"image_generator_settings":{"template":"highway","default_image_id":0,"font":"","enabled":false},"version":2}},"categories":[10,17],"tags":[231,962,1089],"class_list":["post-7887","post","type-post","status-publish","format-standard","has-post-thumbnail","hentry","category-editorial","category-politica","tag-educacion","tag-inspectora","tag-villanueva"],"jetpack_publicize_connections":[],"jetpack_featured_media_url":"https:\/\/revistaepocadigital.com.ar\/wp-content\/uploads\/2020\/11\/villanujeva-enfo-boreal.jpg","jetpack_likes_enabled":true,"_links":{"self":[{"href":"https:\/\/revistaepocadigital.com.ar\/index.php?rest_route=\/wp\/v2\/posts\/7887","targetHints":{"allow":["GET"]}}],"collection":[{"href":"https:\/\/revistaepocadigital.com.ar\/index.php?rest_route=\/wp\/v2\/posts"}],"about":[{"href":"https:\/\/revistaepocadigital.com.ar\/index.php?rest_route=\/wp\/v2\/types\/post"}],"author":[{"embeddable":true,"href":"https:\/\/revistaepocadigital.com.ar\/index.php?rest_route=\/wp\/v2\/users\/4"}],"replies":[{"embeddable":true,"href":"https:\/\/revistaepocadigital.com.ar\/index.php?rest_route=%2Fwp%2Fv2%2Fcomments&post=7887"}],"version-history":[{"count":0,"href":"https:\/\/revistaepocadigital.com.ar\/index.php?rest_route=\/wp\/v2\/posts\/7887\/revisions"}],"wp:featuredmedia":[{"embeddable":true,"href":"https:\/\/revistaepocadigital.com.ar\/index.php?rest_route=\/wp\/v2\/media\/7892"}],"wp:attachment":[{"href":"https:\/\/revistaepocadigital.com.ar\/index.php?rest_route=%2Fwp%2Fv2%2Fmedia&parent=7887"}],"wp:term":[{"taxonomy":"category","embeddable":true,"href":"https:\/\/revistaepocadigital.com.ar\/index.php?rest_route=%2Fwp%2Fv2%2Fcategories&post=7887"},{"taxonomy":"post_tag","embeddable":true,"href":"https:\/\/revistaepocadigital.com.ar\/index.php?rest_route=%2Fwp%2Fv2%2Ftags&post=7887"}],"curies":[{"name":"wp","href":"https:\/\/api.w.org\/{rel}","templated":true}]}}