{"id":7894,"date":"2020-11-26T20:33:10","date_gmt":"2020-11-26T23:33:10","guid":{"rendered":"https:\/\/revistaepocadigital.com.ar\/?p=7894"},"modified":"2020-11-27T23:40:35","modified_gmt":"2020-11-28T02:40:35","slug":"el-velorio-si-se-mancho","status":"publish","type":"post","link":"https:\/\/revistaepocadigital.com.ar\/?p=7894","title":{"rendered":"MARADONA. EL VELORIO S\u00cd SE MANCH\u00d3"},"content":{"rendered":"<div class=\"site-header header-sticky light-grey-bg\">\n<div class=\"top-part clearfix\">\n<div class=\"clearfix\"><strong style=\"color: #111111; font-family: roboto, sans-serif; font-size: 32px;\"><span style=\"font-family: Verdana, Geneva, sans-serif; font-size: 15px; color: #222222;\">TRISTE, BOCHORNOSO. CUANDO LA POL\u00cdTICA TAMBI\u00c9N JUEGA.<!--more--><\/span><\/strong><\/div>\n<\/div>\n<\/div>\n<div class=\"site-content\">\n<article id=\"article-1\" class=\"entry-full columnistas \u00a0 viewed no-border gallery clearfix event5 event25 event50\" data-path=\"https:\/\/www.baenegocios.com\/columnistas\/El-velorio-si-se-mancha-20201126-0052.html\" data-title=\"El velorio s\u00ed se mancha\" data-localpath=\"\/diariobae\/contenidos\/2020\/11\/26\/noticia_0052.html\" data-comscore=\"sumario.columnistas.El-velorio-s\u00ed-se-mancha\" data-hideads=\"false\">\n<div class=\"content\">\n<div class=\"title-top\">\n<div class=\"inner-container\">\n<h1 class=\"title-font dark-grey-color\"><span style=\"font-family: Verdana, Geneva, sans-serif; font-size: 15px; color: #222222;\">El merecido homenaje a Diego Maradona termin\u00f3 opacado por una inexistente organizaci\u00f3n justo cuando Argentina, como siempre quisimos, volvi\u00f3 a ser el centro del mundo. El episodio que dej\u00f3 al desnudo otra vez, intereses pol\u00edticos, reproches en p\u00fablico del oficialismo y otro cap\u00edtulo del enfrentamiento entre el gobierno nacional y el gobierno de la ciudad de Buenos Aires.<\/span><\/h1>\n<h1 class=\"title-font dark-grey-color\"><span style=\"font-family: Verdana, Geneva, sans-serif; font-size: 15px; color: #222222;\">Ac\u00e1 la nota pormenorizada el <em>diario BAE Negocios firmada por Javier Slucki.<\/em><\/span><\/h1>\n<\/div>\n<\/div>\n<div class=\"inner-container flex-container justify-between\">\n<div class=\"nota-body-container nota-970 flex-container justify-between\">\n<div class=\"new-extra-container\">\n<div class=\"nota-autor-container clearfix\">\n<div class=\"entry-share redes-left pull-right\"><\/div>\n<\/div>\n<div class=\"nota-media-container\">\n<figure class=\"swiper-container swiper-principal loaded swiper-container-horizontal\" data-notafotogaleria=\"1\" data-notafotogaleriathumbnails=\"si\" data-notafotogaleriafullscreen=\"si\">\n<div class=\"swiper-wrapper\">\n<div class=\"swiper-wrapper\">\n<div class=\"swiper-slide swiper-slide-active\"><img loading=\"lazy\" decoding=\"async\" src=\"https:\/\/www.baenegocios.com\/__export\/1606420037423\/sites\/cronica\/img\/2020\/11\/26\/26-11-2020_vistas_de_la_multitudinaria_despedida.jpg_966076397.jpg\" alt=\"El homenaje termin\u00f3 en una s\u00faplica de que no hubiera heridos o algo peor\" width=\"970\" height=\"546\" data-width=\"970\" data-height=\"546\" data-thumbnail=\"\/__export\/1606420037423\/sites\/cronica\/img\/2020\/11\/26\/26-11-2020_vistas_de_la_multitudinaria_despedida.jpg_1112939590.jpg\" data-thumbnailwdith=\"160\" data-thumbnailheight=\"100\" \/><\/div>\n<\/div>\n<\/div><figcaption class=\"title-font\"><em>El homenaje termin\u00f3 en una s\u00faplica de que no hubiera heridos o algo peor.<\/em><\/figcaption><div class=\"swiper-wrapper\">\n<div class=\"swiper-slide swiper-slide-active\"><\/div>\n<\/div>\n<div class=\"swiper-button-prev opacity0 swiper-button-disabled\"><\/div>\n<\/figure>\n<figure class=\"swiper-container swiper-principal loaded swiper-container-horizontal\" data-notafotogaleria=\"1\" data-notafotogaleriathumbnails=\"si\" data-notafotogaleriafullscreen=\"si\"><figcaption class=\"title-font\">\n<div class=\"swiper-pagination\">Desde el momento en el que el Gobierno dijo que iban a ir un mill\u00f3n de personas y accedi\u00f3 a que durase 10 horas, <strong>era evidente que algo iba a salir mal<\/strong>.<\/div>\n<\/figcaption><\/figure>\n<\/div>\n<div class=\"main-content clearfix\">\n<section>\n<div class=\"entry-body title-font\">\n<p>La primera mitad del\u00a0evento\u00a0que ning\u00fan periodista quisiera tener que cubrir, el\u00a0<strong>velorio de<\/strong>\u00a0<strong>Diego Armando Maradona<\/strong>, transcurri\u00f3 con relativa normalidad. Hasta media ma\u00f1ana (26\/11), hacer la cola de punta a punta llevaba poco m\u00e1s de una hora. <strong>La situaci\u00f3n comenz\u00f3 a desbordarse al mediod\u00eda<\/strong>, cuando dentro de todo par\u00e1metro esperable lleg\u00f3 la mayor parte de la gente: cada 15 minutos la fila se alargaba una cuadra.<\/p>\n<p>Alrededor de las tres de la tarde, el acceso a la\u00a0<strong>Casa Rosada<\/strong>\u00a0se cort\u00f3, luego de al menos dos\u00a0<strong>estampidas<\/strong>,\u00a0<strong>desmanes\u00a0<\/strong>en la 9 de Julio,\u00a0<strong>gente corriendo adentro del Sal\u00f3n de Los Patriotas Latinoamericanos<\/strong>\u00a0y alguno que otro\u00a0<strong>tir\u00e1ndosele encima al f\u00e9retro<\/strong>.<\/p>\n<p>La fila dej\u00f3 de existir, al igual que un par de metros de la reja de ingreso a la Casa de Gobierno, que termin\u00f3 custodiada por decenas de efectivos de la\u00a0<strong>Gendarmer\u00eda\u00a0<\/strong>y la Polic\u00eda Federal.\u00a0En el\u00a0<strong>Patio de las Palmeras<\/strong>, las fuerzas de seguridad tiraron gases lacrim\u00f3genos para expulsar a los que se hab\u00edan colado.<\/p>\n<p>En Avenida de Mayo y 9 de Julio, la\u00a0<strong>Polic\u00eda de la Ciudad<\/strong>\u00a0reprimi\u00f3 con m\u00e1s gases y balas de goma cuando se anunci\u00f3 que se cerraba el ingreso a la fila y unas diez cuadras de gente, en su mayor\u00eda venida desde lugares m\u00e1s o menos lejanos del conurbano, se enter\u00f3 de que deber\u00eda volverse sin despedida alguna.<\/p>\n<p>De paso,\u00a0<strong>la pandemia de coronavirus parece haberse suspendido en Argentina por un d\u00eda<\/strong>. A lo largo de toda Avenida de Mayo fue dif\u00edcil llegar a ver m\u00e1s de dos agentes policiales. Ninguna autoridad se acerc\u00f3 para pedir distanciamiento y los primeros empleados del\u00a0<strong>Ministerio de Salud\u00a0<\/strong>aparecieron para dar\u00a0<strong>alcohol en gel\u00a0<\/strong>reci\u00e9n en Yrigoyen y Defensa. Aunque si algo se pod\u00eda prever es que iba a haber personas alcoholizadas y gritando a viva voz, el operativo sanitario brill\u00f3 por su ausencia.<\/p>\n<p>Al ingresar al subte en el barrio de Almagro, dos polic\u00edas se limitaban a mirar\u00a0a unos metros de distancia c\u00f3mo la gente pasaba los molinetes sin enterarse jam\u00e1s de si ten\u00edan permiso de circulaci\u00f3n. Lo que empez\u00f3 como una entendible actitud de administrar lo mejor posible una situaci\u00f3n de hecho, termin\u00f3 en una lamentable desidia de parte de todas las autoridades.<\/p>\n<p>En un par de horas,\u00a0<strong>el deseo de poder darle su merecido adi\u00f3s<\/strong>\u00a0al mejor futbolista del siglo se transform\u00f3 en la\u00a0<strong>s\u00faplica de que no hubiera heridos o algo peor<\/strong>.<\/p>\n<p>La familia puede haber tomado una decisi\u00f3n desacertada en un momento de inmenso\u00a0dolor,\u00a0<strong>pero los culpables de\u00a0negligencia no son ellos<\/strong>.\u00a0Hasta ahora, no hubo m\u00e1s que pases de factura\u00a0entre Naci\u00f3n y Ciudad, sin el menor atisbo de asumir ninguna responsabilidad por parte de nadie.<\/p>\n<p>Un\u00a0<strong>colorido e hist\u00f3rico homenaje popular<\/strong>\u00a0con diversos or\u00edgenes, clases y camisetas como el pa\u00eds no ve\u00eda hace 10 a\u00f1os, qued\u00f3<strong>\u00a0opacado por una inexistente organizaci\u00f3n<\/strong> justo cuando Argentina, como siempre quisimos, volvi\u00f3 a ser el centro del mundo.<\/p>\n<\/div>\n<p><strong>Perd\u00f3n, Diego<\/strong>.<\/p>\n<p>Foto portada: gentileza Diario Democracia.<\/p>\n<\/section>\n<\/div>\n<\/div>\n<\/div>\n<\/div>\n<\/div>\n<\/article>\n<\/div>\n","protected":false},"excerpt":{"rendered":"<p>TRISTE, BOCHORNOSO. CUANDO LA POL\u00cdTICA TAMBI\u00c9N JUEGA.<\/p>\n","protected":false},"author":3,"featured_media":7897,"comment_status":"open","ping_status":"open","sticky":false,"template":"","format":"standard","meta":{"footnotes":"","jetpack_publicize_message":"","jetpack_publicize_feature_enabled":true,"jetpack_social_post_already_shared":false,"jetpack_social_options":{"image_generator_settings":{"template":"highway","default_image_id":0,"font":"","enabled":false},"version":2}},"categories":[10,17],"tags":[1090,1087,1091],"class_list":["post-7894","post","type-post","status-publish","format-standard","has-post-thumbnail","hentry","category-editorial","category-politica","tag-disturbios","tag-maradona","tag-velorios"],"jetpack_publicize_connections":[],"jetpack_featured_media_url":"https:\/\/revistaepocadigital.com.ar\/wp-content\/uploads\/2020\/11\/marado-20-disturbios-velorio.jpg","jetpack_likes_enabled":true,"_links":{"self":[{"href":"https:\/\/revistaepocadigital.com.ar\/index.php?rest_route=\/wp\/v2\/posts\/7894","targetHints":{"allow":["GET"]}}],"collection":[{"href":"https:\/\/revistaepocadigital.com.ar\/index.php?rest_route=\/wp\/v2\/posts"}],"about":[{"href":"https:\/\/revistaepocadigital.com.ar\/index.php?rest_route=\/wp\/v2\/types\/post"}],"author":[{"embeddable":true,"href":"https:\/\/revistaepocadigital.com.ar\/index.php?rest_route=\/wp\/v2\/users\/3"}],"replies":[{"embeddable":true,"href":"https:\/\/revistaepocadigital.com.ar\/index.php?rest_route=%2Fwp%2Fv2%2Fcomments&post=7894"}],"version-history":[{"count":0,"href":"https:\/\/revistaepocadigital.com.ar\/index.php?rest_route=\/wp\/v2\/posts\/7894\/revisions"}],"wp:featuredmedia":[{"embeddable":true,"href":"https:\/\/revistaepocadigital.com.ar\/index.php?rest_route=\/wp\/v2\/media\/7897"}],"wp:attachment":[{"href":"https:\/\/revistaepocadigital.com.ar\/index.php?rest_route=%2Fwp%2Fv2%2Fmedia&parent=7894"}],"wp:term":[{"taxonomy":"category","embeddable":true,"href":"https:\/\/revistaepocadigital.com.ar\/index.php?rest_route=%2Fwp%2Fv2%2Fcategories&post=7894"},{"taxonomy":"post_tag","embeddable":true,"href":"https:\/\/revistaepocadigital.com.ar\/index.php?rest_route=%2Fwp%2Fv2%2Ftags&post=7894"}],"curies":[{"name":"wp","href":"https:\/\/api.w.org\/{rel}","templated":true}]}}