{"id":7918,"date":"2020-11-27T23:36:03","date_gmt":"2020-11-28T02:36:03","guid":{"rendered":"https:\/\/revistaepocadigital.com.ar\/?p=7918"},"modified":"2020-11-28T00:16:29","modified_gmt":"2020-11-28T03:16:29","slug":"las-fotos-de-diego-cuando-las-miserias-humanas-afloran","status":"publish","type":"post","link":"https:\/\/revistaepocadigital.com.ar\/?p=7918","title":{"rendered":"LAS FOTOS DE DIEGO, CUANDO LAS PEORES MISERIAS HUMANAS AFLORAN"},"content":{"rendered":"<p><strong>REPUDIO UN\u00c1NIME.<\/strong><!--more--><\/p>\n<p>EPOCA replica ac\u00e1 la nota del diario La Naci\u00f3n.<\/p>\n<p>Tres empleados subcontratados de la casa funeraria donde se acondicion\u00f3 el cuerpo de Diego Maradona antes de su velatorio se sacaron fotos con los restos del futbolista. Tras la viralizaci\u00f3n de las fotos, hubo indignaci\u00f3n con los hombres que contrat\u00f3 la empresa familiar Sepelios Pinier.<\/p>\n<p>En di\u00e1logo con LA NACION, uno de los due\u00f1os de la empresa se mostr\u00f3 consternado con la situaci\u00f3n. Detall\u00f3 que ocurri\u00f3 en &#8220;dos minutos que quedaron solos&#8221; y que hablaron con Claudia Villafa\u00f1e para pedirle disculpas.<\/p>\n<p>La primera imagen que comenz\u00f3 a circular es la de un hombre, que fue identificado como &#8220;Diego Molina&#8221;, donde se lo ve junto al caj\u00f3n donde est\u00e1 Maradona . Molina aparece posando junto a los restos de Maradona haciendo un gesto con el pulgar para arriba.<\/p>\n<p>La segunda imagen es de dos hombres. El m\u00e1s joven de ellos, tambi\u00e9n est\u00e1 efectuando el mismo gesto del pulgar para arriba a cent\u00edmetros de la cabeza del excapit\u00e1n de la Selecci\u00f3n Argentina de f\u00fatbol.<\/p>\n<p>&#8220;No eran empleados nuestros.\u00a0Los contratamos para llevar los materiales para la capilla ardiente, como los pedestales y atriles&#8221;, fue lo primero que dijo uno de los due\u00f1os de Sepelios Pinier a LA NACION y repiti\u00f3 la frase en varias oportunidades durante la charla telef\u00f3nica.<\/p>\n<p>Seg\u00fan la reconstrucci\u00f3n que hizo el hombre, cuya voz se entrecort\u00f3 en varias oportunidades, fue el siguiente: &#8220;El cuerpo lo preparamos entre tres de los cuatro hermanos que estamos en la empresa junto a mi pap\u00e1.\u00a0En ese inter\u00edn que salimos de la sala velatoria para hablar con la polic\u00eda para coordinar el traslado del cuerpo a Casa Rosada fue donde estas personas se sacaron las fotos.\u00a0Fueron dos minutos donde estuvieron solos. Ocurri\u00f3 en la sala en la calle Tres Arroyos. Es el lugar a donde fuimos a vestir el cuerpo antes de llevarlo a Casa Rosada&#8221;.<\/p>\n<p>&#8220;Fueron dos segundos. No son empleados nuestros. Solo iban a llevar los materiales para la capilla ardiente. Ni siquiera la montan, ese trabajo lo hacemos nosotros con mis hermanos. Pero como eran muchos objetos y pesados\u00a0contratamos esta gente para llevar los materiales en otro veh\u00edculo y no da\u00f1ar el caj\u00f3n&#8221;, reiter\u00f3 el hombre.<\/p>\n<p>Ante la consulta de cu\u00e1l fue su reacci\u00f3n al ver las im\u00e1genes, respondi\u00f3: &#8220;Cuando vimos las fotos nuestra reacci\u00f3n fue llorar, llorar y llorar. Mi hermano Diego, que es el due\u00f1o, est\u00e1 en su casa devastado.\u00a0No sabemos qu\u00e9 hacer.\u00a0Tenemos muy buena reputaci\u00f3n porque somos muy educados y le dedicamos la vida a nuestro trabajo&#8221;.<\/p>\n<p>&#8220;Entonces, cuando un boludo que no tiene que ver nada con nosotros hace eso, nos termin\u00f3 cagando todo. Si no pasaba eso, el servicio sal\u00eda perfecto. Todo coordinado y bien, como lo hacemos siempre nosotros.\u00a0Pero alguien tercero nos arruin\u00f3&#8221;, se lament\u00f3 el hombre y agreg\u00f3: &#8220;Tambi\u00e9n tenemos verg\u00fcenza. Lloro&#8221;.<\/p>\n<p>El entrevistado tambi\u00e9n cont\u00f3 que no pudieron hablar con las tres personas que aparecen en las fotos: &#8220;Apagaron los celulares las tres personas. Incluso fuimos a sus casas a hablar personalmente, pero no aparecen. Fuimos a decirles que les pod\u00edan hacer juicio a ellos y a nosotros. Pero hab\u00eda nadie. No aparecen&#8221;.<\/p>\n<p>Reacci\u00f3n de la familia<\/p>\n<p>Con quien s\u00ed hablaron fue con Claudia Villafa\u00f1e: &#8220;Mi hermano habl\u00f3 con ella para pedirle mil disculpas, pero lo \u00fanico que le dijo es que por favor termin\u00e1ramos el servicio que es hasta el entierro en el cementerio&#8221;.<\/p>\n<p>Consultado sobre qu\u00e9 le dir\u00eda a la familia de Maradona por la situaci\u00f3n, respondi\u00f3: &#8220;Le pedir\u00edamos mil disculpas de coraz\u00f3n. A Claudia, a toda la familia Maradona. en realidad a toda la gente, porque Diego era de todo para todos. Fue algo que pensamos que nunca iba a pasar. Tomamos todos los recaudos para que nadie sacara fotos. Incluso, en la morgue, les sacamos los celulares a todos como hab\u00eda pedido la familia. Incluso pedimos a los polic\u00edas que ingresen sin celulares. Hicimos todo lo que ten\u00edamos a nuestro alcance y, pas\u00f3 esto&#8221;.<\/p>\n<p>Diego Maradona fue encontrado muerto en su habitaci\u00f3n el mi\u00e9rcoles al mediod\u00eda en la casa en Benavidez, partido de Tigre, a la que se hab\u00eda mudado dos semanas atr\u00e1s luego de haber sido operado de un hematoma subdural<\/p>\n","protected":false},"excerpt":{"rendered":"<p>REPUDIO UN\u00c1NIME.<\/p>\n","protected":false},"author":4,"featured_media":7919,"comment_status":"open","ping_status":"open","sticky":false,"template":"","format":"standard","meta":{"footnotes":"","jetpack_publicize_message":"","jetpack_publicize_feature_enabled":true,"jetpack_social_post_already_shared":false,"jetpack_social_options":{"image_generator_settings":{"template":"highway","default_image_id":0,"font":"","enabled":false},"version":2}},"categories":[10,13],"tags":[1093,1087,1088],"class_list":["post-7918","post","type-post","status-publish","format-standard","has-post-thumbnail","hentry","category-editorial","category-interes-general","tag-fotos","tag-maradona","tag-muerte"],"jetpack_publicize_connections":[],"jetpack_featured_media_url":"https:\/\/revistaepocadigital.com.ar\/wp-content\/uploads\/2020\/11\/16064068887965.jpg","jetpack_likes_enabled":true,"_links":{"self":[{"href":"https:\/\/revistaepocadigital.com.ar\/index.php?rest_route=\/wp\/v2\/posts\/7918","targetHints":{"allow":["GET"]}}],"collection":[{"href":"https:\/\/revistaepocadigital.com.ar\/index.php?rest_route=\/wp\/v2\/posts"}],"about":[{"href":"https:\/\/revistaepocadigital.com.ar\/index.php?rest_route=\/wp\/v2\/types\/post"}],"author":[{"embeddable":true,"href":"https:\/\/revistaepocadigital.com.ar\/index.php?rest_route=\/wp\/v2\/users\/4"}],"replies":[{"embeddable":true,"href":"https:\/\/revistaepocadigital.com.ar\/index.php?rest_route=%2Fwp%2Fv2%2Fcomments&post=7918"}],"version-history":[{"count":0,"href":"https:\/\/revistaepocadigital.com.ar\/index.php?rest_route=\/wp\/v2\/posts\/7918\/revisions"}],"wp:featuredmedia":[{"embeddable":true,"href":"https:\/\/revistaepocadigital.com.ar\/index.php?rest_route=\/wp\/v2\/media\/7919"}],"wp:attachment":[{"href":"https:\/\/revistaepocadigital.com.ar\/index.php?rest_route=%2Fwp%2Fv2%2Fmedia&parent=7918"}],"wp:term":[{"taxonomy":"category","embeddable":true,"href":"https:\/\/revistaepocadigital.com.ar\/index.php?rest_route=%2Fwp%2Fv2%2Fcategories&post=7918"},{"taxonomy":"post_tag","embeddable":true,"href":"https:\/\/revistaepocadigital.com.ar\/index.php?rest_route=%2Fwp%2Fv2%2Ftags&post=7918"}],"curies":[{"name":"wp","href":"https:\/\/api.w.org\/{rel}","templated":true}]}}