{"id":7936,"date":"2020-12-03T15:50:58","date_gmt":"2020-12-03T18:50:58","guid":{"rendered":"https:\/\/revistaepocadigital.com.ar\/?p=7936"},"modified":"2020-12-03T15:52:46","modified_gmt":"2020-12-03T18:52:46","slug":"los-oribe-padre-e-hijo-cuando-se-comparte-una-pasion","status":"publish","type":"post","link":"https:\/\/revistaepocadigital.com.ar\/?p=7936","title":{"rendered":"Los Oribe, padre e hijo. Cuando se comparte una pasi\u00f3n"},"content":{"rendered":"<div class=\"jn8vp64t l9j0dhe7 hpfvmrgz\">\n<div class=\"lzcic4wl\" tabindex=\"0\" role=\"gridcell\" data-scope=\"messages_table\" data-recover=\"true\">\n<div class=\"ni8dbmo4 stjgntxs g5ia77u1 ii04i59q\" aria-owns=\"jsc_c_3ed\" data-testid=\"messenger_incoming_text_row\">\n<div class=\"l60d2q6s d1544ag0 sj5x9vvc tw6a2znq l9j0dhe7 ni8dbmo4 stjgntxs qlfml3jp inkptoze e72ty7fz qmr60zad jm1wdb64 qv66sw1b ljqsnud1 g6srhlxm odn2s2vf\">\n<div class=\"oo9gr5id\" dir=\"auto\"><strong>POR LOS AUTOS.<!--more--><\/strong><\/div>\n<div dir=\"auto\"><\/div>\n<div class=\"oo9gr5id\" dir=\"auto\">Gustavo Daniel Oribe es un conocido apasionado por los autos, en especial cl\u00e1sicos. Oribe, gerente de la sucursal Capilla del Se\u00f1or del Banco Provincia y de la sub-sucursal Los Cardales, cultiva esta actividad desde hace a\u00f1os.<\/div>\n<div dir=\"auto\"><\/div>\n<div class=\"oo9gr5id\" dir=\"auto\">Ha participado en competencias reservadas para este tipo de autos, en especial, la m\u00e1s importante en el pa\u00eds, el Gran Premio Argentino Hist\u00f3rico, organizado por el Autom\u00f3vil Club Argentino, que ha sabido recorrer miles de kil\u00f3metros por provincias argentinas. En m\u00e1s de una ocasi\u00f3n Oribe formando dupla con Guillermo Adri\u00e1n Rold\u00e1n, otro gran entusiasta por los autos de d\u00e9cadas anteriores.<\/div>\n<div dir=\"auto\"><\/div>\n<\/div>\n<div dir=\"auto\">Gustavo Oribe y su hijo Gregorio a bordo de la reluciente cup\u00e9 Ford 1940<img loading=\"lazy\" decoding=\"async\" class=\"aligncenter size-large wp-image-8017\" src=\"https:\/\/revistaepocadigital.com.ar\/wp-content\/uploads\/2020\/12\/ORIBE-AUTO-1.jpg\" alt=\"\" width=\"576\" height=\"432\" srcset=\"https:\/\/revistaepocadigital.com.ar\/wp-content\/uploads\/2020\/12\/ORIBE-AUTO-1.jpg 576w, https:\/\/revistaepocadigital.com.ar\/wp-content\/uploads\/2020\/12\/ORIBE-AUTO-1-300x225.jpg 300w, https:\/\/revistaepocadigital.com.ar\/wp-content\/uploads\/2020\/12\/ORIBE-AUTO-1-80x60.jpg 80w, https:\/\/revistaepocadigital.com.ar\/wp-content\/uploads\/2020\/12\/ORIBE-AUTO-1-160x120.jpg 160w, https:\/\/revistaepocadigital.com.ar\/wp-content\/uploads\/2020\/12\/ORIBE-AUTO-1-265x198.jpg 265w, https:\/\/revistaepocadigital.com.ar\/wp-content\/uploads\/2020\/12\/ORIBE-AUTO-1-560x420.jpg 560w\" sizes=\"auto, (max-width: 576px) 100vw, 576px\" \/><\/div>\n<div class=\"l60d2q6s d1544ag0 sj5x9vvc tw6a2znq l9j0dhe7 ni8dbmo4 stjgntxs qlfml3jp inkptoze e72ty7fz qmr60zad jm1wdb64 qv66sw1b ljqsnud1 g6srhlxm odn2s2vf\">\n<div dir=\"auto\"><\/div>\n<div dir=\"auto\">La pasi\u00f3n de Oribe por los coches, se traslada a su hijo menor, Gregorio. Lo cuenta pap\u00e1 Oribe a EPOCA; <em>&#8220;cuando se disput\u00f3 la Copa Reencuentro organizado por el PVA, primera competencia en el a\u00f1o de la especialidad debido a la pandemia, viv\u00ed una experiencia inolvidable. Competimos junto a mi hijo m\u00e1s chico, Gregorio, con una cup\u00e9 Ford 1940. Para Gregorio fue su primera carrera y por supuesto, la vivi\u00f3 con mucha intensidad, y yo ni hablar!!!&#8221;.<\/em> Seguro, los Oribe piensan repetir.<\/div>\n<div dir=\"auto\"><\/div>\n<\/div>\n<\/div>\n<\/div>\n<\/div>\n","protected":false},"excerpt":{"rendered":"<p>POR LOS AUTOS.<\/p>\n","protected":false},"author":4,"featured_media":8016,"comment_status":"open","ping_status":"open","sticky":false,"template":"","format":"standard","meta":{"footnotes":"","jetpack_publicize_message":"","jetpack_publicize_feature_enabled":true,"jetpack_social_post_already_shared":false,"jetpack_social_options":{"image_generator_settings":{"template":"highway","default_image_id":0,"font":"","enabled":false},"version":2}},"categories":[4],"tags":[1102,1103,1101],"class_list":["post-7936","post","type-post","status-publish","format-standard","has-post-thumbnail","hentry","category-aqui-los-cardales","tag-autos-clasicos","tag-cupecitas","tag-oribe"],"jetpack_publicize_connections":[],"jetpack_featured_media_url":"https:\/\/revistaepocadigital.com.ar\/wp-content\/uploads\/2020\/12\/ORIBE-AUTO-2-1.jpg","jetpack_likes_enabled":true,"_links":{"self":[{"href":"https:\/\/revistaepocadigital.com.ar\/index.php?rest_route=\/wp\/v2\/posts\/7936","targetHints":{"allow":["GET"]}}],"collection":[{"href":"https:\/\/revistaepocadigital.com.ar\/index.php?rest_route=\/wp\/v2\/posts"}],"about":[{"href":"https:\/\/revistaepocadigital.com.ar\/index.php?rest_route=\/wp\/v2\/types\/post"}],"author":[{"embeddable":true,"href":"https:\/\/revistaepocadigital.com.ar\/index.php?rest_route=\/wp\/v2\/users\/4"}],"replies":[{"embeddable":true,"href":"https:\/\/revistaepocadigital.com.ar\/index.php?rest_route=%2Fwp%2Fv2%2Fcomments&post=7936"}],"version-history":[{"count":0,"href":"https:\/\/revistaepocadigital.com.ar\/index.php?rest_route=\/wp\/v2\/posts\/7936\/revisions"}],"wp:featuredmedia":[{"embeddable":true,"href":"https:\/\/revistaepocadigital.com.ar\/index.php?rest_route=\/wp\/v2\/media\/8016"}],"wp:attachment":[{"href":"https:\/\/revistaepocadigital.com.ar\/index.php?rest_route=%2Fwp%2Fv2%2Fmedia&parent=7936"}],"wp:term":[{"taxonomy":"category","embeddable":true,"href":"https:\/\/revistaepocadigital.com.ar\/index.php?rest_route=%2Fwp%2Fv2%2Fcategories&post=7936"},{"taxonomy":"post_tag","embeddable":true,"href":"https:\/\/revistaepocadigital.com.ar\/index.php?rest_route=%2Fwp%2Fv2%2Ftags&post=7936"}],"curies":[{"name":"wp","href":"https:\/\/api.w.org\/{rel}","templated":true}]}}