{"id":7953,"date":"0202-01-02T01:53:28","date_gmt":"0202-01-02T05:53:28","guid":{"rendered":"https:\/\/revistaepocadigital.com.ar\/?p=7953"},"modified":"2021-01-03T21:55:53","modified_gmt":"2021-01-04T00:55:53","slug":"te-toca-cobrar-el-martes-1-de-diciembre-informa-anses","status":"publish","type":"post","link":"https:\/\/revistaepocadigital.com.ar\/?p=7953","title":{"rendered":"ANSES. TODAS LAS FECHAS DE PAGO EN ENERO"},"content":{"rendered":"<p><strong>LA INFORMACI\u00d3N.<\/strong><strong>\u00a0<\/strong><!--more--><\/p>\n<section class=\"detail-body first-paragraph\">\n<section id=\"note-body\" class=\"body-content note-body content-protected-false\" data-twitter-link=\"https:\/\/twitter.com\/intent\/tweet?url=https:\/\/www.ambito.com\/c5159281&amp;v\u00eda=Ambitocom&amp;related=\u00e1mbito.com&amp;text=\">El organismo previsional a cargo de <strong>Fernanda Raverta<\/strong>, difundi\u00f3 el cronograma completo de pagos correspondientes al mes de enero de 2021 <strong>para jubilados y pensionados, Pensiones No Contributivas, beneficiarios de la\u00a0<a class=\"agrupador\" href=\"https:\/\/www.ambito.com\/asignacion-universal-hijo-a5122530\" rel=\"5122530\">Asignaci\u00f3n Universal por Hijo<\/a>\u00a0y por Embarazo, de la Prestaci\u00f3n por Desempleo y\u00a0<a class=\"agrupador\" href=\"https:\/\/www.ambito.com\/asignaciones-familiares-a5125767\" rel=\"5125767\">Asignaciones Familiares<\/a>\u00a0y de Pago \u00danico (Matrimonio, Nacimiento y Adopci\u00f3n).<\/strong><\/section>\n<\/section>\n<section class=\"detail-body second-paragraph\">\n<section class=\"body-content note-body content-protected-false\">Cabe recordar que\u00a0<a href=\"https:\/\/www.ambito.com\/informacion-general\/jubilados\/jubilaciones-oficializan-el-aumento-diciembre-n5150684\" target=\"_self\" rel=\"follow noopener\">rige el aumento de 5% dispuesto por decreto para las jubilaciones anunciado en noviembre por la titular de la entidad.<\/a><\/section>\n<\/section>\n<section class=\"related-note-in-body\">\n<article class=\"related-note-in-body-article row align-items-stretch no-gutters \" data-type=\"article\">\n<div class=\"col-auto\"><\/div>\n<div class=\"col\">\n<div class=\"info-wrapper\"><\/div>\n<\/div>\n<\/article>\n<\/section>\n<section class=\"detail-body\">\n<section class=\"body-content note-body content-protected-false\">Fechas de cobro de jubilados y pensionados con haberes inferiores a $21.393<\/p>\n<ul>\n<li>DNI terminados en 0: martes 12 de enero<\/li>\n<li>DNI terminados en 1 y 2: mi\u00e9rcoles 13 de enero<\/li>\n<li>DNI terminados en 3: jueves 14 de enero<\/li>\n<li>DNI terminados en 4: viernes 15 de enero<\/li>\n<li>DNI terminados en 5: lunes 18 de enero<\/li>\n<li>DNI terminados en 6: martes 19 de enero<\/li>\n<li>DNI terminados en 7: mi\u00e9rcoles 20 de enero<\/li>\n<li>DNI terminados en 8: jueves 21 de enero<\/li>\n<li>DNI terminados en 9: viernes 22 de enero<\/li>\n<\/ul>\n<p>Fechas de cobro de jubilados y pensionados con haberes superiores a $21.393<\/p>\n<ul>\n<li>DNI terminados en 0 y 1: lunes 25 de enero<\/li>\n<li>DNI terminados en 2 y 3: martes 26 de enero<\/li>\n<li>DNI terminados en 4 y 5: mi\u00e9rcoles 27 de enero<\/li>\n<li>DNI terminados en 6 y 7: jueves 28 de enero<\/li>\n<li>DNI terminados en 8 y 9: viernes 29 de enero<\/li>\n<\/ul>\n<div id=\"7497312-Libre-511582686_wrap\" class=\"embed_cont type_imagen\" contenteditable=\"false\">\n<div id=\"7497312-Libre-511582686_content\" class=\"embed_content\"><img decoding=\"async\" id=\"7497312-Libre-511582686_embed\" src=\"https:\/\/media.ambito.com\/p\/ddb1789618907768712d6838833d8031\/adjuntos\/239\/imagenes\/038\/401\/0038401306\/jubilaciones.jpg?0000-00-00-00-00-00\" alt=\"\" longdesc=\"https:\/\/media.ambito.com\/p\/ddb1789618907768712d6838833d8031\/adjuntos\/239\/imagenes\/038\/401\/0038401306\/jubilaciones.jpg?0000-00-00-00-00-00\" \/><\/div>\n<\/div>\n<h2>Asignaci\u00f3n Familiar por Hijo y Asignaci\u00f3n Universal por Hijo<\/h2>\n<ul>\n<li>DNI terminados en 0: martes 12 de enero<\/li>\n<li>DNI terminados en 1: mi\u00e9rcoles 13 de enero<\/li>\n<li>DNI terminados en 2: jueves 14 de enero<\/li>\n<li>DNI terminados en 3: viernes 15 de enero<\/li>\n<li>DNI terminados en 4: lunes 18 de enero<\/li>\n<li>DNI terminados en 5: martes 19 de enero<\/li>\n<li>DNI terminados en 6: mi\u00e9rcoles 20 de enero<\/li>\n<li>DNI terminados en 7: jueves 21 de enero<\/li>\n<li>DNI terminados en 8: viernes 22 de enero<\/li>\n<li>DNI terminados en 9: lunes 25 de enero<\/li>\n<\/ul>\n<div id=\"7497316-Libre-2003957791_wrap\" class=\"embed_cont type_imagen\" contenteditable=\"false\">\n<div id=\"7497316-Libre-2003957791_content\" class=\"embed_content\"><img decoding=\"async\" id=\"7497316-Libre-2003957791_embed\" src=\"https:\/\/media.ambito.com\/p\/4e0f81e3c0b377d648938e84d34d24ab\/adjuntos\/239\/imagenes\/038\/401\/0038401350\/auh.jpg?0000-00-00-00-00-00\" alt=\"\" longdesc=\"https:\/\/media.ambito.com\/p\/4e0f81e3c0b377d648938e84d34d24ab\/adjuntos\/239\/imagenes\/038\/401\/0038401350\/auh.jpg?0000-00-00-00-00-00\" \/><\/div>\n<\/div>\n<h2>Asignaci\u00f3n por Embarazo<\/h2>\n<ul>\n<li>DNI terminados en 0: lunes 11 de enero<\/li>\n<li>DNI terminados en 1: martes 12 de enero<\/li>\n<li>DNI terminados en 2: mi\u00e9rcoles 13 de enero<\/li>\n<li>DNI terminados en 3: jueves 14 de enero<\/li>\n<li>DNI terminados en 4: viernes 15 de enero<\/li>\n<li>DNI terminados en 5: lunes 18 de enero<\/li>\n<li>DNI terminados en 6: martes 19 de enero<\/li>\n<li>DNI terminados en 7: mi\u00e9rcoles 20 de enero<\/li>\n<li>DNI terminados en 8: jueves 21 de enero<\/li>\n<li>DNI terminados en 9: viernes 22 de enero<\/li>\n<\/ul>\n<div id=\"7497317-Libre-347917436_wrap\" class=\"embed_cont type_imagen\" contenteditable=\"false\">\n<div id=\"7497317-Libre-347917436_content\" class=\"embed_content\"><img decoding=\"async\" id=\"7497317-Libre-347917436_embed\" src=\"https:\/\/media.ambito.com\/p\/9312bea48cbfdab3a4e9f934854be718\/adjuntos\/239\/imagenes\/038\/401\/0038401364\/embarazo.jpg?0000-00-00-00-00-00\" alt=\"\" longdesc=\"https:\/\/media.ambito.com\/p\/9312bea48cbfdab3a4e9f934854be718\/adjuntos\/239\/imagenes\/038\/401\/0038401364\/embarazo.jpg?0000-00-00-00-00-00\" \/><\/div>\n<\/div>\n<h2>Asignaci\u00f3n por Prenatal y Asignaci\u00f3n por Maternidad<\/h2>\n<ul>\n<li>DNI terminados entre 0 y 1: mi\u00e9rcoles 13 de enero<\/li>\n<li>DNI terminados entre 2 y 3: jueves 14 de enero<\/li>\n<li>DNI terminados entre 4 y 5: viernes 15 de enero<\/li>\n<li>DNI terminados en 6 y 7: lunes 18 de enero<\/li>\n<li>DNI terminados en 8 y 9: martes 19 de enero<\/li>\n<\/ul>\n<div id=\"7497318-Libre-1804124264_wrap\" class=\"embed_cont type_imagen\" contenteditable=\"false\">\n<div id=\"7497318-Libre-1804124264_content\" class=\"embed_content\"><img decoding=\"async\" id=\"7497318-Libre-1804124264_embed\" src=\"https:\/\/media.ambito.com\/p\/48fa51b403c2bd082d99fc5646fecd13\/adjuntos\/239\/imagenes\/038\/401\/0038401378\/asignacion.jpg?0000-00-00-00-00-00\" alt=\"\" longdesc=\"https:\/\/media.ambito.com\/p\/48fa51b403c2bd082d99fc5646fecd13\/adjuntos\/239\/imagenes\/038\/401\/0038401378\/asignacion.jpg?0000-00-00-00-00-00\" \/><\/div>\n<\/div>\n<h2>Asignaciones de pago \u00fanico: matrimonio, adopci\u00f3n y nacimiento<\/h2>\n<ul>\n<li>Las asignaciones de pago \u00fanico por matrimonio, adopci\u00f3n y nacimiento se pagan en dos momentos. La 1\u00ba quincena se paga entre el 11 de enero y el 10 de febrero y la 2\u00ba quincena se paga entre el 22 de enero y el 10 de febrero.<\/li>\n<\/ul>\n<div id=\"7497319-Libre-781766936_wrap\" class=\"embed_cont type_imagen\" contenteditable=\"false\">\n<div id=\"7497319-Libre-781766936_content\" class=\"embed_content\"><img decoding=\"async\" id=\"7497319-Libre-781766936_embed\" src=\"https:\/\/media.ambito.com\/p\/eba3ecc7b3399436e1bdecdb98b5793f\/adjuntos\/239\/imagenes\/038\/401\/0038401392\/pago-unico.jpg?0000-00-00-00-00-00\" alt=\"\" longdesc=\"https:\/\/media.ambito.com\/p\/eba3ecc7b3399436e1bdecdb98b5793f\/adjuntos\/239\/imagenes\/038\/401\/0038401392\/pago-unico.jpg?0000-00-00-00-00-00\" \/><\/div>\n<\/div>\n<\/section>\n<\/section>\n<p><img decoding=\"async\" src=\"https:\/\/media.ambito.com\/p\/35ddd4680535c9c6fe5d8642355c1113\/adjuntos\/239\/imagenes\/038\/401\/0038401434\/desempleo.jpg?0000-00-00-00-00-00\" \/><br \/>\n<strong>&#8230;&#8230;&#8230;&#8230;&#8230;&#8230;&#8230;&#8230;&#8230;&#8230;&#8230;&#8230;&#8230;&#8230;&#8230;&#8230;&#8230;&#8230;&#8230;&#8230;&#8230;.<\/strong><\/p>\n<p style=\"text-align: center;\"><strong>&#8212;&#8212;&#8212;&#8212;&#8212;&#8212;&#8212;&#8212;&#8212;&#8212;&#8212;&#8212;&#8212;&#8212;&#8212;&#8212;&#8212;&#8212;&#8212;&#8212;&#8211;<\/strong><\/p>\n<p><strong>CONVENIO CON RIVER.<\/strong><\/p>\n<p>Con el objetivo de acompa\u00f1ar a los trabajadores y las trabajadoras del Club Atl\u00e9tico River Plate (CARP) y facilitar la realizaci\u00f3n de diversos tr\u00e1mites, la directora ejecutiva de la ANSES, <b>Fernanda Raverta<\/b>, firm\u00f3 un convenio con el presidente del Club,\u00a0<b>Rodolfo D&#8217;Onofrio<\/b>, para incorporarlos al programa\u00a0<i>ANSES va a tu trabajo<\/i>.<\/p>\n<div class=\"D_F ek_BB H_6D6F aw_2941hk ba_10I1Qt az_oOItw ay_Z1nkUQx I_kt4zd\">\n<div id=\"app\" class=\"D_F ek_BB H_6D6F cZ1RN91d_n s_1HCsWR aw_Z22yhkg I_kt4zd az_DW ba_Z2gmOa3 ay_Z1cYiMT c2hBT4u_Zm6i39 cZTwBjO_Zdogtk\" tabindex=\"-1\" data-test-id=\"mail-app\">\n<div class=\"I_ZnwrMC D_F em_N o_h W_6D6F H_6D6F\" data-test-id=\"content-area\">\n<div class=\"D_F em_N o_h s_1HCsWR\" data-test-id=\"content-below-tabs\">\n<div id=\"mail-app-component-container\" class=\"D_F em_N ej_eUh o_h\">\n<div id=\"mail-app-component\" class=\"em_N gl_C I_52qC j_ZlOSbd o_h p_R D_F s_e5X x_Z14vXdP\" data-yaft-module=\"norrin_main\" data-test-id=\"mail-app-component\">\n<div class=\"D_F ek_BB p_a Z_0 L_0 R_0 T_0 B_0 cZ1RN91d_GG I_ZnwrMC\" data-test-id=\"message-group-view\">\n<div class=\"iz_A I_52qC em_0 Z_0\" role=\"main\" data-test-id=\"message-group-view-scroller\" aria-label=\"Vista de mensajes\">\n<div data-test-id=\"focus-group\" aria-label=\"Grupo de navegaci\u00f3n del teclado. Usa las flechas para navegar o el tabulador para pasar al siguiente grupo.\">\n<ul class=\"hd_n M_0 X_0\" data-test-id=\"cards\">\n<li class=\"m_Z12nDQf D_F ek_BB ir_0\">\n<div class=\"p_R b_2w4l8N I_52qC em_N X_fq7 N_6LEV ir3_Z1tiXR3 it3_689y j_ZlOSbd message-view\" tabindex=\"40\" data-test-id=\"message-view\" data-test-expanded=\"true\" data-iskeynav=\"true\">\n<div data-test-id=\"message-body-container\">\n<div class=\"I_52qC D_FY W_6D6F\" data-test-id=\"message-view-body\">\n<div class=\"msg-body P_wpofO mq_AS\" data-test-id=\"message-view-body-content\">\n<div class=\"jb_0 X_6MGW N_6Fd5\">\n<div id=\"yiv4706452829\">\n<div class=\"yiv4706452829WordSection1\">\n<p class=\"yiv4706452829MsoNormal\">El presidente de River dijo que \u201c<i>lo m\u00e1s importante es lograr que los trabajadores del club tengan acceso a todo lo que sea la ANSES, pero en forma directa. Sin tener que hacer mayores tramites ni necesitar intermediarios. Tuvimos una reuni\u00f3n muy interesante que no solo abarca lo que hoy hemos firmado, sino adem\u00e1s las cosas que podemos hacer juntos\u201d.<\/i><\/p>\n<p class=\"yiv4706452829MsoNormal\">Por su parte,\u00a0<b>Raverta<\/b>\u00a0expres\u00f3: \u201c<i>Acabamos de terminar una reuni\u00f3n de trabajo firmando convenios para pensar y colaborar la relaci\u00f3n que vamos a tener con River, as\u00ed como con todos los clubes que estamos visitando. La idea es construir una gesti\u00f3n de cara a los intereses de los argentinos y las argentinas. Fuimos muy bien recibidos por el presidente. Sabemos que hay muchos argentinos y argentinas que sienten y se emocionan con estos colores\u201d.<\/i><\/p>\n<p class=\"yiv4706452829MsoNormal\">De la reuni\u00f3n tambi\u00e9n participaron el vicepresidente de River,\u00a0<b>Stefano Di Carlo,\u00a0<\/b>y el director General de Prestaciones Centralizadas de la ANSES,\u00a0<b>Juan Manuel Tignanelli<\/b>.<\/p>\n<p class=\"yiv4706452829MsoNormal\"><strong>El programa\u00a0<i>ANSES va a tu trabajo<\/i><\/strong>\u00a0es de atenci\u00f3n personalizada a empresas, sindicatos y organismos p\u00fablicos permite a las personas que all\u00ed se desempe\u00f1an realizar diferentes tr\u00e1mites de la ANSES en su espacio laboral. Acelerando, de esta manera, los tiempos de resoluci\u00f3n, sin tener la necesidad de trasladarse a una delegaci\u00f3n del organismo.<\/p>\n<p class=\"yiv4706452829MsoNormal\">Las personas que trabajan en relaci\u00f3n de dependencia, podr\u00e1n acceder m\u00e1s f\u00e1cil y r\u00e1pido a sus jubilaciones, pensiones, reconocimiento de servicios y contar con asesoramiento previsional totalmente gratuito. Para m\u00e1s informaci\u00f3n, los interesados pueden ingresar a\u00a0<a href=\"http:\/\/www.anses.gob.ar\/avatt\" target=\"_blank\" rel=\"nofollow noopener noreferrer\">www.anses.gob.ar\/avatt<\/a>.<\/p>\n<\/div>\n<\/div>\n<\/div>\n<\/div>\n<\/div>\n<div class=\"H_7jIs D_F ab_C Q_69H5 E_36RhU\" data-test-id=\"toolbar-hover-area\">\n<div class=\"D_F W_6D6F r_BN gl_C\" data-test-id=\"card-toolbar\">\n<div class=\"D_F ab_C en_0 b_Z14vXdP e_3mS2U I_52qC P_Z1otBpf\"><\/div>\n<\/div>\n<\/div>\n<\/div>\n<\/div>\n<\/li>\n<\/ul>\n<\/div>\n<\/div>\n<\/div>\n<\/div>\n<div class=\"D_F o_v p_R I_ZnwrMC\" data-test-id=\"mail-right-rail\">\n<div class=\"D_F ek_BB\">\n<div class=\"Z_qc\">\n<div class=\"D_F en_0 gl_FM je_6Fd5 jb_6Fd5 N_6Fd5 X_6Fd5 H_7bcz k_w I_52qC m_Z14vXdP U_67SN\" data-test-id=\"comms-properties-bar\" aria-label=\"Grupo de navegaci\u00f3n del teclado. Usa las flechas para navegar o el tabulador para pasar al siguiente grupo.\">\n<div class=\"D_F W_A\" role=\"navigation\" data-test-id=\"comms-properties\" aria-label=\"Navega a otras propiedades de Yahoo, como Messenger, Agenda, Contactos y Bloc de notas\">\n<div class=\"D_F U_0 r_P M_Z1kd4S1 q_n b_n P_0 C_52qC cdPFi_Z1TsNWR cdPFi4_Z2aVTcY ir3_1JO2M7\" tabindex=\"-1\" data-test-id=\"right-rail-calendar-icon\" data-iskeynav=\"true\">\n<div class=\"p_a A_pG C_q u_e69 T_e5X L_e5X h_16Wm1O\" data-test-id=\"calendar-day-text\"><\/div>\n<\/div>\n<\/div>\n<\/div>\n<\/div>\n<\/div>\n<\/div>\n<\/div>\n<\/div>\n<\/div>\n<\/div>\n<\/div>\n","protected":false},"excerpt":{"rendered":"<p>LA INFORMACI\u00d3N.\u00a0<\/p>\n","protected":false},"author":3,"featured_media":8295,"comment_status":"open","ping_status":"open","sticky":false,"template":"","format":"standard","meta":{"footnotes":"","jetpack_publicize_message":"","jetpack_publicize_feature_enabled":true,"jetpack_social_post_already_shared":false,"jetpack_social_options":{"image_generator_settings":{"template":"highway","default_image_id":0,"font":"","enabled":false},"version":2}},"categories":[81],"tags":[21,37,142,1064],"class_list":["post-7953","post","type-post","status-publish","format-standard","has-post-thumbnail","hentry","category-anses","tag-anses","tag-destacada","tag-pagos","tag-pagoss"],"jetpack_publicize_connections":[],"jetpack_featured_media_url":"https:\/\/revistaepocadigital.com.ar\/wp-content\/uploads\/2020\/12\/thumbnail-1.jpg","jetpack_likes_enabled":true,"_links":{"self":[{"href":"https:\/\/revistaepocadigital.com.ar\/index.php?rest_route=\/wp\/v2\/posts\/7953","targetHints":{"allow":["GET"]}}],"collection":[{"href":"https:\/\/revistaepocadigital.com.ar\/index.php?rest_route=\/wp\/v2\/posts"}],"about":[{"href":"https:\/\/revistaepocadigital.com.ar\/index.php?rest_route=\/wp\/v2\/types\/post"}],"author":[{"embeddable":true,"href":"https:\/\/revistaepocadigital.com.ar\/index.php?rest_route=\/wp\/v2\/users\/3"}],"replies":[{"embeddable":true,"href":"https:\/\/revistaepocadigital.com.ar\/index.php?rest_route=%2Fwp%2Fv2%2Fcomments&post=7953"}],"version-history":[{"count":0,"href":"https:\/\/revistaepocadigital.com.ar\/index.php?rest_route=\/wp\/v2\/posts\/7953\/revisions"}],"wp:featuredmedia":[{"embeddable":true,"href":"https:\/\/revistaepocadigital.com.ar\/index.php?rest_route=\/wp\/v2\/media\/8295"}],"wp:attachment":[{"href":"https:\/\/revistaepocadigital.com.ar\/index.php?rest_route=%2Fwp%2Fv2%2Fmedia&parent=7953"}],"wp:term":[{"taxonomy":"category","embeddable":true,"href":"https:\/\/revistaepocadigital.com.ar\/index.php?rest_route=%2Fwp%2Fv2%2Fcategories&post=7953"},{"taxonomy":"post_tag","embeddable":true,"href":"https:\/\/revistaepocadigital.com.ar\/index.php?rest_route=%2Fwp%2Fv2%2Ftags&post=7953"}],"curies":[{"name":"wp","href":"https:\/\/api.w.org\/{rel}","templated":true}]}}