{"id":7978,"date":"2020-12-02T10:48:32","date_gmt":"2020-12-02T13:48:32","guid":{"rendered":"https:\/\/revistaepocadigital.com.ar\/?p=7978"},"modified":"2020-12-08T18:49:19","modified_gmt":"2020-12-08T21:49:19","slug":"rediseno-de-programas-de-educacion-de-eden","status":"publish","type":"post","link":"https:\/\/revistaepocadigital.com.ar\/?p=7978","title":{"rendered":"Redise\u00f1o de programas de educaci\u00f3n de EDEN"},"content":{"rendered":"<p dir=\"ltr\"><strong>EN EL CONTEXTO DE PANDEMIA.<\/strong><!--more--><\/p>\n<p dir=\"ltr\">EDEN redise\u00f1\u00f3 sus Programas de Educaci\u00f3n para continuar aportando al crecimiento de las comunidades.\u00a0Creando nuevos contenidos y herramientas digitales, adaptando todo ello a la modalidad virtual, EDEN consigui\u00f3 ajustar su propuesta educativa a las exigencias del nuevo contexto.<\/p>\n<p dir=\"ltr\">De este modo, fueron posibles los lanzamientos de las Ediciones 2020 de:<\/p>\n<ul>\n<li dir=\"ltr\">\n<p dir=\"ltr\">Programa de Oficios EDEN en Tres Lomas, Gral. Villegas, Mercedes y Gral. Arenales.<\/p>\n<\/li>\n<li dir=\"ltr\">\n<p dir=\"ltr\">Programa Pr\u00e1cticas Profesionalizantes EDEN en Bragado, Tres Lomas, Alberti, Capit\u00e1n Sarmiento, Chivilcoy, Jun\u00edn y Salliquel\u00f3.<\/p>\n<\/li>\n<li dir=\"ltr\">\n<p dir=\"ltr\">Programa EDEN visita tu Escuela en Chivilcoy, San Nicol\u00e1s, Conesa, San Andr\u00e9s de Giles, Vedia.<\/p>\n<\/li>\n<\/ul>\n<p dir=\"ltr\">Diana Hulten, Gerente de Recursos Humanos y Relaciones Institucionales de EDEN, destac\u00f3:<em> \u201cAdaptarnos al dif\u00edcil contexto que nos ha tocado transitar a todos llev\u00f3 mucho esfuerzo, pero lo m\u00e1s importante para nosotros fue darle continuidad a estos Programas de Educaci\u00f3n que nos llenan de orgullo y que aportan un granito de arena al desarrollo y crecimiento de nuestras comunidades\u201d.\u00a0<\/em><\/p>\n<p dir=\"ltr\"><img loading=\"lazy\" decoding=\"async\" class=\"aligncenter size-large wp-image-7981\" src=\"https:\/\/revistaepocadigital.com.ar\/wp-content\/uploads\/2020\/12\/PROGRAMAS-EDUCATIVOS-EDEN-2020-843x1200.jpeg\" alt=\"\" width=\"696\" height=\"991\" srcset=\"https:\/\/revistaepocadigital.com.ar\/wp-content\/uploads\/2020\/12\/PROGRAMAS-EDUCATIVOS-EDEN-2020-843x1200.jpeg 843w, https:\/\/revistaepocadigital.com.ar\/wp-content\/uploads\/2020\/12\/PROGRAMAS-EDUCATIVOS-EDEN-2020-211x300.jpeg 211w, https:\/\/revistaepocadigital.com.ar\/wp-content\/uploads\/2020\/12\/PROGRAMAS-EDUCATIVOS-EDEN-2020-768x1093.jpeg 768w, https:\/\/revistaepocadigital.com.ar\/wp-content\/uploads\/2020\/12\/PROGRAMAS-EDUCATIVOS-EDEN-2020-696x991.jpeg 696w, https:\/\/revistaepocadigital.com.ar\/wp-content\/uploads\/2020\/12\/PROGRAMAS-EDUCATIVOS-EDEN-2020-295x420.jpeg 295w, https:\/\/revistaepocadigital.com.ar\/wp-content\/uploads\/2020\/12\/PROGRAMAS-EDUCATIVOS-EDEN-2020-590x840.jpeg 590w, https:\/\/revistaepocadigital.com.ar\/wp-content\/uploads\/2020\/12\/PROGRAMAS-EDUCATIVOS-EDEN-2020.jpeg 899w\" sizes=\"auto, (max-width: 696px) 100vw, 696px\" \/><\/p>\n<p dir=\"ltr\">\n","protected":false},"excerpt":{"rendered":"<p>EN EL CONTEXTO DE PANDEMIA.<\/p>\n","protected":false},"author":3,"featured_media":7981,"comment_status":"open","ping_status":"open","sticky":false,"template":"","format":"standard","meta":{"footnotes":"","jetpack_publicize_message":"","jetpack_publicize_feature_enabled":true,"jetpack_social_post_already_shared":false,"jetpack_social_options":{"image_generator_settings":{"template":"highway","default_image_id":0,"font":"","enabled":false},"version":2}},"categories":[6,14],"tags":[39,231],"class_list":["post-7978","post","type-post","status-publish","format-standard","has-post-thumbnail","hentry","category-barrios","category-la-gente","tag-eden","tag-educacion"],"jetpack_publicize_connections":[],"jetpack_featured_media_url":"https:\/\/revistaepocadigital.com.ar\/wp-content\/uploads\/2020\/12\/PROGRAMAS-EDUCATIVOS-EDEN-2020.jpeg","jetpack_likes_enabled":true,"_links":{"self":[{"href":"https:\/\/revistaepocadigital.com.ar\/index.php?rest_route=\/wp\/v2\/posts\/7978","targetHints":{"allow":["GET"]}}],"collection":[{"href":"https:\/\/revistaepocadigital.com.ar\/index.php?rest_route=\/wp\/v2\/posts"}],"about":[{"href":"https:\/\/revistaepocadigital.com.ar\/index.php?rest_route=\/wp\/v2\/types\/post"}],"author":[{"embeddable":true,"href":"https:\/\/revistaepocadigital.com.ar\/index.php?rest_route=\/wp\/v2\/users\/3"}],"replies":[{"embeddable":true,"href":"https:\/\/revistaepocadigital.com.ar\/index.php?rest_route=%2Fwp%2Fv2%2Fcomments&post=7978"}],"version-history":[{"count":0,"href":"https:\/\/revistaepocadigital.com.ar\/index.php?rest_route=\/wp\/v2\/posts\/7978\/revisions"}],"wp:featuredmedia":[{"embeddable":true,"href":"https:\/\/revistaepocadigital.com.ar\/index.php?rest_route=\/wp\/v2\/media\/7981"}],"wp:attachment":[{"href":"https:\/\/revistaepocadigital.com.ar\/index.php?rest_route=%2Fwp%2Fv2%2Fmedia&parent=7978"}],"wp:term":[{"taxonomy":"category","embeddable":true,"href":"https:\/\/revistaepocadigital.com.ar\/index.php?rest_route=%2Fwp%2Fv2%2Fcategories&post=7978"},{"taxonomy":"post_tag","embeddable":true,"href":"https:\/\/revistaepocadigital.com.ar\/index.php?rest_route=%2Fwp%2Fv2%2Ftags&post=7978"}],"curies":[{"name":"wp","href":"https:\/\/api.w.org\/{rel}","templated":true}]}}