{"id":7990,"date":"2020-12-02T13:32:14","date_gmt":"2020-12-02T16:32:14","guid":{"rendered":"https:\/\/revistaepocadigital.com.ar\/?p=7990"},"modified":"2020-12-02T13:52:43","modified_gmt":"2020-12-02T16:52:43","slug":"como-estan-viviendo-en-el-barrio-la-sidrera","status":"publish","type":"post","link":"https:\/\/revistaepocadigital.com.ar\/?p=7990","title":{"rendered":"\u00bfC\u00f3mo est\u00e1n viviendo en el Barrio La Sidrera?"},"content":{"rendered":"<div class=\"\" dir=\"auto\">\n<div id=\"jsc_c_5m\" class=\"ecm0bbzt hv4rvrfc ihqw7lf3 dati1w0a\" data-ad-comet-preview=\"message\" data-ad-preview=\"message\">\n<div class=\"j83agx80 cbu4d94t ew0dbk1b irj2b8pg\">\n<div class=\"qzhwtbm6 knvmm38d\">\n<div class=\"kvgmc6g5 cxmmr5t8 oygrvhab hcukyx3x c1et5uql ii04i59q\">\n<div dir=\"auto\"><strong>CERCANO A PAVON, Y LA RUTA 6.\u00bfY EN OTROS BARRIOS?<!--more--><\/strong><\/div>\n<div dir=\"auto\"><\/div>\n<div dir=\"auto\">Uno de los sectores de Exaltaci\u00f3n de la Cruz, donde en los \u00faltimos a\u00f1os se ha producido un importante crecimiento poblacional, y en casos no en las mejores condiciones.<\/div>\n<div dir=\"auto\"><\/div>\n<div dir=\"auto\">Personal municipal, con el apoyo de representantes de la Provincia de Buenos Aires, concret\u00f3 (1\/12) un relevamiento en La Sidrera. El objetivo -seg\u00fan inform\u00f3 el municipio-\u00a0 estuvo puesto en analizar la situaci\u00f3n de varias viviendas del lugar, y avanzar en una posible regularizaci\u00f3n dominial, para que cada vecino pueda contar con su escritura y las garant\u00edas que eso conlleva.<\/div>\n<div dir=\"auto\"><\/div>\n<\/div>\n<div class=\"o9v6fnle cxmmr5t8 oygrvhab hcukyx3x c1et5uql ii04i59q\">\n<div dir=\"auto\">La jornada cont\u00f3 con la presencia del director provincial de Regularizaci\u00f3n Dominial de H\u00e1bitat, Roberto Perito; autoridades de la secretar\u00eda de Planificaci\u00f3n, de Tierras y Catastro, y de la cartera de Gobierno, todos con el apoyo del delegado de Pav\u00f3n, Gustavo Alleal.<\/div>\n<div dir=\"auto\"><\/div>\n<\/div>\n<div class=\"o9v6fnle cxmmr5t8 oygrvhab hcukyx3x c1et5uql ii04i59q\">\n<div dir=\"auto\">Con los datos recabados, se iba a evaluar la situaci\u00f3n de cada vivienda, para adecuarla a la normativa vigente y avanzar en la posibilidad registral del inmueble, en el marco de un trabajo impulsado por el municipio, que tuvo a La Sidrera como punto de partida.<\/div>\n<div dir=\"auto\"><\/div>\n<div dir=\"auto\">A la iniciativa importante para constatar las condiciones de vida de vecinos el barrio, tambi\u00e9n deber\u00edan atenderse en el mismo aspecto, situaciones por las que atraviesan otras familias, a la b\u00fasqueda de respuestas y soluciones equitativas con el resto de los pobladores del distrito. Por otro lado, resulta de suma utilidad que el trabajo realizado en\u00a0 La Sidrera, se extienda al resto de los barrios, para conocer necesidades e informaci\u00f3n que resulte\u00a0 \u00fatil.<\/div>\n<\/div>\n<\/div>\n<\/div>\n<\/div>\n<\/div>\n<p>&nbsp;<\/p>\n","protected":false},"excerpt":{"rendered":"<p>CERCANO A PAVON, Y LA RUTA 6.\u00bfY EN OTROS BARRIOS?<\/p>\n","protected":false},"author":4,"featured_media":7992,"comment_status":"open","ping_status":"open","sticky":false,"template":"","format":"standard","meta":{"footnotes":"","jetpack_publicize_message":"","jetpack_publicize_feature_enabled":true,"jetpack_social_post_already_shared":false,"jetpack_social_options":{"image_generator_settings":{"template":"highway","default_image_id":0,"font":"","enabled":false},"version":2}},"categories":[17],"tags":[959,1098],"class_list":["post-7990","post","type-post","status-publish","format-standard","has-post-thumbnail","hentry","category-politica","tag-la-sidrera","tag-relevamiento"],"jetpack_publicize_connections":[],"jetpack_featured_media_url":"https:\/\/revistaepocadigital.com.ar\/wp-content\/uploads\/2020\/12\/sidrera.jpg","jetpack_likes_enabled":true,"_links":{"self":[{"href":"https:\/\/revistaepocadigital.com.ar\/index.php?rest_route=\/wp\/v2\/posts\/7990","targetHints":{"allow":["GET"]}}],"collection":[{"href":"https:\/\/revistaepocadigital.com.ar\/index.php?rest_route=\/wp\/v2\/posts"}],"about":[{"href":"https:\/\/revistaepocadigital.com.ar\/index.php?rest_route=\/wp\/v2\/types\/post"}],"author":[{"embeddable":true,"href":"https:\/\/revistaepocadigital.com.ar\/index.php?rest_route=\/wp\/v2\/users\/4"}],"replies":[{"embeddable":true,"href":"https:\/\/revistaepocadigital.com.ar\/index.php?rest_route=%2Fwp%2Fv2%2Fcomments&post=7990"}],"version-history":[{"count":0,"href":"https:\/\/revistaepocadigital.com.ar\/index.php?rest_route=\/wp\/v2\/posts\/7990\/revisions"}],"wp:featuredmedia":[{"embeddable":true,"href":"https:\/\/revistaepocadigital.com.ar\/index.php?rest_route=\/wp\/v2\/media\/7992"}],"wp:attachment":[{"href":"https:\/\/revistaepocadigital.com.ar\/index.php?rest_route=%2Fwp%2Fv2%2Fmedia&parent=7990"}],"wp:term":[{"taxonomy":"category","embeddable":true,"href":"https:\/\/revistaepocadigital.com.ar\/index.php?rest_route=%2Fwp%2Fv2%2Fcategories&post=7990"},{"taxonomy":"post_tag","embeddable":true,"href":"https:\/\/revistaepocadigital.com.ar\/index.php?rest_route=%2Fwp%2Fv2%2Ftags&post=7990"}],"curies":[{"name":"wp","href":"https:\/\/api.w.org\/{rel}","templated":true}]}}