{"id":7997,"date":"2020-12-05T10:32:55","date_gmt":"2020-12-05T13:32:55","guid":{"rendered":"https:\/\/revistaepocadigital.com.ar\/?p=7997"},"modified":"2020-12-05T10:32:55","modified_gmt":"2020-12-05T13:32:55","slug":"ffizer-pidio-autorizacion-a-la-anmat-para-usar-su-vacuna-en-argentina","status":"publish","type":"post","link":"https:\/\/revistaepocadigital.com.ar\/?p=7997","title":{"rendered":"Ffizer pidi\u00f3 autorizaci\u00f3n a la ANMAT para usar su vacuna en Argentina"},"content":{"rendered":"<div class=\"small-12 xlarge-8 xlarge-offset-2 large-8 large-offset-2 columns\">\n<div class=\"e-post-subtitle\"><strong>APROBADA Y A PUNTO DE APLICARSE EN GRAN BRETA\u00d1A.<!--more--><\/strong><\/div>\n<div><\/div>\n<div class=\"e-post-subtitle\">&#8220;Si aprob\u00f3 el Reino Unido yo estoy convencido en que tiene holgadamente todo lo que tiene que tener, pero no puedo anticiparlo porque no depende de mi, es una decisi\u00f3n t\u00e9cnica&#8221;, explic\u00f3 el ministro de Salud, Gin\u00e9s Gonz\u00e1lez Garc\u00eda.<\/div>\n<\/div>\n<div class=\"small-12 medium-12 large-2 xlarge-2 large-offset-2 xlarge-offset-2 columns\">\n<div class=\"b-post-sharing\">\n<p>&nbsp;<\/p>\n<p><strong>Pfizer present\u00f3 esta semana (2\/12) la documentaci\u00f3n a la Administraci\u00f3n Nacional de Medicamentos, Alimentos y Tecnolog\u00eda M\u00e9dica (ANMAT),<\/strong> para que autorice el uso de su vacuna en Argentina. As\u00ed lo inform\u00f3 el ministro de Salud, Gin\u00e9s Gonz\u00e1lez Garc\u00eda, en di\u00e1logo con el programa &#8220;Cr\u00f3nica de una tarde anunciada&#8221;, <strong>que conduce Nelson Castro por radio Rivadavia.<\/strong><\/p>\n<\/div>\n<\/div>\n<div class=\"small-12 medium-12 large-6 columns \">\n<div class=\"e-post-text\">\n<p>&#8220;Hoy se present\u00f3 en el ANMAT Pfizer para autorizar la vacuna en la Argentina&#8221;, dijo el funcionario y explic\u00f3 que el procedimiento &#8220;exige toda la documentaci\u00f3n de los estudios que se han hecho&#8221;.\u00a0Seg\u00fan indic\u00f3, ante la urgencia que impone la pandemia &#8220;lo que se est\u00e1 haciendo es una cuesti\u00f3n m\u00e1s r\u00e1pida de autorizaci\u00f3n&#8221;.<\/p>\n<p>&#8220;Claramente si lo consiguieron en Inglaterra es porque tienen toda esta fase&#8221;, apunt\u00f3. Si bien el ministro no dio fecha para que se complete el proceso de autorizaci\u00f3n, consider\u00f3 que a su juicio Pfizer &#8220;tiene holgadamente todo lo que tiene que tener&#8221; para conseguir el aval de la ANMAT.<\/p>\n<p><strong>&#8220;Si aprob\u00f3 el Reino Unido yo estoy convencido en que tiene holgadamente todo lo que tiene que tener,<\/strong> pero no puedo anticiparlo porque no depende de mi, es una decisi\u00f3n t\u00e9cnica&#8221;, explic\u00f3.\u00a0Gran Breta\u00f1a se convirti\u00f3 en el primer pa\u00eds del mundo en aprobar la vacuna Pfizer\/BioNTech COVID-19 para su uso, que se implementar\u00e1 desde la pr\u00f3xima semana.<\/p>\n<\/div>\n<\/div>\n","protected":false},"excerpt":{"rendered":"<p>APROBADA Y A PUNTO DE APLICARSE EN GRAN BRETA\u00d1A.<\/p>\n","protected":false},"author":4,"featured_media":8040,"comment_status":"open","ping_status":"open","sticky":false,"template":"","format":"standard","meta":{"footnotes":"","jetpack_publicize_message":"","jetpack_publicize_feature_enabled":true,"jetpack_social_post_already_shared":false,"jetpack_social_options":{"image_generator_settings":{"template":"highway","default_image_id":0,"font":"","enabled":false},"version":2}},"categories":[17],"tags":[752,976],"class_list":["post-7997","post","type-post","status-publish","format-standard","has-post-thumbnail","hentry","category-politica","tag-covid","tag-vacuna"],"jetpack_publicize_connections":[],"jetpack_featured_media_url":"https:\/\/revistaepocadigital.com.ar\/wp-content\/uploads\/2020\/12\/vacuna-covid.jpg","jetpack_likes_enabled":true,"_links":{"self":[{"href":"https:\/\/revistaepocadigital.com.ar\/index.php?rest_route=\/wp\/v2\/posts\/7997","targetHints":{"allow":["GET"]}}],"collection":[{"href":"https:\/\/revistaepocadigital.com.ar\/index.php?rest_route=\/wp\/v2\/posts"}],"about":[{"href":"https:\/\/revistaepocadigital.com.ar\/index.php?rest_route=\/wp\/v2\/types\/post"}],"author":[{"embeddable":true,"href":"https:\/\/revistaepocadigital.com.ar\/index.php?rest_route=\/wp\/v2\/users\/4"}],"replies":[{"embeddable":true,"href":"https:\/\/revistaepocadigital.com.ar\/index.php?rest_route=%2Fwp%2Fv2%2Fcomments&post=7997"}],"version-history":[{"count":0,"href":"https:\/\/revistaepocadigital.com.ar\/index.php?rest_route=\/wp\/v2\/posts\/7997\/revisions"}],"wp:featuredmedia":[{"embeddable":true,"href":"https:\/\/revistaepocadigital.com.ar\/index.php?rest_route=\/wp\/v2\/media\/8040"}],"wp:attachment":[{"href":"https:\/\/revistaepocadigital.com.ar\/index.php?rest_route=%2Fwp%2Fv2%2Fmedia&parent=7997"}],"wp:term":[{"taxonomy":"category","embeddable":true,"href":"https:\/\/revistaepocadigital.com.ar\/index.php?rest_route=%2Fwp%2Fv2%2Fcategories&post=7997"},{"taxonomy":"post_tag","embeddable":true,"href":"https:\/\/revistaepocadigital.com.ar\/index.php?rest_route=%2Fwp%2Fv2%2Ftags&post=7997"}],"curies":[{"name":"wp","href":"https:\/\/api.w.org\/{rel}","templated":true}]}}