{"id":8006,"date":"2020-12-03T01:08:54","date_gmt":"2020-12-03T04:08:54","guid":{"rendered":"https:\/\/revistaepocadigital.com.ar\/?p=8006"},"modified":"2020-12-03T01:37:42","modified_gmt":"2020-12-03T04:37:42","slug":"con-la-seguridad-en-la-mira-nanni-se-reunio-una-alta-funcionaria-del-ministerio-de-seguridad","status":"publish","type":"post","link":"https:\/\/revistaepocadigital.com.ar\/?p=8006","title":{"rendered":"Con la seguridad en la mira, Nanni se reuni\u00f3 con una alta funcionaria del Ministerio de Seguridad"},"content":{"rendered":"<p><strong>UNA REUNI\u00d3N PARA TENER EN CUENTA. MIR\u00c1 EL VIDEO.<\/strong><!--more--><\/p>\n<p>Preservar, trabajar en la seguridad pensando en la gente, aspecto tan cr\u00edtico en nuestro pa\u00eds desde hace mucho, originado en una multiplicidad de factores, resulta un cometido constante por sobre la coyuntura.<\/p>\n<p>Considerando el contexto en el\u00a0 que nos encontramos,\u00a0 si puntualizamos en Exaltaci\u00f3n de la Cruz, el trabajo se torna m\u00e1s imperioso. La pandemia entre sus consecuencias m\u00e1s recientes, deriva en que ante la llegada de la temporada veraniega, dada las restricciones u obst\u00e1culos espec\u00edficos en los traslados a centros tur\u00edsticos, es un hecho que lleve a que muchos opten por vacacionar en zonas m\u00e1s cercanas a la ciudad de Buenos Aires, en zonas de campos, countries y barrios.<\/p>\n<p>En tal sentido, en Exaltaci\u00f3n de la Cruz si bien la existencia de countries no es relevante, aparecen numerosos barrios apacibles y que pueden ser atractivos para muchos visitantes para pasar unos d\u00edas de descanso. La posible alternativa, derivar\u00e1 en un aumento de la poblaci\u00f3n estacional que implicar\u00eda cambios en la vida cotidiana.<\/p>\n<p>Y uno de esos cambios se vinculan por el lado de las autoridades, en el esquema de seguridad. Ese fue el tema principal de la reuni\u00f3n mantenida por el intendente Diego Nanni con Silvia La Ruffa, Subsecretaria de Programaci\u00f3n Federal y\u00a0 Articulaci\u00f3n Legislativa del Ministerio de Seguridad de la Naci\u00f3n.<\/p>\n<p>Mir\u00e1 im\u00e1genes de la reuni\u00f3n:<\/p>\n<blockquote class=\"twitter-tweet\" data-width=\"550\" data-dnt=\"true\">\n<p lang=\"es\" dir=\"ltr\">Hoy nos reunimos con <a href=\"https:\/\/twitter.com\/DiegoEduNanni?ref_src=twsrc%5Etfw\">@DiegoEduNanni<\/a> , intendente de Exaltaci\u00f3n de la Cruz para articular pol\u00edticas de seguridad y el despliegue operativo de fuerzas federales en puntos del municipio en este comienzo de la temporada de verano.<a href=\"https:\/\/twitter.com\/MinSeg?ref_src=twsrc%5Etfw\">@MinSeg<\/a> <br \/>#<a href=\"https:\/\/twitter.com\/hashtag\/ArgentinaFederal?src=hash&amp;ref_src=twsrc%5Etfw\">#ArgentinaFederal<\/a> <a href=\"https:\/\/twitter.com\/hashtag\/Seguridad?src=hash&amp;ref_src=twsrc%5Etfw\">#Seguridad<\/a> <a href=\"https:\/\/t.co\/YZno4TWUZk\">pic.twitter.com\/YZno4TWUZk<\/a><\/p>\n<p>&mdash; Silvia La Ruffa\ud83d\udc9a (@silvialaruffa) <a href=\"https:\/\/twitter.com\/silvialaruffa\/status\/1334222529070817286?ref_src=twsrc%5Etfw\">December 2, 2020<\/a><\/p><\/blockquote>\n<p><script async src=\"https:\/\/platform.twitter.com\/widgets.js\" charset=\"utf-8\"><\/script><\/p>\n","protected":false},"excerpt":{"rendered":"<p>UNA REUNI\u00d3N PARA TENER EN CUENTA. MIR\u00c1 EL VIDEO.<\/p>\n","protected":false},"author":4,"featured_media":8009,"comment_status":"open","ping_status":"open","sticky":false,"template":"","format":"standard","meta":{"footnotes":"","jetpack_publicize_message":"","jetpack_publicize_feature_enabled":true,"jetpack_social_post_already_shared":false,"jetpack_social_options":{"image_generator_settings":{"template":"highway","default_image_id":0,"font":"","enabled":false},"version":2}},"categories":[17],"tags":[1100,66,149],"class_list":["post-8006","post","type-post","status-publish","format-standard","has-post-thumbnail","hentry","category-politica","tag-la-ruffa","tag-nanni","tag-seguridad"],"jetpack_publicize_connections":[],"jetpack_featured_media_url":"https:\/\/revistaepocadigital.com.ar\/wp-content\/uploads\/2020\/12\/la-ruffa.jpg","jetpack_likes_enabled":true,"_links":{"self":[{"href":"https:\/\/revistaepocadigital.com.ar\/index.php?rest_route=\/wp\/v2\/posts\/8006","targetHints":{"allow":["GET"]}}],"collection":[{"href":"https:\/\/revistaepocadigital.com.ar\/index.php?rest_route=\/wp\/v2\/posts"}],"about":[{"href":"https:\/\/revistaepocadigital.com.ar\/index.php?rest_route=\/wp\/v2\/types\/post"}],"author":[{"embeddable":true,"href":"https:\/\/revistaepocadigital.com.ar\/index.php?rest_route=\/wp\/v2\/users\/4"}],"replies":[{"embeddable":true,"href":"https:\/\/revistaepocadigital.com.ar\/index.php?rest_route=%2Fwp%2Fv2%2Fcomments&post=8006"}],"version-history":[{"count":0,"href":"https:\/\/revistaepocadigital.com.ar\/index.php?rest_route=\/wp\/v2\/posts\/8006\/revisions"}],"wp:featuredmedia":[{"embeddable":true,"href":"https:\/\/revistaepocadigital.com.ar\/index.php?rest_route=\/wp\/v2\/media\/8009"}],"wp:attachment":[{"href":"https:\/\/revistaepocadigital.com.ar\/index.php?rest_route=%2Fwp%2Fv2%2Fmedia&parent=8006"}],"wp:term":[{"taxonomy":"category","embeddable":true,"href":"https:\/\/revistaepocadigital.com.ar\/index.php?rest_route=%2Fwp%2Fv2%2Fcategories&post=8006"},{"taxonomy":"post_tag","embeddable":true,"href":"https:\/\/revistaepocadigital.com.ar\/index.php?rest_route=%2Fwp%2Fv2%2Ftags&post=8006"}],"curies":[{"name":"wp","href":"https:\/\/api.w.org\/{rel}","templated":true}]}}