{"id":8026,"date":"2020-12-04T00:38:10","date_gmt":"2020-12-04T03:38:10","guid":{"rendered":"https:\/\/revistaepocadigital.com.ar\/?p=8026"},"modified":"2020-12-04T00:38:39","modified_gmt":"2020-12-04T03:38:39","slug":"dia-internacional-de-las-personas-con-discapacidad-ford-promueve-mas-espacios-de-inclusion-y-bienestar","status":"publish","type":"post","link":"https:\/\/revistaepocadigital.com.ar\/?p=8026","title":{"rendered":"D\u00cdA INTERNACIONAL DE LAS PERSONAS CON DISCAPACIDAD: FORD PROMUEVE M\u00c1S ESPACIOS DE INCLUSI\u00d3N Y BIENESTAR"},"content":{"rendered":"<div class=\"wrapper\">\n<div class=\"main-content clearfix\">\n<div class=\"page-container details-page\">\n<div class=\"col-md-9 content-area left\" role=\"main\">\n<div class=\"\">\n<div class=\"col-md-12\">\n<div class=\"title-section\">\n<div class=\"share-box with-date\">\n<div class=\"action-panel\">\n<p><strong>LAS DISCAPACIDADES NOS DEBEN ENSE\u00d1AR A DIARIO.\u00a0 <!--more--><\/strong><\/p>\n<\/div>\n<\/div>\n<\/div>\n<div id=\"heroimageoverlay\" class=\"content\">\n<div class=\"text-img-widget\">\n<figure class=\"img-full img-right caption-width\">\n<div class=\"wrapper-responsive\"><\/div>\n<div class=\"vehicle-emission\" data-emission-details=\"\" data-view=\"list-label-view\"><\/div>\n<\/figure>\n<\/div>\n<div class=\"press-release text-container\">\n<div class=\"par parsys\">\n<div class=\"fordMediaText parbase section\">\n<div id=\"CQrte123\">\n<ul>\n<li>En el D\u00eda Internacional de las Personas con Discapacidad que se conmemor\u00f3 (3\/12), la empresa automotriz Ford promovi\u00f3 sus derechos y su bienestar en todos los \u00e1mbitos de la sociedad.<\/li>\n<li>Dentro de la compa\u00f1\u00eda se desarrollan distintos espacios para promover el bienestar y la inclusi\u00f3n de las personas con discapacidad, como el grupo de afinidad FEDA (<i>Ford Empowering Diverse Abilities<\/i>).<\/li>\n<li>Ford Argentina participa activamente en acciones concretas, por ejemplo, junto a\u00a0<i>Ford<\/i>\u00a0<i>Fund<\/i>\u00a0acompa\u00f1a desde 2018 a Gino Tubaro en sus viajes alrededor del pa\u00eds entregando pr\u00f3tesis 3D a personas con falta de manos y\/o brazos.<\/li>\n<\/ul>\n<p>Ford celebra el D\u00eda Internacional de las Personas con Discapacidad que se conmemor\u00f3 el 3 de diciembre, y que busca promover sus derechos y su bienestar en todos los \u00e1mbitos de la sociedad.<\/p>\n<p>Como elementos fundamentales de la cultura de la empresa, Ford promueve la diversidad y la inclusi\u00f3n junto con el respeto a todas las personas, comunidades y los grupos sociales.<\/p>\n<p>Para generar espacios de debate e informaci\u00f3n, se han desarrollado los grupos de afinidad como FEDA (desarrollo, inclusi\u00f3n y empoderamiento de personas con discapacidades), formado por empleados de la compa\u00f1\u00eda, aliados y aliadas, que buscan generar m\u00e1s y mejores formas de brindar acceso a personas con discapacidad.<\/p>\n<p>Gracias al trabajo de n\u00fameros grupos de empleados se desarrollan distintas acciones e iniciativas para promover el bienestar y la inclusi\u00f3n de las personas con discapacidad como la Feria Inclusiva: un espacio que re\u00fane organizaciones y emprendedores vinculados por\u00a0<a href=\"https:\/\/proactivaac.org\/\"><b>Proactiva<\/b><\/a>, la Asociaci\u00f3n Civil impulsora de proyectos por la inclusi\u00f3n a trav\u00e9s de la inserci\u00f3n laboral de j\u00f3venes y adultos con discapacidad. A trav\u00e9s de su programa Feriactivos, focalizado en desarrollar el entusiasmo por emprender y promover de esta manera la inserci\u00f3n a la econom\u00eda social de personas con d\u00e9ficit intelectual y psicosocial, Proactiva reuni\u00f3 en esta edici\u00f3n a 20 instituciones emprendedoras que ofrecieron todo tipo de productos a m\u00e1s de 150 colaboradores de Ford Argentina.<\/p>\n<p>Este a\u00f1o, a partir de una iniciativa de distintas \u00e1reas de Ford Argentina, tambi\u00e9n se promovi\u00f3 el apoyo a iniciativas sociales y emprendimientos inclusivos como\u00a0<a href=\"https:\/\/www.instagram.com\/lasgolosaspasteleria\/?hl=es-la\"><b>Las Golosas<\/b><\/a>, un proyecto gastron\u00f3mico inclusivo ubicado en Buenos Aires integrado por personas con discapacidad que realiza caterings para eventos; desayunos y meriendas personalizados; y productos de pasteler\u00eda. As\u00ed los colaboradores de Ford pudieron probar sus productos y al mismo tiempo, conocer m\u00e1s acerca de este emprendimiento de las personas que lo llevan adelante.<\/p>\n<p><b>Llevar bienestar a todo el pa\u00eds<\/b><\/p>\n<p>Ford Argentina se uni\u00f3 en 2018 con Gino Tubaro, joven inventor argentino y creador de Atomic Lab, para acompa\u00f1arlo en sus viajes alrededor del pa\u00eds entregando pr\u00f3tesis 3D a personas con discapacidad. Las pr\u00f3tesis se imprimen en formato 3D y permiten reemplazar movimientos de manos y dedos.<\/p>\n<p>De aquella uni\u00f3n y del apoyo de Ford Fund, la organizaci\u00f3n filantr\u00f3pica de Ford, surgi\u00f3 el Argentinat\u00f3n, un proyecto que logr\u00f3 llevar m\u00e1s de 1000 pr\u00f3tesis a distintas personas de Argentina. Para el viaje se utiliz\u00f3 una Ranger adaptada con una impresora 3D que produc\u00eda las pr\u00f3tesis entre viaje y viaje. Colaboradores de Ford en Planta Pacheco tambi\u00e9n se unieron a la causa e imprimieron pr\u00f3tesis para donar de forma gratuita.<\/p>\n<p>Luego de este \u00e9xito por el pa\u00eds, Gino fue nombrado Embajador de Ford Fund y recibi\u00f3 un premio in\u00e9dito hasta el momento, el\u00a0<i>Ford Fund Entrepreneurship Ambassador Award<\/i>, en reconocimiento por su labor y hasta la invitaci\u00f3n para participar como uno de los oradores principales en una charla en Detroit, Estados Unidos.<\/p>\n<p>Meses atr\u00e1s, la historia de Gino y su laboratorio 3D ambulante lleg\u00f3 a la pantalla a trav\u00e9s del\u00a0<i>docu-reality<\/i>\u00a0<a href=\"https:\/\/www.youtube.com\/watch?v=vbOkP2Qvbns\"><i>Mil Manos por Argentina<\/i><\/a><i>,<\/i>\u00a0producido por\u00a0<i>StoryLab<\/i>\u00a0y disponible en la plataforma de contenidos\u00a0<i>on demand<\/i>\u00a0<i>Flow<\/i>, que muestra al inventor recorriendo el pa\u00eds a bordo de una Ranger y entregando pr\u00f3tesis a distintas personas. Por su ingenio, relato y por la emotividad de la acci\u00f3n de Gino, en 2020 el documental fue nominado a los premios internacionales\u00a0<i>Emmy Awards<\/i>\u00a0\u00ae en la categor\u00eda\u00a0<i>Short-Form Series<\/i>.<\/p>\n<p>Con iniciativas que buscan mejorar la vida de las personas, Ford refuerza su compromiso con las comunidades y con la promoci\u00f3n de sociedades m\u00e1s diversas e inclusivas para lograr, as\u00ed, el progreso humano.<\/p>\n<p>Para conocer m\u00e1s acerca de la acci\u00f3n de Ford en torno a la diversidad y la inclusi\u00f3n, visitar\u00a0<a href=\"https:\/\/corporate.ford.com\/microsites\/sustainability-report-2018-19\/index.html\"><b>sustainability.ford.com<\/b><\/a>\u00a0y<b>\u00a0https:\/\/www.ford.com.ar\/recursos-humanos\/nuestra-cultura\/<\/b><\/p>\n<\/div>\n<\/div>\n<\/div>\n<\/div>\n<\/div>\n<\/div>\n<div class=\"parsys boilerParsys\">\n<div class=\"boilerParsys parsys\">\n<div class=\"boilerPlate section\">\n<section class=\"about-boilerplate\">\n<div class=\"center\">\n<div class=\"boilerPlate section\">\n<div class=\"about-boilerplate-content\">\n<h3><\/h3>\n<\/div>\n<\/div>\n<\/div>\n<\/section>\n<\/div>\n<\/div>\n<\/div>\n<\/div>\n<\/div>\n<\/div>\n<\/div>\n<\/div>\n<p><!--more--><\/p>\n","protected":false},"excerpt":{"rendered":"<p>LAS DISCAPACIDADES NOS DEBEN ENSE\u00d1AR A DIARIO.\u00a0<\/p>\n","protected":false},"author":4,"featured_media":8029,"comment_status":"open","ping_status":"open","sticky":false,"template":"","format":"standard","meta":{"footnotes":"","jetpack_publicize_message":"","jetpack_publicize_feature_enabled":true,"jetpack_social_post_already_shared":false,"jetpack_social_options":{"image_generator_settings":{"template":"highway","default_image_id":0,"font":"","enabled":false},"version":2}},"categories":[1081],"tags":[1105,1104],"class_list":["post-8026","post","type-post","status-publish","format-standard","has-post-thumbnail","hentry","category-autos-en-epoca","tag-discapacidades","tag-ford"],"jetpack_publicize_connections":[],"jetpack_featured_media_url":"https:\/\/revistaepocadigital.com.ar\/wp-content\/uploads\/2020\/12\/1607029005318.jpg","jetpack_likes_enabled":true,"_links":{"self":[{"href":"https:\/\/revistaepocadigital.com.ar\/index.php?rest_route=\/wp\/v2\/posts\/8026","targetHints":{"allow":["GET"]}}],"collection":[{"href":"https:\/\/revistaepocadigital.com.ar\/index.php?rest_route=\/wp\/v2\/posts"}],"about":[{"href":"https:\/\/revistaepocadigital.com.ar\/index.php?rest_route=\/wp\/v2\/types\/post"}],"author":[{"embeddable":true,"href":"https:\/\/revistaepocadigital.com.ar\/index.php?rest_route=\/wp\/v2\/users\/4"}],"replies":[{"embeddable":true,"href":"https:\/\/revistaepocadigital.com.ar\/index.php?rest_route=%2Fwp%2Fv2%2Fcomments&post=8026"}],"version-history":[{"count":0,"href":"https:\/\/revistaepocadigital.com.ar\/index.php?rest_route=\/wp\/v2\/posts\/8026\/revisions"}],"wp:featuredmedia":[{"embeddable":true,"href":"https:\/\/revistaepocadigital.com.ar\/index.php?rest_route=\/wp\/v2\/media\/8029"}],"wp:attachment":[{"href":"https:\/\/revistaepocadigital.com.ar\/index.php?rest_route=%2Fwp%2Fv2%2Fmedia&parent=8026"}],"wp:term":[{"taxonomy":"category","embeddable":true,"href":"https:\/\/revistaepocadigital.com.ar\/index.php?rest_route=%2Fwp%2Fv2%2Fcategories&post=8026"},{"taxonomy":"post_tag","embeddable":true,"href":"https:\/\/revistaepocadigital.com.ar\/index.php?rest_route=%2Fwp%2Fv2%2Ftags&post=8026"}],"curies":[{"name":"wp","href":"https:\/\/api.w.org\/{rel}","templated":true}]}}