{"id":8032,"date":"2020-12-05T10:17:23","date_gmt":"2020-12-05T13:17:23","guid":{"rendered":"https:\/\/revistaepocadigital.com.ar\/?p=8032"},"modified":"2020-12-05T10:17:23","modified_gmt":"2020-12-05T13:17:23","slug":"la-peatonal-de-las-artes-para-distenderse-un-poco","status":"publish","type":"post","link":"https:\/\/revistaepocadigital.com.ar\/?p=8032","title":{"rendered":"LA PEATONAL DE LAS ARTES, PARA DISTENDERSE UN POCO"},"content":{"rendered":"<p><strong>S\u00c1BADO Y LUNES. EN CARDALES Y CAPILLA.<\/strong><!--more--><\/p>\n<p>Organizado por la direcci\u00f3n de Cultura, este fin de semana tiene lugar la denominada \u201cPeatonal de las Artes\u201d, evento que se lleva a cabo tanto en Capilla del Se\u00f1or como en Los Cardales. La primera jornada el s\u00e1bado 5 de diciembre desde las 18 horas en Los Cardales, sobre la calle Rivadavia, entre San Mart\u00edn y Buenos Aires. Artesanos, m\u00fasicos, gastron\u00f3micos y artistas pl\u00e1sticos se unen para una propuesta diferente.<\/p>\n<p>La segunda parada en Capilla del Se\u00f1or, el lunes desde las 18. En este caso situado sobre la esquina de Urcelay y Mitre, la Peatonal de las Artes tambi\u00e9n muestra una oferta cultural similar a la de Los Cardales. La actividad, de entrada libre y gratuita, requiere el compromiso de todos en el cumplimiento de las normas de distanciamiento social que impone el DISPO, y los cuidados sanitarios de esta pandemia.<br \/>\n\u00b7<\/p>\n","protected":false},"excerpt":{"rendered":"<p>S\u00c1BADO Y LUNES. EN CARDALES Y CAPILLA.<\/p>\n","protected":false},"author":3,"featured_media":8035,"comment_status":"open","ping_status":"open","sticky":false,"template":"","format":"standard","meta":{"footnotes":"","jetpack_publicize_message":"","jetpack_publicize_feature_enabled":true,"jetpack_social_post_already_shared":false,"jetpack_social_options":{"image_generator_settings":{"template":"highway","default_image_id":0,"font":"","enabled":false},"version":2}},"categories":[13],"tags":[],"class_list":["post-8032","post","type-post","status-publish","format-standard","has-post-thumbnail","hentry","category-interes-general"],"jetpack_publicize_connections":[],"jetpack_featured_media_url":"https:\/\/revistaepocadigital.com.ar\/wp-content\/uploads\/2020\/12\/126605084_2941889086034885_5638050179051508304_n.jpg","jetpack_likes_enabled":true,"_links":{"self":[{"href":"https:\/\/revistaepocadigital.com.ar\/index.php?rest_route=\/wp\/v2\/posts\/8032","targetHints":{"allow":["GET"]}}],"collection":[{"href":"https:\/\/revistaepocadigital.com.ar\/index.php?rest_route=\/wp\/v2\/posts"}],"about":[{"href":"https:\/\/revistaepocadigital.com.ar\/index.php?rest_route=\/wp\/v2\/types\/post"}],"author":[{"embeddable":true,"href":"https:\/\/revistaepocadigital.com.ar\/index.php?rest_route=\/wp\/v2\/users\/3"}],"replies":[{"embeddable":true,"href":"https:\/\/revistaepocadigital.com.ar\/index.php?rest_route=%2Fwp%2Fv2%2Fcomments&post=8032"}],"version-history":[{"count":0,"href":"https:\/\/revistaepocadigital.com.ar\/index.php?rest_route=\/wp\/v2\/posts\/8032\/revisions"}],"wp:featuredmedia":[{"embeddable":true,"href":"https:\/\/revistaepocadigital.com.ar\/index.php?rest_route=\/wp\/v2\/media\/8035"}],"wp:attachment":[{"href":"https:\/\/revistaepocadigital.com.ar\/index.php?rest_route=%2Fwp%2Fv2%2Fmedia&parent=8032"}],"wp:term":[{"taxonomy":"category","embeddable":true,"href":"https:\/\/revistaepocadigital.com.ar\/index.php?rest_route=%2Fwp%2Fv2%2Fcategories&post=8032"},{"taxonomy":"post_tag","embeddable":true,"href":"https:\/\/revistaepocadigital.com.ar\/index.php?rest_route=%2Fwp%2Fv2%2Ftags&post=8032"}],"curies":[{"name":"wp","href":"https:\/\/api.w.org\/{rel}","templated":true}]}}