{"id":8041,"date":"2020-12-06T10:52:24","date_gmt":"2020-12-06T13:52:24","guid":{"rendered":"https:\/\/revistaepocadigital.com.ar\/?p=8041"},"modified":"2020-12-10T18:30:35","modified_gmt":"2020-12-10T21:30:35","slug":"empleados-de-comercio-se-viene-el-sorteo-de-navidad","status":"publish","type":"post","link":"https:\/\/revistaepocadigital.com.ar\/?p=8041","title":{"rendered":"Empleados y Jubilados de Comercio, se viene el sorteo de Navidad"},"content":{"rendered":"<p><strong>A PREPARARSE!<\/strong><!--more--><\/p>\n<p>Afiliados activos y jubilados. Para el sorteo navide\u00f1o del Sindicato de Empleados de Comercio Z\u00e1rate y a participar!<\/p>\n<div style=\"width: 480px;\" class=\"wp-video\"><video class=\"wp-video-shortcode\" id=\"video-8041-1\" width=\"480\" height=\"672\" preload=\"metadata\" controls=\"controls\"><source type=\"video\/mp4\" src=\"https:\/\/revistaepocadigital.com.ar\/wp-content\/uploads\/2020\/12\/VIDEO-2020-12-04-17-05-54-1.mp4?_=1\" \/><a href=\"https:\/\/revistaepocadigital.com.ar\/wp-content\/uploads\/2020\/12\/VIDEO-2020-12-04-17-05-54-1.mp4\">https:\/\/revistaepocadigital.com.ar\/wp-content\/uploads\/2020\/12\/VIDEO-2020-12-04-17-05-54-1.mp4<\/a><\/video><\/div>\n<p>&nbsp;<\/p>\n<p>&nbsp;<\/p>\n<p>&nbsp;<\/p>\n<p>Informaci\u00f3n \u00fatil: Durante noviembre como te informamos, todos los jueves se realizaron sorteos. Los mismos se han prolongado los d\u00edas 3 y 10 de diciembre.<\/p>\n<p>Como resultado de los dos \u00faltimos sorteos de los d\u00edas jueves ya efectuados, las ganadoras fueron dos afiliadas de Capilla del Se\u00f1or: Liliana Uribe y Paula Llanos. Felicitaciones!<\/p>\n","protected":false},"excerpt":{"rendered":"<p>A PREPARARSE!<\/p>\n","protected":false},"author":3,"featured_media":8053,"comment_status":"open","ping_status":"open","sticky":false,"template":"","format":"standard","meta":{"footnotes":"","jetpack_publicize_message":"","jetpack_publicize_feature_enabled":true,"jetpack_social_post_already_shared":false,"jetpack_social_options":{"image_generator_settings":{"template":"highway","default_image_id":0,"font":"","enabled":false},"version":2}},"categories":[151],"tags":[37,152,1019],"class_list":["post-8041","post","type-post","status-publish","format-standard","has-post-thumbnail","hentry","category-empleados-de-comercio","tag-destacada","tag-sindicato-empleados-de-comercio-zarate","tag-sorteos"],"jetpack_publicize_connections":[],"jetpack_featured_media_url":"https:\/\/revistaepocadigital.com.ar\/wp-content\/uploads\/2020\/12\/sindk-3.jpg","jetpack_likes_enabled":true,"_links":{"self":[{"href":"https:\/\/revistaepocadigital.com.ar\/index.php?rest_route=\/wp\/v2\/posts\/8041","targetHints":{"allow":["GET"]}}],"collection":[{"href":"https:\/\/revistaepocadigital.com.ar\/index.php?rest_route=\/wp\/v2\/posts"}],"about":[{"href":"https:\/\/revistaepocadigital.com.ar\/index.php?rest_route=\/wp\/v2\/types\/post"}],"author":[{"embeddable":true,"href":"https:\/\/revistaepocadigital.com.ar\/index.php?rest_route=\/wp\/v2\/users\/3"}],"replies":[{"embeddable":true,"href":"https:\/\/revistaepocadigital.com.ar\/index.php?rest_route=%2Fwp%2Fv2%2Fcomments&post=8041"}],"version-history":[{"count":0,"href":"https:\/\/revistaepocadigital.com.ar\/index.php?rest_route=\/wp\/v2\/posts\/8041\/revisions"}],"wp:featuredmedia":[{"embeddable":true,"href":"https:\/\/revistaepocadigital.com.ar\/index.php?rest_route=\/wp\/v2\/media\/8053"}],"wp:attachment":[{"href":"https:\/\/revistaepocadigital.com.ar\/index.php?rest_route=%2Fwp%2Fv2%2Fmedia&parent=8041"}],"wp:term":[{"taxonomy":"category","embeddable":true,"href":"https:\/\/revistaepocadigital.com.ar\/index.php?rest_route=%2Fwp%2Fv2%2Fcategories&post=8041"},{"taxonomy":"post_tag","embeddable":true,"href":"https:\/\/revistaepocadigital.com.ar\/index.php?rest_route=%2Fwp%2Fv2%2Ftags&post=8041"}],"curies":[{"name":"wp","href":"https:\/\/api.w.org\/{rel}","templated":true}]}}