{"id":8063,"date":"2020-12-07T01:47:41","date_gmt":"2020-12-07T04:47:41","guid":{"rendered":"https:\/\/revistaepocadigital.com.ar\/?p=8063"},"modified":"2020-12-07T01:49:57","modified_gmt":"2020-12-07T04:49:57","slug":"con-un-mural-y-los-tigres-discapacidad-cerro-su-semana","status":"publish","type":"post","link":"https:\/\/revistaepocadigital.com.ar\/?p=8063","title":{"rendered":"CON UN MURAL Y \u201cLOS TIGRES\u201d, DISCAPACIDAD CERR\u00d3 SU SEMANA"},"content":{"rendered":"<div class=\"kvgmc6g5 cxmmr5t8 oygrvhab hcukyx3x c1et5uql ii04i59q\">\n<div dir=\"auto\"><strong>FUE UN TRABAJO EN CONJUNTO.<\/strong><\/div>\n<\/div>\n<p><!--more--><\/p>\n<div class=\"o9v6fnle cxmmr5t8 oygrvhab hcukyx3x c1et5uql ii04i59q\">\n<div dir=\"auto\">Entre las direcciones de Discapacidad, Juventud y Deportes del municipio, el s\u00e1bado (5-12) hubo una actividad por el D\u00eda Internacional de las Personas con Discapacidad.<\/div>\n<div dir=\"auto\"><\/div>\n<div dir=\"auto\">Junto a Alejandra Viacaba y con el apoyo de esas \u00e1reas, se procedi\u00f3 a pintar un mural con lenguaje de se\u00f1as, en la plaza de \u201cEl Bajo\u201d, en Capilla del Se\u00f1or. Adem\u00e1s, se concret\u00f3 un entrenamiento del equipo de b\u00e1squet inclusivo<strong> Los Tigres.<\/strong><\/div>\n<\/div>\n<div dir=\"auto\"><img loading=\"lazy\" decoding=\"async\" class=\"aligncenter size-full wp-image-8065\" src=\"https:\/\/revistaepocadigital.com.ar\/wp-content\/uploads\/2020\/12\/discapa.jpg\" alt=\"\" width=\"1080\" height=\"720\" srcset=\"https:\/\/revistaepocadigital.com.ar\/wp-content\/uploads\/2020\/12\/discapa.jpg 1080w, https:\/\/revistaepocadigital.com.ar\/wp-content\/uploads\/2020\/12\/discapa-300x200.jpg 300w, https:\/\/revistaepocadigital.com.ar\/wp-content\/uploads\/2020\/12\/discapa-768x512.jpg 768w, https:\/\/revistaepocadigital.com.ar\/wp-content\/uploads\/2020\/12\/discapa-696x464.jpg 696w, https:\/\/revistaepocadigital.com.ar\/wp-content\/uploads\/2020\/12\/discapa-1068x712.jpg 1068w, https:\/\/revistaepocadigital.com.ar\/wp-content\/uploads\/2020\/12\/discapa-630x420.jpg 630w\" sizes=\"auto, (max-width: 1080px) 100vw, 1080px\" \/><\/div>\n<div class=\"o9v6fnle cxmmr5t8 oygrvhab hcukyx3x c1et5uql ii04i59q\">\n<div dir=\"auto\"><em>Vamos &#8220;Los Tigres&#8221;!<\/em><\/div>\n<div dir=\"auto\"><\/div>\n<\/div>\n<div class=\"o9v6fnle cxmmr5t8 oygrvhab hcukyx3x c1et5uql ii04i59q\">\n<div dir=\"auto\">Estuvieron el intendente Diego Nanni junto a la secretaria de gobierno Mar\u00eda Luz Bozzani, fue en momentos en que se procedi\u00f3 a plantar una decoraci\u00f3n floral, como homenaje a la fecha, donaci\u00f3n de \u201cMundo Plantas\u201d.<\/div>\n<div dir=\"auto\"><\/div>\n<\/div>\n<div class=\"o9v6fnle cxmmr5t8 oygrvhab hcukyx3x c1et5uql ii04i59q\">\n<div dir=\"auto\">\u201cSeguimos trabajando para generar m\u00e1s inclusi\u00f3n, que garantice los derechos de las personas con discapacidad\u201d, dijo el intendente.<\/div>\n<\/div>\n","protected":false},"excerpt":{"rendered":"<p>FUE UN TRABAJO EN CONJUNTO.<\/p>\n","protected":false},"author":3,"featured_media":8064,"comment_status":"open","ping_status":"open","sticky":false,"template":"","format":"standard","meta":{"footnotes":"","jetpack_publicize_message":"","jetpack_publicize_feature_enabled":true,"jetpack_social_post_already_shared":false,"jetpack_social_options":{"image_generator_settings":{"template":"highway","default_image_id":0,"font":"","enabled":false},"version":2}},"categories":[17],"tags":[],"class_list":["post-8063","post","type-post","status-publish","format-standard","has-post-thumbnail","hentry","category-politica"],"jetpack_publicize_connections":[],"jetpack_featured_media_url":"https:\/\/revistaepocadigital.com.ar\/wp-content\/uploads\/2020\/12\/disca.jpg","jetpack_likes_enabled":true,"_links":{"self":[{"href":"https:\/\/revistaepocadigital.com.ar\/index.php?rest_route=\/wp\/v2\/posts\/8063","targetHints":{"allow":["GET"]}}],"collection":[{"href":"https:\/\/revistaepocadigital.com.ar\/index.php?rest_route=\/wp\/v2\/posts"}],"about":[{"href":"https:\/\/revistaepocadigital.com.ar\/index.php?rest_route=\/wp\/v2\/types\/post"}],"author":[{"embeddable":true,"href":"https:\/\/revistaepocadigital.com.ar\/index.php?rest_route=\/wp\/v2\/users\/3"}],"replies":[{"embeddable":true,"href":"https:\/\/revistaepocadigital.com.ar\/index.php?rest_route=%2Fwp%2Fv2%2Fcomments&post=8063"}],"version-history":[{"count":0,"href":"https:\/\/revistaepocadigital.com.ar\/index.php?rest_route=\/wp\/v2\/posts\/8063\/revisions"}],"wp:featuredmedia":[{"embeddable":true,"href":"https:\/\/revistaepocadigital.com.ar\/index.php?rest_route=\/wp\/v2\/media\/8064"}],"wp:attachment":[{"href":"https:\/\/revistaepocadigital.com.ar\/index.php?rest_route=%2Fwp%2Fv2%2Fmedia&parent=8063"}],"wp:term":[{"taxonomy":"category","embeddable":true,"href":"https:\/\/revistaepocadigital.com.ar\/index.php?rest_route=%2Fwp%2Fv2%2Fcategories&post=8063"},{"taxonomy":"post_tag","embeddable":true,"href":"https:\/\/revistaepocadigital.com.ar\/index.php?rest_route=%2Fwp%2Fv2%2Ftags&post=8063"}],"curies":[{"name":"wp","href":"https:\/\/api.w.org\/{rel}","templated":true}]}}