{"id":8070,"date":"2020-12-07T01:48:52","date_gmt":"2020-12-07T04:48:52","guid":{"rendered":"https:\/\/revistaepocadigital.com.ar\/?p=8070"},"modified":"2020-12-07T01:48:52","modified_gmt":"2020-12-07T04:48:52","slug":"como-sera-la-vacunacion-contra-el-covid-en-exaltacion-de-la-cruz","status":"publish","type":"post","link":"https:\/\/revistaepocadigital.com.ar\/?p=8070","title":{"rendered":"Como ser\u00e1 la vacunaci\u00f3n contra el Covid en Exaltaci\u00f3n de la Cruz"},"content":{"rendered":"<div class=\"kvgmc6g5 cxmmr5t8 oygrvhab hcukyx3x c1et5uql ii04i59q\">\n<div dir=\"auto\"><strong>ZOOM DE NANNI CON AUTORIDADES PROVINCIALES.<\/strong><\/div>\n<div dir=\"auto\"><\/div>\n<\/div>\n<p><!--more--><\/p>\n<div class=\"o9v6fnle cxmmr5t8 oygrvhab hcukyx3x c1et5uql ii04i59q\">\n<div dir=\"auto\">El intendente Diego Nanni mantuvo una reuni\u00f3n virtual con autoridades provinciales de Salud, para la inminente campa\u00f1a de vacunaci\u00f3n contra el Covid, que podr\u00eda comenzar en las pr\u00f3ximas semanas, una vez que se hayan establecido los alcances nacionales de esta acci\u00f3n.<\/div>\n<div dir=\"auto\"><\/div>\n<\/div>\n<div class=\"o9v6fnle cxmmr5t8 oygrvhab hcukyx3x c1et5uql ii04i59q\">\n<div dir=\"auto\">Del encuentro surgieron datos relevantes: La inmunizaci\u00f3n se logra luego de dos dosis, que se aplican con 20 d\u00edas de diferencia. As\u00ed, la campa\u00f1a debe realizarse en dos tramos.<\/div>\n<div dir=\"auto\"><\/div>\n<div dir=\"auto\">Por otra parte, la log\u00edstica de las vacunas no es un dato menor. Se mantienen congeladas en frascos de cuatro dosis por unidad y hay s\u00f3lo 30 minutos para su utilizaci\u00f3n.<\/div>\n<div dir=\"auto\"><\/div>\n<\/div>\n<div class=\"o9v6fnle cxmmr5t8 oygrvhab hcukyx3x c1et5uql ii04i59q\">\n<div dir=\"auto\">La campa\u00f1a espera fecha de comienzo. En el gobierno nacional aguardan contar en breve con las primeras vacunas. Sin embargo, ya se trabaja en el protocolo de procedimiento, que regir\u00e1 en <strong>los 313 puestos que montar\u00e1 la Provincia de Buenos Aires, incluyendo Exaltaci\u00f3n de la Cruz.<\/strong><\/div>\n<div dir=\"auto\"><\/div>\n<div dir=\"auto\">Mientras tanto, y a\u00fan de confirmarse el inicio de dicha campa\u00f1a, es necesario el apoyo de la comunidad no s\u00f3lo para la vacunaci\u00f3n, sino para seguir manteniendo las medidas de distanciamiento y de higiene personal, que son las acciones preventivas m\u00e1s eficaces.<\/div>\n<\/div>\n","protected":false},"excerpt":{"rendered":"<p>ZOOM DE NANNI CON AUTORIDADES PROVINCIALES.<\/p>\n","protected":false},"author":3,"featured_media":8071,"comment_status":"open","ping_status":"open","sticky":false,"template":"","format":"standard","meta":{"footnotes":"","jetpack_publicize_message":"","jetpack_publicize_feature_enabled":true,"jetpack_social_post_already_shared":false,"jetpack_social_options":{"image_generator_settings":{"template":"highway","default_image_id":0,"font":"","enabled":false},"version":2}},"categories":[13],"tags":[752,976],"class_list":["post-8070","post","type-post","status-publish","format-standard","has-post-thumbnail","hentry","category-interes-general","tag-covid","tag-vacuna"],"jetpack_publicize_connections":[],"jetpack_featured_media_url":"https:\/\/revistaepocadigital.com.ar\/wp-content\/uploads\/2020\/12\/nanni-vacuna20.jpg","jetpack_likes_enabled":true,"_links":{"self":[{"href":"https:\/\/revistaepocadigital.com.ar\/index.php?rest_route=\/wp\/v2\/posts\/8070","targetHints":{"allow":["GET"]}}],"collection":[{"href":"https:\/\/revistaepocadigital.com.ar\/index.php?rest_route=\/wp\/v2\/posts"}],"about":[{"href":"https:\/\/revistaepocadigital.com.ar\/index.php?rest_route=\/wp\/v2\/types\/post"}],"author":[{"embeddable":true,"href":"https:\/\/revistaepocadigital.com.ar\/index.php?rest_route=\/wp\/v2\/users\/3"}],"replies":[{"embeddable":true,"href":"https:\/\/revistaepocadigital.com.ar\/index.php?rest_route=%2Fwp%2Fv2%2Fcomments&post=8070"}],"version-history":[{"count":0,"href":"https:\/\/revistaepocadigital.com.ar\/index.php?rest_route=\/wp\/v2\/posts\/8070\/revisions"}],"wp:featuredmedia":[{"embeddable":true,"href":"https:\/\/revistaepocadigital.com.ar\/index.php?rest_route=\/wp\/v2\/media\/8071"}],"wp:attachment":[{"href":"https:\/\/revistaepocadigital.com.ar\/index.php?rest_route=%2Fwp%2Fv2%2Fmedia&parent=8070"}],"wp:term":[{"taxonomy":"category","embeddable":true,"href":"https:\/\/revistaepocadigital.com.ar\/index.php?rest_route=%2Fwp%2Fv2%2Fcategories&post=8070"},{"taxonomy":"post_tag","embeddable":true,"href":"https:\/\/revistaepocadigital.com.ar\/index.php?rest_route=%2Fwp%2Fv2%2Ftags&post=8070"}],"curies":[{"name":"wp","href":"https:\/\/api.w.org\/{rel}","templated":true}]}}