{"id":8075,"date":"2020-12-08T00:21:03","date_gmt":"2020-12-08T03:21:03","guid":{"rendered":"https:\/\/revistaepocadigital.com.ar\/?p=8075"},"modified":"2020-12-08T00:21:03","modified_gmt":"2020-12-08T03:21:03","slug":"nanni-peregrino-a-lujan","status":"publish","type":"post","link":"https:\/\/revistaepocadigital.com.ar\/?p=8075","title":{"rendered":"Nanni peregrin\u00f3 a Luj\u00e1n"},"content":{"rendered":"<p><strong>DESDE SU CUENTA EN INSTAGRAM.<\/strong><!--more--><\/p>\n<p>Utilizada con cada vez mayor asiduidad, y en algunos casos para comunicar acerca de temas de importancia para Exaltaci\u00f3n de la Cruz, el intendente Diego Nanni difundi\u00f3 (7\/12) que junto a amigos, tom\u00f3 parte de la tradicional peregrinaci\u00f3n a la Bas\u00edlica de Luj\u00e1n, en el\u00a0 D\u00eda de la Virgen.<\/p>\n<p>Fijate.<\/p>\n<p>&nbsp;<\/p>\n<p><img loading=\"lazy\" decoding=\"async\" class=\"aligncenter size-full wp-image-8077\" src=\"https:\/\/revistaepocadigital.com.ar\/wp-content\/uploads\/2020\/12\/indice.jpg\" alt=\"\" width=\"924\" height=\"450\" srcset=\"https:\/\/revistaepocadigital.com.ar\/wp-content\/uploads\/2020\/12\/indice.jpg 924w, https:\/\/revistaepocadigital.com.ar\/wp-content\/uploads\/2020\/12\/indice-300x146.jpg 300w, https:\/\/revistaepocadigital.com.ar\/wp-content\/uploads\/2020\/12\/indice-768x374.jpg 768w, https:\/\/revistaepocadigital.com.ar\/wp-content\/uploads\/2020\/12\/indice-533x261.jpg 533w, https:\/\/revistaepocadigital.com.ar\/wp-content\/uploads\/2020\/12\/indice-696x339.jpg 696w, https:\/\/revistaepocadigital.com.ar\/wp-content\/uploads\/2020\/12\/indice-862x420.jpg 862w\" sizes=\"auto, (max-width: 924px) 100vw, 924px\" \/><\/p>\n","protected":false},"excerpt":{"rendered":"<p>DESDE SU CUENTA EN INSTAGRAM.<\/p>\n","protected":false},"author":4,"featured_media":8076,"comment_status":"open","ping_status":"open","sticky":false,"template":"","format":"standard","meta":{"footnotes":"","jetpack_publicize_message":"","jetpack_publicize_feature_enabled":true,"jetpack_social_post_already_shared":false,"jetpack_social_options":{"image_generator_settings":{"template":"highway","default_image_id":0,"font":"","enabled":false},"version":2}},"categories":[17],"tags":[66,1106],"class_list":["post-8075","post","type-post","status-publish","format-standard","has-post-thumbnail","hentry","category-politica","tag-nanni","tag-peregrinacion"],"jetpack_publicize_connections":[],"jetpack_featured_media_url":"https:\/\/revistaepocadigital.com.ar\/wp-content\/uploads\/2020\/12\/indice1.jpg","jetpack_likes_enabled":true,"_links":{"self":[{"href":"https:\/\/revistaepocadigital.com.ar\/index.php?rest_route=\/wp\/v2\/posts\/8075","targetHints":{"allow":["GET"]}}],"collection":[{"href":"https:\/\/revistaepocadigital.com.ar\/index.php?rest_route=\/wp\/v2\/posts"}],"about":[{"href":"https:\/\/revistaepocadigital.com.ar\/index.php?rest_route=\/wp\/v2\/types\/post"}],"author":[{"embeddable":true,"href":"https:\/\/revistaepocadigital.com.ar\/index.php?rest_route=\/wp\/v2\/users\/4"}],"replies":[{"embeddable":true,"href":"https:\/\/revistaepocadigital.com.ar\/index.php?rest_route=%2Fwp%2Fv2%2Fcomments&post=8075"}],"version-history":[{"count":0,"href":"https:\/\/revistaepocadigital.com.ar\/index.php?rest_route=\/wp\/v2\/posts\/8075\/revisions"}],"wp:featuredmedia":[{"embeddable":true,"href":"https:\/\/revistaepocadigital.com.ar\/index.php?rest_route=\/wp\/v2\/media\/8076"}],"wp:attachment":[{"href":"https:\/\/revistaepocadigital.com.ar\/index.php?rest_route=%2Fwp%2Fv2%2Fmedia&parent=8075"}],"wp:term":[{"taxonomy":"category","embeddable":true,"href":"https:\/\/revistaepocadigital.com.ar\/index.php?rest_route=%2Fwp%2Fv2%2Fcategories&post=8075"},{"taxonomy":"post_tag","embeddable":true,"href":"https:\/\/revistaepocadigital.com.ar\/index.php?rest_route=%2Fwp%2Fv2%2Ftags&post=8075"}],"curies":[{"name":"wp","href":"https:\/\/api.w.org\/{rel}","templated":true}]}}