{"id":8082,"date":"2020-12-09T22:33:45","date_gmt":"2020-12-10T01:33:45","guid":{"rendered":"https:\/\/revistaepocadigital.com.ar\/?p=8082"},"modified":"2020-12-09T22:34:34","modified_gmt":"2020-12-10T01:34:34","slug":"diez","status":"publish","type":"post","link":"https:\/\/revistaepocadigital.com.ar\/?p=8082","title":{"rendered":"Patricio Diez, titular del Consejo Escolar, en el a\u00f1o m\u00e1s duro"},"content":{"rendered":"<div class=\"ab_C k_w D_F H_7bcz en_0 P_2bJhi p_R m_Z14vXdP I_52qC gl_FM\" role=\"toolbar\" data-test-id=\"message-toolbar\" aria-label=\"Grupo de navegaci\u00f3n del teclado. Usa las flechas para navegar o el tabulador para pasar al siguiente grupo.\"><strong>LA EDUCACI\u00d3N EN LA ARGENTINA, HA SIDO UNA DE LAS \u00c1REAS M\u00c1S GOLPEADAS Y EN FORMA SEVERA POR LA PANDEMIA EN 2020.<\/strong><\/div>\n<p><!--more--><\/p>\n<div role=\"toolbar\" data-test-id=\"message-toolbar\" aria-label=\"Grupo de navegaci\u00f3n del teclado. Usa las flechas para navegar o el tabulador para pasar al siguiente grupo.\">Uno de los actores principales vinculados a la educaci\u00f3n en Exaltaci\u00f3n de la Cruz, ha sido el presidente del Consejo Escolar, el abogado<strong> Patricio Diez<\/strong> dialog\u00f3 con EPOCA.<\/div>\n<div role=\"toolbar\" data-test-id=\"message-toolbar\" aria-label=\"Grupo de navegaci\u00f3n del teclado. Usa las flechas para navegar o el tabulador para pasar al siguiente grupo.\"><\/div>\n<div class=\"X_6MGW\"><strong>-En el marco de la pandemia, como ha sido el manejo econ\u00f3mico del Consejo Escolar, cuenta con fondos propios?, el municipio le asigno algunas partidas.<\/strong><\/div>\n<div><em>-En el marco de la pandemia siempre dispusimos con los fondos compensadores con que ya cont\u00e1bamos, y para destinar a tareas de mantenimiento. CUF son fondos para ciertas cuestiones en escuelas, como limpieza de tanques, fondos del servicio alimentario de los que se fij\u00f3 una partida para la compra de los bolsones, y un fondo especial que recibi\u00f3 el Consejo Escolar con motivo de la pandemia, para compra de productos de limpieza. Es necesario aclarar que lo que maneja el Consejo no son fondos propios, sino que son partidas asignadas desde la Direcci\u00f3n General de Escuelas de la provincias, y cada gasto que se hace hay que acreditarlo con facturas y avales de los directivos. Estas partidas de las que hablo ahora, tienen un fin especifico y de ah\u00ed no nos podemos mover. A su vez, nos asignaron una partida especial para comprar pintura para dos escuelas, de esa forma fueron pintadas por integrantes del Movimiento Evita, merced a un convenio que firmaron representantes de dicho movimiento con el Ministerio de Desarrollo de Naci\u00f3n.<\/em><\/div>\n<div class=\"iz_A I_52qC em_0 Z_0\" role=\"main\" data-test-id=\"message-group-view-scroller\" aria-label=\"Vista de mensajes\">\n<div data-test-id=\"focus-group\" aria-label=\"Grupo de navegaci\u00f3n del teclado. Usa las flechas para navegar o el tabulador para pasar al siguiente grupo.\">\n<div class=\"p_R b_2w4l8N I_52qC em_N X_fq7 N_6LEV ir3_Z1tiXR3 it3_689y j_ZlOSbd message-view\" tabindex=\"40\" data-test-id=\"message-view\" data-test-expanded=\"true\" data-iskeynav=\"true\">\n<div data-test-id=\"message-body-container\">\n<div class=\"I_52qC D_FY W_6D6F\" data-test-id=\"message-view-body\">\n<div class=\"msg-body P_wpofO mq_AS\" data-test-id=\"message-view-body-content\">\n<div class=\"jb_0 X_6MGW N_6Fd5\">\n<div id=\"yiv2171173455\">\n<div dir=\"ltr\">\n<div><em>En cuanto al municipio, recibi\u00f3 fondos para efectuar arreglos en escuelas mediante el programa &#8220;Escuelas a la Obra&#8221;, hicimos un trabajo mancomunado y designamos las escuelas que necesitaban intervenci\u00f3n urgente para el inicio de las clases.<\/em><\/div>\n<div><\/div>\n<div><strong>-En el Concejo Deliberante, suelen ser habitual las posiciones encontradas, incluso enfrentamientos entre el oficialismo y la oposici\u00f3n. En el caso del Consejo Escolar, \u00bfexisten similares desencuentros pol\u00edticos?<\/strong><\/div>\n<div><em>-El Consejo Escolar es muy distinto con respecto al Concejo Deliberante; en primer lugar nosotros somo un ap\u00e9ndice administrativo del Ministerio de Educaci\u00f3n dependiente de la Provincia de Buenos\u00a0 Aires, y de hecho estamos reconocidos por la constituci\u00f3n provincial con una legislaci\u00f3n propia y distinta a la municipal. A su vez no s\u00f3lo somos pol\u00edticos, tambi\u00e9n hacemos trabajo administrativo. Por lo tanto, el Consejo Escolar con la Secretar\u00eda de Asuntos Docentes y Jefatura de Inspecci\u00f3n, son los encargados de la administraci\u00f3n de la educaci\u00f3n en el distrito. Dicho esto, los consejeros hay que remarcar, que son elegidos por el voto popular junto a las listas de concejales. Eso lleva muchas veces a que se crea que hay una similitud, pero las tareas son muy distintas.<\/em><\/div>\n<div><em>\u00a0De seis consejeros que tiene nuestro distrito, cuatro representan a Cambiemos-Juntos por el Cambio y dos al Frente de Todos. La realidad es que si bien existen diferencias pol\u00edticas, cuando hablamos de educaci\u00f3n siempre tratamos de consensuar las decisiones en busca del bien para las escuelas. Por otra parte, todos los que formamos parte de Consejo, somos docentes por lo tanto sabemos que necesita una escuela; la verdad hemos logrado un ambiente bueno de trabajo.<\/em><\/div>\n<\/div>\n<\/div>\n<div>\n<figure id=\"attachment_8136\" aria-describedby=\"caption-attachment-8136\" style=\"width: 720px\" class=\"wp-caption aligncenter\"><img loading=\"lazy\" decoding=\"async\" class=\"size-full wp-image-8136\" src=\"https:\/\/revistaepocadigital.com.ar\/wp-content\/uploads\/2020\/12\/con-esco-alimentos.jpg\" alt=\"\" width=\"720\" height=\"960\" srcset=\"https:\/\/revistaepocadigital.com.ar\/wp-content\/uploads\/2020\/12\/con-esco-alimentos.jpg 720w, https:\/\/revistaepocadigital.com.ar\/wp-content\/uploads\/2020\/12\/con-esco-alimentos-225x300.jpg 225w, https:\/\/revistaepocadigital.com.ar\/wp-content\/uploads\/2020\/12\/con-esco-alimentos-696x928.jpg 696w, https:\/\/revistaepocadigital.com.ar\/wp-content\/uploads\/2020\/12\/con-esco-alimentos-315x420.jpg 315w, https:\/\/revistaepocadigital.com.ar\/wp-content\/uploads\/2020\/12\/con-esco-alimentos-630x840.jpg 630w\" sizes=\"auto, (max-width: 720px) 100vw, 720px\" \/><figcaption id=\"caption-attachment-8136\" class=\"wp-caption-text\">La distribuci\u00f3n de alimentos, uno de los aspectos centrales este a\u00f1o.<\/figcaption><\/figure>\n<\/div>\n<div id=\"yiv2171173455\">\n<div dir=\"ltr\">\n<div><strong>-En cuanto a una cuesti\u00f3n tan sensible como es la provisi\u00f3n de alimentos para alumnos de escuelas del distrito, \u00bfque evaluaci\u00f3n efect\u00faa en este a\u00f1o marcado por el coronavirus y la ausencia de clases, cuyas consecuencias han sido muy negativas?<\/strong><\/div>\n<div>\n<div dir=\"ltr\"><em>-En cuanto a los alimentos consideramos que la cantidad de bolsones es escasa, por ello en junio pasado, desde el consejo hicimos un petitorio para conseguir el aumento de bolsones a recibir desde el Ministerio de Desarrollo de la Provincia de Buenos Aires; petitorio sobre el que a\u00fan a la fecha, no hemos tenido respuesta. Esto ha llevado a que los faltantes de alimentos para distribuir, fueron estando proporcionado por el municipio, en un trabajo en conjunto con los gremios y Jefatura Distrital.<\/em><\/div>\n<\/div>\n<div><\/div>\n<div>\n<div dir=\"ltr\"><strong>-\u00bfQue evaluci\u00f3n efect\u00faa como presidente del Consejo Escola, en relaci\u00f3n a las clases dictadas v\u00eda zoom, la distribuci\u00f3n de materiales did\u00e1cticos, \u00bfambas modalidades han resultado \u00fatiles?<\/strong><\/div>\n<div dir=\"ltr\"><em>-Es una pregunta que no puedo responder, dado que nuestro trabajo desde el Consejo es el mantenimiento de edificios, la infraestructura, transporte y cuestiones que tienen que ver con las auxiliares. Por lo tanto en mi caso, estar\u00eda abarcando un terreno que no me compete, ya que las cuestiones pedag\u00f3gicas las tiene a cargo la jefa distrital y sus inspectoras.<\/em><\/div>\n<div dir=\"ltr\"><\/div>\n<\/div>\n<div><strong>-\u00bfQue opina acerca de la resoluci\u00f3n adoptada, en relaci\u00f3n a que este a\u00f1o no fueran evaluados los alumnos?<\/strong><\/div>\n<div><em>-Como en el caso anterior, es un terreno que no me compete. De todas formas, entiendo que se hizo un informe de trayectoria educativa, buscando conocer la evoluci\u00f3n de los alumnos, pero bueno, reitero, no es un tema sobre el que tenga competencia.<\/em><\/div>\n<div><\/div>\n<div><strong>-Luego de un a\u00f1o que no hubo clases presenciales como las conocemos, \u00bfque perspectivas estima respecto al inicio del ciclo lectivo 2021?<\/strong><\/div>\n<div><em>-En cuanto al comienzo de las clases el a\u00f1o que viene, me estar\u00eda apresurando si manifestara un parecer, dado que el inicio de clases depender\u00e1 de muchos factores. El principal ser\u00e1 el sanitario, desde ya aguardo que entre todos los actores, le busquemos la vuelta para lograr que los chicos vuelvan a las escuelas, desde ya, teniendo en cuenta los protocolos que dispongan los especialistas en la materia.<\/em><\/div>\n<\/div>\n<\/div>\n<\/div>\n<\/div>\n<\/div>\n<\/div>\n<\/div>\n<\/div>\n<\/div>\n","protected":false},"excerpt":{"rendered":"<p>LA EDUCACI\u00d3N EN LA ARGENTINA, HA SIDO UNA DE LAS \u00c1REAS M\u00c1S GOLPEADAS Y EN FORMA SEVERA POR LA PANDEMIA EN 2020.<\/p>\n","protected":false},"author":4,"featured_media":8135,"comment_status":"open","ping_status":"open","sticky":false,"template":"","format":"standard","meta":{"footnotes":"","jetpack_publicize_message":"","jetpack_publicize_feature_enabled":true,"jetpack_social_post_already_shared":false,"jetpack_social_options":{"image_generator_settings":{"template":"highway","default_image_id":0,"font":"","enabled":false},"version":2}},"categories":[17],"tags":[573,231,639,1111],"class_list":["post-8082","post","type-post","status-publish","format-standard","has-post-thumbnail","hentry","category-politica","tag-consejo-escolar","tag-educacion","tag-pandemia","tag-patricio-diez"],"jetpack_publicize_connections":[],"jetpack_featured_media_url":"https:\/\/revistaepocadigital.com.ar\/wp-content\/uploads\/2020\/12\/diez-20o.jpg","jetpack_likes_enabled":true,"_links":{"self":[{"href":"https:\/\/revistaepocadigital.com.ar\/index.php?rest_route=\/wp\/v2\/posts\/8082","targetHints":{"allow":["GET"]}}],"collection":[{"href":"https:\/\/revistaepocadigital.com.ar\/index.php?rest_route=\/wp\/v2\/posts"}],"about":[{"href":"https:\/\/revistaepocadigital.com.ar\/index.php?rest_route=\/wp\/v2\/types\/post"}],"author":[{"embeddable":true,"href":"https:\/\/revistaepocadigital.com.ar\/index.php?rest_route=\/wp\/v2\/users\/4"}],"replies":[{"embeddable":true,"href":"https:\/\/revistaepocadigital.com.ar\/index.php?rest_route=%2Fwp%2Fv2%2Fcomments&post=8082"}],"version-history":[{"count":0,"href":"https:\/\/revistaepocadigital.com.ar\/index.php?rest_route=\/wp\/v2\/posts\/8082\/revisions"}],"wp:featuredmedia":[{"embeddable":true,"href":"https:\/\/revistaepocadigital.com.ar\/index.php?rest_route=\/wp\/v2\/media\/8135"}],"wp:attachment":[{"href":"https:\/\/revistaepocadigital.com.ar\/index.php?rest_route=%2Fwp%2Fv2%2Fmedia&parent=8082"}],"wp:term":[{"taxonomy":"category","embeddable":true,"href":"https:\/\/revistaepocadigital.com.ar\/index.php?rest_route=%2Fwp%2Fv2%2Fcategories&post=8082"},{"taxonomy":"post_tag","embeddable":true,"href":"https:\/\/revistaepocadigital.com.ar\/index.php?rest_route=%2Fwp%2Fv2%2Ftags&post=8082"}],"curies":[{"name":"wp","href":"https:\/\/api.w.org\/{rel}","templated":true}]}}