{"id":8084,"date":"2020-12-08T18:46:54","date_gmt":"2020-12-08T21:46:54","guid":{"rendered":"https:\/\/revistaepocadigital.com.ar\/?p=8084"},"modified":"2020-12-10T18:32:02","modified_gmt":"2020-12-10T21:32:02","slug":"eden-a-tomar-precauciones-cortes-de-luz-por-trabajos","status":"publish","type":"post","link":"https:\/\/revistaepocadigital.com.ar\/?p=8084","title":{"rendered":"EDEN, a tomar precauciones, cortes de luz por trabajos hoy"},"content":{"rendered":"<p dir=\"ltr\"><strong>EL SERVICIO EL\u00c9CTRICO VITAL.<\/strong><!--more--><\/p>\n<div class=\"D_F ek_BB H_6D6F aw_2941hk ba_10I1Qt az_oOItw ay_Z1nkUQx I_kt4zd\">\n<div id=\"app\" class=\"D_F ek_BB H_6D6F cZ1RN91d_n s_1HCsWR aw_Z22yhkg I_kt4zd az_DW ba_Z2gmOa3 ay_Z1cYiMT c2hBT4u_Zm6i39 cZTwBjO_Zdogtk\" tabindex=\"-1\" data-test-id=\"mail-app\">\n<div class=\"I_ZnwrMC D_F em_N o_h W_6D6F H_6D6F\" data-test-id=\"content-area\" aria-hidden=\"true\">\n<div class=\"D_F em_N o_h s_1HCsWR\" data-test-id=\"content-below-tabs\">\n<div id=\"mail-app-component-container\" class=\"D_F em_N ej_eUh o_h\">\n<div id=\"mail-app-component\" class=\"em_N gl_C I_52qC j_ZlOSbd o_h p_R D_F s_e5X x_Z14vXdP\" data-yaft-module=\"norrin_main\" data-test-id=\"mail-app-component\">\n<div class=\"D_F ek_BB p_a Z_0 L_0 R_0 T_0 B_0 cZ1RN91d_GG I_ZnwrMC\" data-test-id=\"message-group-view\">\n<div class=\"iz_A I_52qC em_0 Z_0\" role=\"main\" data-test-id=\"message-group-view-scroller\" aria-label=\"Vista de mensajes\">\n<div data-test-id=\"focus-group\" aria-label=\"Grupo de navegaci\u00f3n del teclado. Usa las flechas para navegar o el tabulador para pasar al siguiente grupo.\">\n<div class=\"p_R b_2w4l8N I_52qC em_N X_fq7 N_6LEV ir3_Z1tiXR3 it3_689y j_ZlOSbd message-view\" tabindex=\"40\" data-test-id=\"message-view\" data-test-expanded=\"true\" data-iskeynav=\"true\">\n<div data-test-id=\"message-body-container\">\n<div class=\"I_52qC D_FY W_6D6F\" data-test-id=\"message-view-body\">\n<div class=\"msg-body P_wpofO mq_AS\" data-test-id=\"message-view-body-content\">\n<div class=\"jb_0 X_6MGW N_6Fd5\">\n<div id=\"yiv1901590830\">\n<div dir=\"ltr\">\n<p dir=\"ltr\">EDEN inform\u00f3 que, conforme a su plan de inversiones en obras y mantenimiento para fortalecer el servicio, se realizar\u00e1n otros trabajos en la red el\u00e9ctrica.<\/p>\n<p dir=\"ltr\">Para poder realizar estas mejoras y como medida de seguridad, es necesario interrumpir el suministro de forma moment\u00e1nea mientras se trabaja en la red el\u00e9ctrica:<\/p>\n<ul>\n<li dir=\"ltr\">\n<p dir=\"ltr\">El d\u00eda mi\u00e9rcoles 9 de diciembre, de 7 a 9:30 hs., en el barrio El Malacate, camino a Puente de Fierro; y de 11 a 13:30 hs., en la calle Ant\u00e1rtida Argentina;<\/p>\n<\/li>\n<li dir=\"ltr\">\n<p dir=\"ltr\">El d\u00eda jueves 10 de diciembre, de 7 a 12:30 hs., en la Ruta Nacional 193, callej\u00f3n Escuela 15.<\/p>\n<\/li>\n<\/ul>\n<p dir=\"ltr\">En caso de presentarse condiciones clim\u00e1ticas adversas, las actividades ser\u00e1n reprogramadas.<\/p>\n<p dir=\"ltr\">EDEN recuerda que la <a href=\"https:\/\/sucursalvirtual.edensa.com.ar\/signin\" target=\"_blank\" rel=\"nofollow noopener noreferrer\">Sucursal Virtual<\/a> y la <a href=\"https:\/\/www.edensa.com.ar\/usuarios\/mobile\/\" target=\"_blank\" rel=\"nofollow noopener noreferrer\">App EDEN M\u00f3vil<\/a> se encuentran disponibles para realizar consultas y reclamos las 24 horas del d\u00eda.<\/p>\n<p dir=\"ltr\">0800-999-3336<\/p>\n<p dir=\"ltr\"><a href=\"http:\/\/www.edensa.com.ar\/\" target=\"_blank\" rel=\"nofollow noopener noreferrer\">www.edensa.com.ar<\/a><\/p>\n<p dir=\"ltr\">Instagram: @edencomunica<\/p>\n<p dir=\"ltr\">Facebook: EDENComunica<\/p>\n<p dir=\"ltr\">Twitter: @edensacomunica<\/p>\n<p dir=\"ltr\">YouTube: EDEN Comunica<\/p>\n<p dir=\"ltr\">Linkedin:<a href=\"https:\/\/www.linkedin.com\/company\/edensa\/\" target=\"_blank\" rel=\"nofollow noopener noreferrer\"> https:\/\/www.linkedin.com\/company\/edensa\/<\/a><\/p>\n<\/div>\n<\/div>\n<\/div>\n<\/div>\n<\/div>\n<\/div>\n<\/div>\n<\/div>\n<\/div>\n<\/div>\n<\/div>\n<div class=\"D_F o_v p_R I_ZnwrMC\" data-test-id=\"mail-right-rail\">\n<div class=\"D_F ek_BB\">\n<div class=\"Z_qc\">\n<div class=\"D_F en_0 gl_FM je_6Fd5 jb_6Fd5 N_6Fd5 X_6Fd5 H_7bcz k_w I_52qC m_Z14vXdP U_67SN\" data-test-id=\"comms-properties-bar\" aria-label=\"Grupo de navegaci\u00f3n del teclado. Usa las flechas para navegar o el tabulador para pasar al siguiente grupo.\">\n<div class=\"D_F W_A\" role=\"navigation\" data-test-id=\"comms-properties\" aria-label=\"Navega a otras propiedades de Yahoo, como Messenger, Agenda, Contactos y Bloc de notas\">\n<div class=\"D_F U_0 r_P M_Z1kd4S1 q_n b_n P_0 C_52qC cdPFi_Z1TsNWR cdPFi4_Z2aVTcY ir3_1JO2M7\" tabindex=\"-1\" data-test-id=\"right-rail-calendar-icon\" data-iskeynav=\"true\">\n<div class=\"p_a A_pG C_q u_e69 T_e5X L_e5X h_16Wm1O\" data-test-id=\"calendar-day-text\">&#8230;&#8230;&#8230;&#8230;&#8230;&#8230;&#8230;&#8230;&#8230;&#8230;&#8230;&#8230;&#8230;&#8230;&#8230;&#8230;&#8230;&#8230;&#8230;&#8230;&#8230;&#8230;&#8230;&#8230;&#8230;&#8230;&#8230;&#8230;&#8230;&#8230;&#8230;&#8230;&#8230;&#8230;&#8230;&#8230;&#8230;..<\/div>\n<\/div>\n<\/div>\n<\/div>\n<\/div>\n<\/div>\n<\/div>\n<\/div>\n<\/div>\n<\/div>\n<\/div>\n<\/div>\n<p>&nbsp;<\/p>\n<p dir=\"ltr\">EDEN informa sobre una interrupci\u00f3n del suministro el\u00e9ctrico por un pedido puntual realizado a la Distribuidora.<\/p>\n<p dir=\"ltr\">Las tareas se llevar\u00e1n a cabo:<\/p>\n<ul>\n<li dir=\"ltr\">\n<p dir=\"ltr\">el d\u00eda domingo 6 de diciembre de 6 a 10 hs.;<\/p>\n<\/li>\n<li dir=\"ltr\">\n<p dir=\"ltr\">en la zona delimitada por las calles Alem, San Mart\u00edn, Irigoyen, Alsina, Rotonda; en los barrios La Boca, Ucirica, La Loma, Chacras de la Cruz, Granja Tres Arroyos, Ruta Provincial 193, camino rural a Campana.<\/p>\n<\/li>\n<\/ul>\n<p dir=\"ltr\">\n","protected":false},"excerpt":{"rendered":"<p>EL SERVICIO EL\u00c9CTRICO VITAL.<\/p>\n","protected":false},"author":4,"featured_media":8088,"comment_status":"open","ping_status":"open","sticky":false,"template":"","format":"standard","meta":{"footnotes":"","jetpack_publicize_message":"","jetpack_publicize_feature_enabled":true,"jetpack_social_post_already_shared":false,"jetpack_social_options":{"image_generator_settings":{"template":"highway","default_image_id":0,"font":"","enabled":false},"version":2}},"categories":[14],"tags":[39,600],"class_list":["post-8084","post","type-post","status-publish","format-standard","has-post-thumbnail","hentry","category-la-gente","tag-eden","tag-trabajos"],"jetpack_publicize_connections":[],"jetpack_featured_media_url":"https:\/\/revistaepocadigital.com.ar\/wp-content\/uploads\/2020\/12\/20200712235849_eden.jpg","jetpack_likes_enabled":true,"_links":{"self":[{"href":"https:\/\/revistaepocadigital.com.ar\/index.php?rest_route=\/wp\/v2\/posts\/8084","targetHints":{"allow":["GET"]}}],"collection":[{"href":"https:\/\/revistaepocadigital.com.ar\/index.php?rest_route=\/wp\/v2\/posts"}],"about":[{"href":"https:\/\/revistaepocadigital.com.ar\/index.php?rest_route=\/wp\/v2\/types\/post"}],"author":[{"embeddable":true,"href":"https:\/\/revistaepocadigital.com.ar\/index.php?rest_route=\/wp\/v2\/users\/4"}],"replies":[{"embeddable":true,"href":"https:\/\/revistaepocadigital.com.ar\/index.php?rest_route=%2Fwp%2Fv2%2Fcomments&post=8084"}],"version-history":[{"count":0,"href":"https:\/\/revistaepocadigital.com.ar\/index.php?rest_route=\/wp\/v2\/posts\/8084\/revisions"}],"wp:featuredmedia":[{"embeddable":true,"href":"https:\/\/revistaepocadigital.com.ar\/index.php?rest_route=\/wp\/v2\/media\/8088"}],"wp:attachment":[{"href":"https:\/\/revistaepocadigital.com.ar\/index.php?rest_route=%2Fwp%2Fv2%2Fmedia&parent=8084"}],"wp:term":[{"taxonomy":"category","embeddable":true,"href":"https:\/\/revistaepocadigital.com.ar\/index.php?rest_route=%2Fwp%2Fv2%2Fcategories&post=8084"},{"taxonomy":"post_tag","embeddable":true,"href":"https:\/\/revistaepocadigital.com.ar\/index.php?rest_route=%2Fwp%2Fv2%2Ftags&post=8084"}],"curies":[{"name":"wp","href":"https:\/\/api.w.org\/{rel}","templated":true}]}}