{"id":8092,"date":"2020-12-08T21:11:49","date_gmt":"2020-12-09T00:11:49","guid":{"rendered":"https:\/\/revistaepocadigital.com.ar\/?p=8092"},"modified":"2020-12-09T09:46:42","modified_gmt":"2020-12-09T12:46:42","slug":"se-pusieron-de-acuerdo-en-el-concejo-deliberante-el-fomento-de-la-agroecologia-aprobado","status":"publish","type":"post","link":"https:\/\/revistaepocadigital.com.ar\/?p=8092","title":{"rendered":"\u00a1Se pusieron de acuerdo en el Concejo Deliberante!, el fomento de la agroecolog\u00eda aprobado"},"content":{"rendered":"<div class=\"post-content\">\n<p><strong>Y POR UNANIMIDAD.<!--more--><\/strong><\/p>\n<p>As\u00ed fue aprobado el proyecto de ordenanza para fomentar la agroecolog\u00eda en nuestro distrito, presentado por la concejal Andrea Melo. La meta de la ordenanza, es lograr la producci\u00f3n de alimentos sanos respetuosa del medio ambiente, derecho fundamental que tiene que ver con la salud..<\/p>\n<p>Adem\u00e1s -seg\u00fan public\u00f3 el peri\u00f3dico El Lugare\u00f1o- se busc\u00f3 promover el desarrollo local, desde la generaci\u00f3n de empleo, hasta el fomento de la soberan\u00eda alimentaria, el desarrollo de la biodiversidad, la producci\u00f3n y consumo de alimentos sanos, adem\u00e1s la generaci\u00f3n de un mercado local de compra y venta de dichos productos org\u00e1nicos y agroecol\u00f3gicos.<\/p>\n<p>La concejal Melo expres\u00f3, &#8220;gratamente digo que esta ordenanza que aprobamos tiene mucha relevancia para un sector alt\u00edsimo de la ciudadan\u00eda, y quiero se\u00f1alar el important\u00edsimo trabajo que han realizado algunos concejales del oficialismo al hacer una articulaci\u00f3n virtuosa entre el Legislativo y el Ejecutivo\u201d.<\/p>\n<div class=\"g g-3\">\n<div>\n<figure id=\"attachment_8106\" aria-describedby=\"caption-attachment-8106\" style=\"width: 150px\" class=\"wp-caption aligncenter\"><img loading=\"lazy\" decoding=\"async\" class=\"size-full wp-image-8106\" src=\"https:\/\/revistaepocadigital.com.ar\/wp-content\/uploads\/2020\/12\/Melo-Andrea-2.jpg\" alt=\"\" width=\"150\" height=\"129\" \/><figcaption id=\"caption-attachment-8106\" class=\"wp-caption-text\">Concejal Andrea Menta<\/figcaption><\/figure>\n<\/div>\n<div class=\"g-dyn a-5 c-3\">Y apunt\u00f3, &#8220;no es una ordenanza que me deje conforme al 100 %, porque s\u00e9 hicieron muchos cambios sobre la original, que fue muy trabajada con la ciudadan\u00eda, y en la que hab\u00edan participado asociaciones ambientales de Exaltaci\u00f3n de la Cruz, que trabajaron y se respet\u00f3 su aporte porque hay mucho conocimiento en todos ellos. Adem\u00e1s, logramos contactar a profesionales y t\u00e9cnicos de gran relevancia a nivel provincial y nacional, que participaron de la redacci\u00f3n de la ordenanza original. Pero si bien se hicieron muchas modificaciones que no comparto, creo que este es un puntapi\u00e9 inicial\u201d.<\/div>\n<\/div>\n<div class=\"crp_related \">\n<div><\/div>\n<div class=\"crp_clear\">Remarc\u00f3 luego Melo la responsabilidad que espera al Ejecutivo local, que &#8220;tendr\u00e1n un largo trabajo, y esperamos que se comprometan a hacer operativa esta ordenanza\u201d.<\/div>\n<\/div>\n<div class=\"g g-2\">\n<div class=\"g-dyn a-4 c-1\"><a class=\"gofollow\" href=\"https:\/\/www.exaltaciondelacruz.gob.ar\/\" target=\"_blank\" rel=\"nofollow noopener noreferrer\" data-track=\"NCwyLDEsNjA=\"><img loading=\"lazy\" decoding=\"async\" class=\"lazy-loaded\" src=\"https:\/\/i1.wp.com\/xn--ellugareo-s6a.com.ar\/wp-content\/uploads\/2020\/03\/Municipio.jpg?ssl=1\" width=\"1\" height=\"1\" data-lazy-type=\"image\" data-src=\"https:\/\/i1.wp.com\/xn--ellugareo-s6a.com.ar\/wp-content\/uploads\/2020\/03\/Municipio.jpg?ssl=1\" \/><\/a><\/div>\n<\/div>\n<p>Al mismo medio El Lugare\u00f1o, agreg\u00f3 Melo, &#8220;en el HCD tomamos decisiones, logramos que salgan por consenso, pero despu\u00e9s tambi\u00e9n est\u00e1 el trabajo posterior, y tiene que ver con que el Ejecutivo haga valer lo que aqu\u00ed aprobamos. A los funcionarios del \u00e1rea de Producci\u00f3n y Medio Ambiente, les vamos a pedir que la hagan valer y desde esas funciones realmente la lleven adelante en lo inmediato. Porque esta ordenanza, entre otras cosas, fomenta el desarrollo local. A trav\u00e9s de la agroecolog\u00eda se pueden generar puestos de trabajo, abrir mercados locales, y asesorar a las familias que producen alimentos org\u00e1nicos\u201d.<\/p>\n<p>Resalt\u00f3 Melo, &#8220;el inter\u00e9s del intendente Diego Nanni para que esta ordenanza sea aprobada. Me parece importante que haya cumplido con su palabra de campa\u00f1a, pero no nos vamos a quedar solo con eso, vamos a seguir aportando cosas para que esto se lleve adelante, poder consumir alimentos sanos y respetar el derecho fundamental que tiene que ver con la salud\u201d.<\/p>\n<p>Entre otros aspectos en la ordenanza se menciona tambi\u00e9n la creaci\u00f3n de un registro municipal de productores agroecol\u00f3gicos, beneficios impositivos y asesoramiento para certificaci\u00f3n provincial, entre otros.<\/p>\n<\/div>\n<div class=\"post-tags\">Foto: gentileza El Lugare\u00f1o.<\/div>\n","protected":false},"excerpt":{"rendered":"<p>Y POR UNANIMIDAD.<\/p>\n","protected":false},"author":3,"featured_media":8097,"comment_status":"open","ping_status":"open","sticky":false,"template":"","format":"standard","meta":{"footnotes":"","jetpack_publicize_message":"","jetpack_publicize_feature_enabled":true,"jetpack_social_post_already_shared":false,"jetpack_social_options":{"image_generator_settings":{"template":"highway","default_image_id":0,"font":"","enabled":false},"version":2}},"categories":[17],"tags":[1107,379,338],"class_list":["post-8092","post","type-post","status-publish","format-standard","has-post-thumbnail","hentry","category-politica","tag-concejal-melo","tag-hcd","tag-ordenanza"],"jetpack_publicize_connections":[],"jetpack_featured_media_url":"https:\/\/revistaepocadigital.com.ar\/wp-content\/uploads\/2020\/12\/HCD-Agroecologia.jpg","jetpack_likes_enabled":true,"_links":{"self":[{"href":"https:\/\/revistaepocadigital.com.ar\/index.php?rest_route=\/wp\/v2\/posts\/8092","targetHints":{"allow":["GET"]}}],"collection":[{"href":"https:\/\/revistaepocadigital.com.ar\/index.php?rest_route=\/wp\/v2\/posts"}],"about":[{"href":"https:\/\/revistaepocadigital.com.ar\/index.php?rest_route=\/wp\/v2\/types\/post"}],"author":[{"embeddable":true,"href":"https:\/\/revistaepocadigital.com.ar\/index.php?rest_route=\/wp\/v2\/users\/3"}],"replies":[{"embeddable":true,"href":"https:\/\/revistaepocadigital.com.ar\/index.php?rest_route=%2Fwp%2Fv2%2Fcomments&post=8092"}],"version-history":[{"count":0,"href":"https:\/\/revistaepocadigital.com.ar\/index.php?rest_route=\/wp\/v2\/posts\/8092\/revisions"}],"wp:featuredmedia":[{"embeddable":true,"href":"https:\/\/revistaepocadigital.com.ar\/index.php?rest_route=\/wp\/v2\/media\/8097"}],"wp:attachment":[{"href":"https:\/\/revistaepocadigital.com.ar\/index.php?rest_route=%2Fwp%2Fv2%2Fmedia&parent=8092"}],"wp:term":[{"taxonomy":"category","embeddable":true,"href":"https:\/\/revistaepocadigital.com.ar\/index.php?rest_route=%2Fwp%2Fv2%2Fcategories&post=8092"},{"taxonomy":"post_tag","embeddable":true,"href":"https:\/\/revistaepocadigital.com.ar\/index.php?rest_route=%2Fwp%2Fv2%2Ftags&post=8092"}],"curies":[{"name":"wp","href":"https:\/\/api.w.org\/{rel}","templated":true}]}}