{"id":8099,"date":"2020-12-08T23:04:26","date_gmt":"2020-12-09T02:04:26","guid":{"rendered":"https:\/\/revistaepocadigital.com.ar\/?p=8099"},"modified":"2020-12-08T23:07:35","modified_gmt":"2020-12-09T02:07:35","slug":"ex-jugador-tecnico-santiago-davio-se-fue-el-futbol-dice-ante-la-muerte-de-maradona-un-hombre-del-futbol","status":"publish","type":"post","link":"https:\/\/revistaepocadigital.com.ar\/?p=8099","title":{"rendered":"Ex-jugador, t\u00e9cnico, Santiago Davio &#8220;se fue el f\u00fatbol&#8221; dice ante la muerte de Maradona"},"content":{"rendered":"<p><strong>EL APELLIDO DAVIO, EN EXALTACI\u00d3N DE LA CRUZ SIEMPRE HA SIDO SIN\u00d3NIMO DE F\u00daTBOL.<\/strong><!--more--><\/p>\n<p>A\u00f1os atr\u00e1s encarnado por Domingo Davio,\u00a0 &#8220;Batata&#8221;, uno de los mejores jugadores de siempre en el f\u00fatbol zonal en particular. Una vez alejado de la pr\u00e1ctica activa, fue t\u00e9cnico. Pasos similares, si bien con una prolongada trayectoria en el f\u00fatbol argentino y en de pa\u00edses latinoamericano, ha dado <strong>Santiago<\/strong>, uno de los hijos.<\/p>\n<p><img loading=\"lazy\" decoding=\"async\" class=\"aligncenter size-full wp-image-8102\" src=\"https:\/\/revistaepocadigital.com.ar\/wp-content\/uploads\/2020\/12\/marado-Dfensoe.jpg\" alt=\"\" width=\"1029\" height=\"1053\" srcset=\"https:\/\/revistaepocadigital.com.ar\/wp-content\/uploads\/2020\/12\/marado-Dfensoe.jpg 1029w, https:\/\/revistaepocadigital.com.ar\/wp-content\/uploads\/2020\/12\/marado-Dfensoe-293x300.jpg 293w, https:\/\/revistaepocadigital.com.ar\/wp-content\/uploads\/2020\/12\/marado-Dfensoe-768x786.jpg 768w, https:\/\/revistaepocadigital.com.ar\/wp-content\/uploads\/2020\/12\/marado-Dfensoe-356x364.jpg 356w, https:\/\/revistaepocadigital.com.ar\/wp-content\/uploads\/2020\/12\/marado-Dfensoe-712x728.jpg 712w, https:\/\/revistaepocadigital.com.ar\/wp-content\/uploads\/2020\/12\/marado-Dfensoe-696x712.jpg 696w, https:\/\/revistaepocadigital.com.ar\/wp-content\/uploads\/2020\/12\/marado-Dfensoe-410x420.jpg 410w, https:\/\/revistaepocadigital.com.ar\/wp-content\/uploads\/2020\/12\/marado-Dfensoe-821x840.jpg 821w\" sizes=\"auto, (max-width: 1029px) 100vw, 1029px\" \/><\/p>\n<p><em>Diego con la camiseta de Defensores Unidos de Z\u00e1rate.<\/em><\/p>\n<p>Con el f\u00fatbol en sus venas, Davio hijo desliz\u00f3 sus sentidas sensaciones ante la reciente muerte de Diego Maradona. En la actualidad se dempe\u00f1a como entrenador de la 4\u00aa divisi\u00f3n del Club Defensores Unidos de Z\u00e1rate (Primera B), una de las entidades por donde pas\u00f3 como jugador, tambi\u00e9n es coordinador de los juveniles (4\u00aa, 5\u00aa y 6\u00aa divisi\u00f3n del mismo club. Y por otro lado, contin\u00faa en la direcci\u00f3n de deportes de la Municipalidad de Exaltaci\u00f3n de la Cruz y es t\u00e9cnico del equipo de Mapuche, el conocido country de Pilar,<em> &#8220;siempre ligado al deporte&#8221;<\/em> dijo.<\/p>\n<p>Santiago Davio al hablar sobre Diego, no ocult\u00f3 su tristeza como millones de argentinos, <em>&#8220;se fue el f\u00fatbol&#8221;,<\/em>\u00a0 \u00a0dijo con elocuencia. Y luego record\u00f3 cuando <em>&#8220;sal\u00ed del colegio cuando era chico, llegaba a casa y agarraba enseguida la pelota.\u00a0 Mi mam\u00e1 me dec\u00eda &#8220;\u00bfad\u00f3nde vas?&#8221;, y mi respuesta era siempre la misma, &#8220;voy a la cancha de<\/em> <em>Batata<\/em> (su padre)<em>; se armaban los famosos picados de amigos y ah\u00ed el arquerdo era &#8220;Goyco&#8221; y los\u00a0 dem\u00e1s todos \u00e9ramos &#8220;El Diego&#8221;, ja!. Al final hab\u00eda ocho Maradona y\u00a0 dos Goycoechea; todos jugabamos a ser el &#8220;10&#8221;, que<\/em> <em>b\u00e1rbaro!&#8221;.<\/em><\/p>\n<p><em>&#8220;En lo personal Diego era mi jugador a seguir, mi inspiraci\u00f3n como futbolista, y pensar que yo soy hincha de River y Diego de Boca!. Pero bueno, cuando el jugaba mi vida hac\u00eda una pausa de 90 minutos&#8221;,<\/em> apunt\u00f3 Davio.<\/p>\n<div id=\"app\" class=\"D_F ek_BB H_6D6F cZ1RN91d_n s_1HCsWR aw_Z22yhkg I_kt4zd az_DW ba_Z2gmOa3 ay_Z1cYiMT c2hBT4u_Zm6i39 cZTwBjO_Zdogtk\" tabindex=\"-1\" data-test-id=\"mail-app\">\n<div class=\"I_ZnwrMC D_F em_N o_h W_6D6F H_6D6F\" data-test-id=\"content-area\">\n<div class=\"D_F em_N o_h s_1HCsWR\" data-test-id=\"content-below-tabs\">\n<div id=\"mail-app-component-container\" class=\"D_F em_N ej_eUh o_h\">\n<div id=\"mail-app-component\" class=\"em_N gl_C I_52qC j_ZlOSbd o_h p_R D_F s_e5X x_Z14vXdP\" data-yaft-module=\"norrin_main\" data-test-id=\"mail-app-component\">\n<div class=\"D_F ek_BB p_a Z_0 L_0 R_0 T_0 B_0 cZ1RN91d_GG I_ZnwrMC\" data-test-id=\"message-group-view\">\n<div class=\"iz_A I_52qC em_0 Z_0\" role=\"main\" data-test-id=\"message-group-view-scroller\" aria-label=\"Vista de mensajes\">\n<div data-test-id=\"focus-group\" aria-label=\"Grupo de navegaci\u00f3n del teclado. Usa las flechas para navegar o el tabulador para pasar al siguiente grupo.\">\n<div class=\"p_R b_2w4l8N I_52qC em_N X_fq7 N_6LEV ir3_Z1tiXR3 it3_689y j_ZlOSbd message-view\" tabindex=\"40\" data-test-id=\"message-view\" data-test-expanded=\"true\" data-iskeynav=\"true\">\n<div data-test-id=\"message-body-container\">\n<div class=\"I_52qC D_FY W_6D6F\" data-test-id=\"message-view-body\">\n<div class=\"msg-body P_wpofO mq_AS\" data-test-id=\"message-view-body-content\">\n<div class=\"jb_0 X_6MGW N_6Fd5\">\n<div>\n<div id=\"yiv6001155150\">\n<div><em>&#8220;A su vez<\/em> -sigui\u00f3 contando- <em>escuchar a mi pap\u00e1 hablar de Diego fue algo inexplicable, remarc\u00e1ndonos que tuvimos el agrado, la satisfacci\u00f3n de que haya jugado en nuestro pueblo Capilla en el a\u00f1o 72, formando parte de los famosos &#8220;Cebollitas&#8221; que jug\u00f3 contra un combinado de jugadores del Club Los Muchachos dirigidos por el &#8220;Nene&#8221; Sosa, otro gran apasionado del f\u00fatbol capillense, muchos se acuerdan de aquel partido&#8221;.<\/em><\/div>\n<div><\/div>\n<\/div>\n<div><img decoding=\"async\" class=\"W_6D6F\" src=\"https:\/\/apis.mail.yahoo.com\/ws\/v3\/mailboxes\/@.id==VjN-xF3I97EHoROgkj6VNCdRQqeA2JymVf7t_dNnS0aDi3s78AREAsRDD7nmdHgvOMaxQGPOCLL4yv1gdpoOBPLlCw\/messages\/@.id==AAqi5UZI7jIcX8_8eglK6JB7C-M\/content\/parts\/@.id==4\/thumbnail?appId=YMailNorrin&amp;size=150w&amp;w=150&amp;h=150\" data-test-id=\"attachment-thumbnail\" \/><\/div>\n<div id=\"yiv6001155150\">\n<div><em>El capillense en su \u00e9poca de jugador.<\/em><\/div>\n<div><\/div>\n<div><em>El d\u00eda que muri\u00f3 el &#8220;10&#8221;, &#8220;\u00bfque sent\u00ed cuando me enter\u00e9 que hab\u00eda muerto?, me lo dijo mi pap\u00e1 y me dijo que no llores, pero no pudimos contenernos; nos abrazamos y lloramos juntos. Mi viejo y yo siempre hab\u00edamos pensado que el Diego era inmortal!, y que era el dios m\u00e1s grande de los mortales!&#8221;.<\/em><\/div>\n<div><\/div>\n<div>Ante el futuro, Santiago coment\u00f3 que <em>&#8220;cuando mi hijo crezca y me pregunte quien fue Maradona, solamente le dir\u00e9 que fue quien hizo feliz a todo el mundo. &#8220;El superh\u00e9roe que tu pap\u00e1 jug\u00f3 a ser en alg\u00fan momento de la vida, el Due\u00f1o de la pelota de f\u00fatbol&#8221;, le contar\u00e9 a mi hijo&#8221;.<\/em><\/div>\n<div><\/div>\n<div>Sobre la tempestuosa vida del &#8220;10&#8221;, Davio opin\u00f3, &#8220;<em>se fue un hombre que ten\u00eda errores como todos, pero un don que nadie tuvo, y fue el de hacer feliz a todo el mundo. Por eso siempre dir\u00e9: &#8220;gracias diego por hacerme amar tanto al f\u00fatbol, gracias por esta locura que s\u00f3lo vos has generado&#8221;.<\/em><\/div>\n<\/div>\n<\/div>\n<\/div>\n<\/div>\n<\/div>\n<div class=\"I_52qC D_FY W_6D6F\" data-test-id=\"message-view-body\">\n<div class=\"msg-body P_wpofO mq_AS\" data-test-id=\"message-view-body-content\">\n<div class=\"jb_0 X_6MGW N_6Fd5\">\n<div id=\"yiv6001155150\">\n<div class=\"yiv6001155150gmail_quote\"><\/div>\n<\/div>\n<\/div>\n<\/div>\n<div class=\"jb_0 X_6MGW N_6Fd5\">\n<div class=\"P_0 je_fq7\">\n<p>&nbsp;<\/p>\n<\/div>\n<\/div>\n<\/div>\n<\/div>\n<\/div>\n<\/div>\n<\/div>\n<\/div>\n<\/div>\n<\/div>\n<\/div>\n<\/div>\n<\/div>\n","protected":false},"excerpt":{"rendered":"<p>EL APELLIDO DAVIO, EN EXALTACI\u00d3N DE LA CRUZ SIEMPRE HA SIDO SIN\u00d3NIMO DE F\u00daTBOL.<\/p>\n","protected":false},"author":4,"featured_media":8101,"comment_status":"open","ping_status":"open","sticky":false,"template":"","format":"standard","meta":{"footnotes":"","jetpack_publicize_message":"","jetpack_publicize_feature_enabled":true,"jetpack_social_post_already_shared":false,"jetpack_social_options":{"image_generator_settings":{"template":"highway","default_image_id":0,"font":"","enabled":false},"version":2}},"categories":[9],"tags":[143,1108],"class_list":["post-8099","post","type-post","status-publish","format-standard","has-post-thumbnail","hentry","category-deportes","tag-davio","tag-muerte-maradona"],"jetpack_publicize_connections":[],"jetpack_featured_media_url":"https:\/\/revistaepocadigital.com.ar\/wp-content\/uploads\/2020\/12\/thumbnail.jpg","jetpack_likes_enabled":true,"_links":{"self":[{"href":"https:\/\/revistaepocadigital.com.ar\/index.php?rest_route=\/wp\/v2\/posts\/8099","targetHints":{"allow":["GET"]}}],"collection":[{"href":"https:\/\/revistaepocadigital.com.ar\/index.php?rest_route=\/wp\/v2\/posts"}],"about":[{"href":"https:\/\/revistaepocadigital.com.ar\/index.php?rest_route=\/wp\/v2\/types\/post"}],"author":[{"embeddable":true,"href":"https:\/\/revistaepocadigital.com.ar\/index.php?rest_route=\/wp\/v2\/users\/4"}],"replies":[{"embeddable":true,"href":"https:\/\/revistaepocadigital.com.ar\/index.php?rest_route=%2Fwp%2Fv2%2Fcomments&post=8099"}],"version-history":[{"count":0,"href":"https:\/\/revistaepocadigital.com.ar\/index.php?rest_route=\/wp\/v2\/posts\/8099\/revisions"}],"wp:featuredmedia":[{"embeddable":true,"href":"https:\/\/revistaepocadigital.com.ar\/index.php?rest_route=\/wp\/v2\/media\/8101"}],"wp:attachment":[{"href":"https:\/\/revistaepocadigital.com.ar\/index.php?rest_route=%2Fwp%2Fv2%2Fmedia&parent=8099"}],"wp:term":[{"taxonomy":"category","embeddable":true,"href":"https:\/\/revistaepocadigital.com.ar\/index.php?rest_route=%2Fwp%2Fv2%2Fcategories&post=8099"},{"taxonomy":"post_tag","embeddable":true,"href":"https:\/\/revistaepocadigital.com.ar\/index.php?rest_route=%2Fwp%2Fv2%2Ftags&post=8099"}],"curies":[{"name":"wp","href":"https:\/\/api.w.org\/{rel}","templated":true}]}}