{"id":8109,"date":"2020-12-09T10:12:09","date_gmt":"2020-12-09T13:12:09","guid":{"rendered":"https:\/\/revistaepocadigital.com.ar\/?p=8109"},"modified":"2020-12-09T10:12:09","modified_gmt":"2020-12-09T13:12:09","slug":"los-arboles-de-navidad-que-ano","status":"publish","type":"post","link":"https:\/\/revistaepocadigital.com.ar\/?p=8109","title":{"rendered":"Los \u00e1rboles de Navidad, \u00a1que a\u00f1o!"},"content":{"rendered":"<p><strong>ENCENDIDOS.<\/strong><!--more--><\/p>\n<p>Ante las Fiestas de Fin de A\u00f1o, Capilla del Se\u00f1or, Los Cardales y Parada Robles encendieron sus \u00e1rboles de navidad, casi como un ritual para estas fechas, la llegada de la Navidad y Fin de A\u00f1o.<\/p>\n<p>El primero en encenderse fue el de Los Cardales, en la noche del 4\/12. As\u00ed, la plaza Mitre sum\u00f3 un elemento m\u00e1s de color a su amplio espacio, que se encuentra en pleno proceso de transformaci\u00f3n, a partir de la creaci\u00f3n del Paseo Cultural de Los Cardales en ese lugar.<\/p>\n<p>Luego, el 8 de diciembre, fue el turno del \u00e1rbol situado en el ingreso a Capilla del Se\u00f1or, en la rotonda que vincula la ruta 39 con Parada Robles. De hecho, esta \u00faltima localidad tambi\u00e9n encendi\u00f3 su \u00e1rbol a la misma hora, en el acceso a ese sector.<\/p>\n<p>En Capilla del Se\u00f1or, se procedi\u00f3 adem\u00e1s a ornamentar el boulevard de acceso, colocando guirnaldas navide\u00f1as en las nuevas farolas, que la gesti\u00f3n municipal instal\u00f3 hace algunos meses, y cambiaron la fisonom\u00eda del ingreso a nuestra ciudad.<\/p>\n<p>El encendido estuvo encabezado por el intendente Diego Nanni, y la secretaria de gobierno Mar\u00eda Luz Bozzani. A la vez, vecinos y amigos se acercaron hasta la rotonda, para esperar el momento de la cuenta regresiva que culmin\u00f3 con un fuerte aplauso.<\/p>\n<p>Respecto a Parada Robles, el \u00e1rbol es una creaci\u00f3n colectiva de la comunidad de artistas de esa localidad, con el apoyo de la Cooperativa Cepral y de la Delegaci\u00f3n Municipal. Se utilizaron elementos reciclados para su construcci\u00f3n, como parte de una mirada ambientalista ante las tradicionales fiestas de fin de a\u00f1o.<\/p>\n","protected":false},"excerpt":{"rendered":"<p>ENCENDIDOS.<\/p>\n","protected":false},"author":3,"featured_media":8111,"comment_status":"open","ping_status":"open","sticky":false,"template":"","format":"standard","meta":{"footnotes":"","jetpack_publicize_message":"","jetpack_publicize_feature_enabled":true,"jetpack_social_post_already_shared":false,"jetpack_social_options":{"image_generator_settings":{"template":"highway","default_image_id":0,"font":"","enabled":false},"version":2}},"categories":[13],"tags":[],"class_list":["post-8109","post","type-post","status-publish","format-standard","has-post-thumbnail","hentry","category-interes-general"],"jetpack_publicize_connections":[],"jetpack_featured_media_url":"https:\/\/revistaepocadigital.com.ar\/wp-content\/uploads\/2020\/12\/arbol.jpg","jetpack_likes_enabled":true,"_links":{"self":[{"href":"https:\/\/revistaepocadigital.com.ar\/index.php?rest_route=\/wp\/v2\/posts\/8109","targetHints":{"allow":["GET"]}}],"collection":[{"href":"https:\/\/revistaepocadigital.com.ar\/index.php?rest_route=\/wp\/v2\/posts"}],"about":[{"href":"https:\/\/revistaepocadigital.com.ar\/index.php?rest_route=\/wp\/v2\/types\/post"}],"author":[{"embeddable":true,"href":"https:\/\/revistaepocadigital.com.ar\/index.php?rest_route=\/wp\/v2\/users\/3"}],"replies":[{"embeddable":true,"href":"https:\/\/revistaepocadigital.com.ar\/index.php?rest_route=%2Fwp%2Fv2%2Fcomments&post=8109"}],"version-history":[{"count":0,"href":"https:\/\/revistaepocadigital.com.ar\/index.php?rest_route=\/wp\/v2\/posts\/8109\/revisions"}],"wp:featuredmedia":[{"embeddable":true,"href":"https:\/\/revistaepocadigital.com.ar\/index.php?rest_route=\/wp\/v2\/media\/8111"}],"wp:attachment":[{"href":"https:\/\/revistaepocadigital.com.ar\/index.php?rest_route=%2Fwp%2Fv2%2Fmedia&parent=8109"}],"wp:term":[{"taxonomy":"category","embeddable":true,"href":"https:\/\/revistaepocadigital.com.ar\/index.php?rest_route=%2Fwp%2Fv2%2Fcategories&post=8109"},{"taxonomy":"post_tag","embeddable":true,"href":"https:\/\/revistaepocadigital.com.ar\/index.php?rest_route=%2Fwp%2Fv2%2Ftags&post=8109"}],"curies":[{"name":"wp","href":"https:\/\/api.w.org\/{rel}","templated":true}]}}