{"id":8153,"date":"2020-12-14T23:47:15","date_gmt":"2020-12-15T02:47:15","guid":{"rendered":"https:\/\/revistaepocadigital.com.ar\/?p=8153"},"modified":"2020-12-15T01:47:15","modified_gmt":"2020-12-15T04:47:15","slug":"en-2023-no-me-voy-a-presentar-a-mi-reeleccion-la-revelacion-del-intendente-nanni","status":"publish","type":"post","link":"https:\/\/revistaepocadigital.com.ar\/?p=8153","title":{"rendered":"&#8220;En el 2023, no me voy a presentar a mi reelecci\u00f3n. La revelaci\u00f3n del intendente Nanni"},"content":{"rendered":"<p><strong>EL TIEMPO PASA&#8230;<\/strong><!--more--><\/p>\n<p>El an\u00e1lisis del intendente<strong> Diego Nanni<\/strong> al cumplirse el primer a\u00f1o de gesti\u00f3n al frente de la <strong>Municipalidad de Exaltaci\u00f3n de la Cruz.<\/strong> Sumas y restas y una definici\u00f3n pol\u00edtica impactante, durante el transcurso del di\u00e1logo con <strong>EPOCA.<\/strong><\/p>\n<p>Lee.<\/p>\n<p><strong><em>. \u201cCuando comenzamos la gesti\u00f3n hace un a\u00f1o, planificamos las bases y objetivos prioritarios; la vivienda, educaci\u00f3n, trabajo, y desde la seguridad y la salud, y llevarlos a cabo con programas consistentes y realizables\u201d<\/em><\/strong>.<\/p>\n<p><em>. \u201cLa pandemia se nos present\u00f3 como un enorme desaf\u00edo, y la asumimos que enorme responsabilidad. Esto no signific\u00f3 que no avanz\u00e1ramos y pudi\u00e9ramos concretar logros de gran importancia; en obras p\u00fablicas podemos hablar del puente sobre las\u00a0 v\u00edas del Ferrocarril Mitre en Capilla del Se\u00f1or, proyecto apuntado a que no hubiera m\u00e1s vecinos que se inundaran como ocurri\u00f3 tantos a\u00f1os. Desde ya, del mismo modo se\u00a0 debe resaltar con el mismo orgullo, la nuevatecnolog\u00eda aplicada en el \u201cbasural\u201d, convertido en un complejo medioambiental para procesar residuos generados. Cerebro que haya sido Exaltaci\u00f3n de la Cruz, haya estado en la agenda provincial y nacional para poner en pr\u00e1ctica un emprendimiento que es un ejemplo, y en ese sentido hemos sido precursores en la Argentina. Ha sido muy importante que nuestro distrito, que no es de los m\u00e1s grandes en la provincia de Buenos Aires, y muchas veces no fue tenido en cuenta en a\u00f1os, esta vez s\u00ed, haya sido tenido en cuenta y sobretodo para mejorar la calidad de vida de nuestros vecinos. Lo concretado es un modelo pionero en el pa\u00eds, una punta de lanza\u201d.<\/em><\/p>\n<figure id=\"attachment_8159\" aria-describedby=\"caption-attachment-8159\" style=\"width: 512px\" class=\"wp-caption aligncenter\"><img loading=\"lazy\" decoding=\"async\" class=\"size-full wp-image-8159\" src=\"https:\/\/revistaepocadigital.com.ar\/wp-content\/uploads\/2020\/12\/nanni-puente.jpg\" alt=\"\" width=\"512\" height=\"341\" srcset=\"https:\/\/revistaepocadigital.com.ar\/wp-content\/uploads\/2020\/12\/nanni-puente.jpg 512w, https:\/\/revistaepocadigital.com.ar\/wp-content\/uploads\/2020\/12\/nanni-puente-300x200.jpg 300w\" sizes=\"auto, (max-width: 512px) 100vw, 512px\" \/><figcaption id=\"caption-attachment-8159\" class=\"wp-caption-text\"><span class=\"d2edcug0 hpfvmrgz qv66sw1b c1et5uql rrkovp55 a8c37x1j keod5gw0 nxhoafnm aigsh9s9 d3f4x2em fe6kdd0r mau55g9w c8b282yb iv3no6db gfeo3gy3 a3bd9o3v knj5qynh oo9gr5id\" dir=\"auto\">Contin\u00faan las obras en el FFCC Mitre, donde en el mes de mayo, con la presencia del gobernador Kicillof, se ampli\u00f3 la capacidad para el paso del agua, a partir de la apertura de dos nuevas bocas. Nanni en una reciente visita a la obra.<\/span><\/figcaption><\/figure>\n<p><strong><em>. \u201cComo mencion\u00e9 la pandemia se convirti\u00f3 en un serio problema, pero estoy convencido que dimos la mejor respuesta. En el hospital municipal, concretamos el sector Covid en tiempo y tuvo una importancia clave; cambiamos el sector vacunatorio, mejoramos los CAPs, etc; y el sistema de salud respondi\u00f3 como esper\u00e1bamos en un a\u00f1o tan at\u00edpico, demostrando todos su profesionalismo, capacidad y entrega\u201d.<\/em><\/strong><\/p>\n<p><em><strong>. <\/strong>\u201c\u00bfSi complic\u00f3 los planes previstos la aparici\u00f3n del coronavirus, cuando empec\u00e9 la gesti\u00f3n como intendente?; no, no complic\u00f3 los planes, trabajamos en todo si bien hubo cuestiones se debieron \u201ccorrerse\u201d hacia las sanitarias. De todas formas, no fue impedimento para que por ejemplo, coloc\u00e1ramos m\u00e1s de 1200 luces LED; para que en seguridad fueran sumados m\u00e1s patrulleros, postas policiales. En materia cultural, los centros en Cardales y Parada Robles, etc. Por eso digo que hicimos mucha, mucha gesti\u00f3n, por lo que la pandemia no modific\u00f3 las estrategias y planes fijados previamente\u201d.<\/em><\/p>\n<p><strong><em>. \u201cInsisto, la administraci\u00f3n municipal en lo que va sido mi primer a\u00f1o al frente del municipio, dio respuestas a todos y\u00a0 a todas las demandas pese a las consabidas dificultades econ\u00f3micas atravesadas. Una de las cuestiones a atender fue el aumento salarial al personal municipal, no pudo darse como nos hubiera gustado, incrementamos los sueldos un 15% y siempre con pagos en t\u00e9rmino\u201d<\/em>.<\/strong><\/p>\n<p><em>. \u201cNo, de ninguna manera realic\u00e9 gestiones ante el gobierno nacional y provincial, pensando en objetivos pol\u00edticos personales, para nada!\u201d. Lo que llevo adelante en este sentido, caminando pasillos, hablando con diferentes funcionarios, se vincula a continuar gestionando. Y as\u00ed<\/em>, <em>cuando funcionarios de <\/em><em>un ministerio, el gobernador de la provincia Axel Kicillof o hasta el mismo presidente Alberto Fern\u00e1ndez, comprenden que uno gestiona para la gente y ve que lo conseguido se aplica a los fines espec\u00edficos, eso nos permite continuar afianzando los v\u00ednculos y nos continuar tocando puertas para resolver problemas. Si desde el gobierno nacional o provincial perciben que actuamos con seriedad en la gesti\u00f3n y damos respuestas a la gente, eso aumenta nuestra credibilidad. Por eso, hay que continuar recorriendo pasillos y siendo coherentes\u201d.<\/em><\/p>\n<p><img loading=\"lazy\" decoding=\"async\" class=\"size-full wp-image-8157\" style=\"text-align: center;\" src=\"https:\/\/revistaepocadigital.com.ar\/wp-content\/uploads\/2020\/12\/NANNI-FERNANDEZ-20.jpg\" alt=\"\" width=\"624\" height=\"468\" srcset=\"https:\/\/revistaepocadigital.com.ar\/wp-content\/uploads\/2020\/12\/NANNI-FERNANDEZ-20.jpg 624w, https:\/\/revistaepocadigital.com.ar\/wp-content\/uploads\/2020\/12\/NANNI-FERNANDEZ-20-300x225.jpg 300w, https:\/\/revistaepocadigital.com.ar\/wp-content\/uploads\/2020\/12\/NANNI-FERNANDEZ-20-80x60.jpg 80w, https:\/\/revistaepocadigital.com.ar\/wp-content\/uploads\/2020\/12\/NANNI-FERNANDEZ-20-160x120.jpg 160w, https:\/\/revistaepocadigital.com.ar\/wp-content\/uploads\/2020\/12\/NANNI-FERNANDEZ-20-265x198.jpg 265w, https:\/\/revistaepocadigital.com.ar\/wp-content\/uploads\/2020\/12\/NANNI-FERNANDEZ-20-560x420.jpg 560w\" sizes=\"auto, (max-width: 624px) 100vw, 624px\" \/><\/p>\n<h6><em><span class=\"d2edcug0 hpfvmrgz qv66sw1b c1et5uql rrkovp55 a8c37x1j keod5gw0 nxhoafnm aigsh9s9 d3f4x2em fe6kdd0r mau55g9w c8b282yb iv3no6db gfeo3gy3 a3bd9o3v knj5qynh oo9gr5id\" dir=\"auto\">Nanni junto al presidente <\/span>Alberto Fern\u00e1ndez, tambi\u00e9n el <span class=\"d2edcug0 hpfvmrgz qv66sw1b c1et5uql rrkovp55 a8c37x1j keod5gw0 nxhoafnm aigsh9s9 d3f4x2em fe6kdd0r mau55g9w c8b282yb iv3no6db gfeo3gy3 a3bd9o3v knj5qynh oo9gr5id\" dir=\"auto\">gobernador <\/span>Axel Kicillof, <span class=\"d2edcug0 hpfvmrgz qv66sw1b c1et5uql rrkovp55 a8c37x1j keod5gw0 nxhoafnm aigsh9s9 d3f4x2em fe6kdd0r mau55g9w c8b282yb iv3no6db gfeo3gy3 a3bd9o3v knj5qynh oo9gr5id\" dir=\"auto\">\u00a0autoridades nacionales y provinciales, intendentes de otros\u00a0 distritos, durante\u00a0 la celebraci\u00f3n del D\u00eda de la Soberan\u00eda Nacional en San Pedro.<\/span><\/em><\/h6>\n<p><strong><em>. \u201cEl verano que tenemos sobre nosotros, en lo que respecta a Exaltaci\u00f3n de la\u00a0 Cruz, es evidente que estar\u00e1 muy, muy concurrido con visitantes. Por eso, nos hemos estado preparando por ejemplo, en materia de seguridad, y conseguido un logro para tener muy en cuentra. Nuestro distrito, por disposici\u00f3n del Ministerio de Seguridad, ha sido inclu\u00eddo en el Operativo Sol. Esto significa que contaremos con 45 agentes policiales m\u00e1s, tambi\u00e9n agentes federales y m\u00e1s patrulleros. Exaltaci\u00f3n de la Cruz, seg\u00fan estimaciones, triplicar\u00e1 la poblaci\u00f3n durante este verano\u201d.<\/em><\/strong><\/p>\n<p><em>. \u201c\u00bfHablar de pol\u00edtica?, no tengo problemas. No, en absoluto, no dejar\u00e9 mi\u00a0 cargo de intendente mientras dure el per\u00edodo de mi mandato; y\u00a0 aclaro al respecto que no he recibido ofrecimiento alguno, ni una insinuaci\u00f3n, nada\u201d.<\/em><\/p>\n<p style=\"text-align: center;\"><em><strong>. \u201cAs\u00ed como digo que no dejar\u00e9 mi cargo de intendente hasta 2023. Una vez que finalice mi per\u00edodo como intendente, entonces s\u00ed, en caso de recibir un ofrecimiento a nivel<\/strong><\/em> <strong><em>provincial o nacional, lo analizar\u00eda dado que no buscar\u00e9 mi reelecci\u00f3n como intendente; no me voy a presentar para mi reelecci\u00f3n. Considero que tambi\u00e9n podr\u00e9 continuar sumando para Exaltaci\u00f3n de la Cruz desde otro lugar. En tal sentido, repito, mientras dure mi mandato, no dejar\u00e9 el cargo de intendente y seguir\u00e9 poniendo como hasta el momento, mi mayor esfuerzo. Pero bueno, no vale adelantarse m\u00e1s, a\u00fan falta correr mucha agua bajo el puente\u201d<\/em><\/strong>.<\/p>\n<p>El intendente <strong>Nanni<\/strong>, a un a\u00f1o de comenzada la gesti\u00f3n como intendente, con la pandemia en el medio y la visi\u00f3n <strong>reveladora<\/strong> de su futuro pol\u00edtico.<\/p>\n<p>&nbsp;<\/p>\n","protected":false},"excerpt":{"rendered":"<p>EL TIEMPO PASA&#8230;<\/p>\n","protected":false},"author":4,"featured_media":8161,"comment_status":"open","ping_status":"open","sticky":false,"template":"","format":"standard","meta":{"footnotes":"","jetpack_publicize_message":"","jetpack_publicize_feature_enabled":true,"jetpack_social_post_already_shared":false,"jetpack_social_options":{"image_generator_settings":{"template":"highway","default_image_id":0,"font":"","enabled":false},"version":2}},"categories":[17],"tags":[1115,66,1114],"class_list":["post-8153","post","type-post","status-publish","format-standard","has-post-thumbnail","hentry","category-politica","tag-elecciones-2023","tag-nanni","tag-un-ano-de-gestion"],"jetpack_publicize_connections":[],"jetpack_featured_media_url":"https:\/\/revistaepocadigital.com.ar\/wp-content\/uploads\/2020\/12\/NANNI-FB20.jpg","jetpack_likes_enabled":true,"_links":{"self":[{"href":"https:\/\/revistaepocadigital.com.ar\/index.php?rest_route=\/wp\/v2\/posts\/8153","targetHints":{"allow":["GET"]}}],"collection":[{"href":"https:\/\/revistaepocadigital.com.ar\/index.php?rest_route=\/wp\/v2\/posts"}],"about":[{"href":"https:\/\/revistaepocadigital.com.ar\/index.php?rest_route=\/wp\/v2\/types\/post"}],"author":[{"embeddable":true,"href":"https:\/\/revistaepocadigital.com.ar\/index.php?rest_route=\/wp\/v2\/users\/4"}],"replies":[{"embeddable":true,"href":"https:\/\/revistaepocadigital.com.ar\/index.php?rest_route=%2Fwp%2Fv2%2Fcomments&post=8153"}],"version-history":[{"count":0,"href":"https:\/\/revistaepocadigital.com.ar\/index.php?rest_route=\/wp\/v2\/posts\/8153\/revisions"}],"wp:featuredmedia":[{"embeddable":true,"href":"https:\/\/revistaepocadigital.com.ar\/index.php?rest_route=\/wp\/v2\/media\/8161"}],"wp:attachment":[{"href":"https:\/\/revistaepocadigital.com.ar\/index.php?rest_route=%2Fwp%2Fv2%2Fmedia&parent=8153"}],"wp:term":[{"taxonomy":"category","embeddable":true,"href":"https:\/\/revistaepocadigital.com.ar\/index.php?rest_route=%2Fwp%2Fv2%2Fcategories&post=8153"},{"taxonomy":"post_tag","embeddable":true,"href":"https:\/\/revistaepocadigital.com.ar\/index.php?rest_route=%2Fwp%2Fv2%2Ftags&post=8153"}],"curies":[{"name":"wp","href":"https:\/\/api.w.org\/{rel}","templated":true}]}}