{"id":8168,"date":"2020-12-12T01:03:44","date_gmt":"2020-12-12T04:03:44","guid":{"rendered":"https:\/\/revistaepocadigital.com.ar\/?p=8168"},"modified":"2020-12-12T01:06:19","modified_gmt":"2020-12-12T04:06:19","slug":"un-hombre-pescaba-tarjetas-en-los-cajeros","status":"publish","type":"post","link":"https:\/\/revistaepocadigital.com.ar\/?p=8168","title":{"rendered":"UN HOMBRE \u201cPESCABA\u201d TARJETAS EN LOS CAJEROS"},"content":{"rendered":"<div class=\"\" dir=\"auto\">\n<div id=\"jsc_c_la\" class=\"ecm0bbzt hv4rvrfc ihqw7lf3 dati1w0a\" data-ad-comet-preview=\"message\" data-ad-preview=\"message\">\n<div class=\"j83agx80 cbu4d94t ew0dbk1b irj2b8pg\">\n<div class=\"qzhwtbm6 knvmm38d\">\n<div class=\"kvgmc6g5 cxmmr5t8 oygrvhab hcukyx3x c1et5uql ii04i59q\">\n<div dir=\"auto\"><strong>LO DETUVIERON.<!--more--><\/strong><\/div>\n<div dir=\"auto\"><\/div>\n<\/div>\n<div class=\"o9v6fnle cxmmr5t8 oygrvhab hcukyx3x c1et5uql ii04i59q\">\n<div dir=\"auto\">La polic\u00eda de Exaltaci\u00f3n de la Cruz y el Grupo Antifraude de la Polic\u00eda Federal detuvo en las \u00faltimas horas a un ciudadano chileno, residente en el barrio Los Cardos de Los Cardales, por \u201cpescar\u201d tarjetas en los cajeros autom\u00e1ticos.<\/div>\n<div dir=\"auto\"><\/div>\n<\/div>\n<div class=\"o9v6fnle cxmmr5t8 oygrvhab hcukyx3x c1et5uql ii04i59q\">\n<div dir=\"auto\">El individuo fue apresado cuando se desplazaba en su veh\u00edculo. Dentro del rodado se logr\u00f3 incautar aparatos y tecnolog\u00eda asociada a este il\u00edcito, como as\u00ed tambi\u00e9n un frente falso de un cajero autom\u00e1tico. De inmediato se allan\u00f3 el domicilio del sujeto, en Los Cardos, donde se encontr\u00f3 un \u201claboratorio\u201d destinado a la impresi\u00f3n y duplicaci\u00f3n de tarjetas magn\u00e9ticas, con el fin de estafar a los titulares de cuentas.<\/div>\n<div dir=\"auto\"><\/div>\n<div dir=\"auto\">Tanto el detenido, los elementos secuestrados y el veh\u00edculo en que se desplazaba fueron puestos a disposici\u00f3n de la Justicia, bajo la custodia de la Divisi\u00f3n Antifraude de la Polic\u00eda Federal Argentina.<\/div>\n<\/div>\n<\/div>\n<\/div>\n<\/div>\n<\/div>\n<p>&nbsp;<\/p>\n","protected":false},"excerpt":{"rendered":"<p>LO DETUVIERON.<\/p>\n","protected":false},"author":3,"featured_media":8169,"comment_status":"open","ping_status":"open","sticky":false,"template":"","format":"standard","meta":{"footnotes":"","jetpack_publicize_message":"","jetpack_publicize_feature_enabled":true,"jetpack_social_post_already_shared":false,"jetpack_social_options":{"image_generator_settings":{"template":"highway","default_image_id":0,"font":"","enabled":false},"version":2}},"categories":[4],"tags":[],"class_list":["post-8168","post","type-post","status-publish","format-standard","has-post-thumbnail","hentry","category-aqui-los-cardales"],"jetpack_publicize_connections":[],"jetpack_featured_media_url":"https:\/\/revistaepocadigital.com.ar\/wp-content\/uploads\/2020\/12\/131217758_3914167128636217_3119566287949256850_o.jpg","jetpack_likes_enabled":true,"_links":{"self":[{"href":"https:\/\/revistaepocadigital.com.ar\/index.php?rest_route=\/wp\/v2\/posts\/8168","targetHints":{"allow":["GET"]}}],"collection":[{"href":"https:\/\/revistaepocadigital.com.ar\/index.php?rest_route=\/wp\/v2\/posts"}],"about":[{"href":"https:\/\/revistaepocadigital.com.ar\/index.php?rest_route=\/wp\/v2\/types\/post"}],"author":[{"embeddable":true,"href":"https:\/\/revistaepocadigital.com.ar\/index.php?rest_route=\/wp\/v2\/users\/3"}],"replies":[{"embeddable":true,"href":"https:\/\/revistaepocadigital.com.ar\/index.php?rest_route=%2Fwp%2Fv2%2Fcomments&post=8168"}],"version-history":[{"count":0,"href":"https:\/\/revistaepocadigital.com.ar\/index.php?rest_route=\/wp\/v2\/posts\/8168\/revisions"}],"wp:featuredmedia":[{"embeddable":true,"href":"https:\/\/revistaepocadigital.com.ar\/index.php?rest_route=\/wp\/v2\/media\/8169"}],"wp:attachment":[{"href":"https:\/\/revistaepocadigital.com.ar\/index.php?rest_route=%2Fwp%2Fv2%2Fmedia&parent=8168"}],"wp:term":[{"taxonomy":"category","embeddable":true,"href":"https:\/\/revistaepocadigital.com.ar\/index.php?rest_route=%2Fwp%2Fv2%2Fcategories&post=8168"},{"taxonomy":"post_tag","embeddable":true,"href":"https:\/\/revistaepocadigital.com.ar\/index.php?rest_route=%2Fwp%2Fv2%2Ftags&post=8168"}],"curies":[{"name":"wp","href":"https:\/\/api.w.org\/{rel}","templated":true}]}}