{"id":8183,"date":"2020-12-13T18:23:16","date_gmt":"2020-12-13T21:23:16","guid":{"rendered":"https:\/\/revistaepocadigital.com.ar\/?p=8183"},"modified":"2020-12-13T18:23:16","modified_gmt":"2020-12-13T21:23:16","slug":"seis-nuevos-leones","status":"publish","type":"post","link":"https:\/\/revistaepocadigital.com.ar\/?p=8183","title":{"rendered":"Seis nuevos Leones"},"content":{"rendered":"<p><strong>SE AGRANDA M\u00c1S LA FAMILIA LEON\u00cdSTICA DE CAPILLA DEL SE\u00d1OR.<\/strong><!--more--><\/p>\n<p>Se sumaron 6 nuevas voluntades a las filas del leonismo y una a las del Leoismo. En una reuni\u00f3n en la que combinaron las formas presencial y virtual, autoridades distritales y el presidente de los Leones de Capilla, tomaron juramento a<br \/>\nDaniela Rita BORJA<br \/>\nGilda Mar\u00eda del Lujan GARCIA<br \/>\nEvelin Gisele VERA GALARZA<br \/>\nMatias Federico VICTORICA<br \/>\nNancy Beatriz BIANCHI<br \/>\nM\u00f3nica Miriam CENIZZE<\/p>\n<p>Las dos \u00faltimas pertenecientes a la filial Campana, y el Leo Alejandro Cepeda. Todos pasaron formalmente a ser parte del leonismo, el movimiento de servicio mas grande del planeta.<\/p>\n<p><img loading=\"lazy\" decoding=\"async\" class=\"aligncenter size-full wp-image-8185\" src=\"https:\/\/revistaepocadigital.com.ar\/wp-content\/uploads\/2020\/12\/leo2.jpg\" alt=\"\" width=\"593\" height=\"516\" srcset=\"https:\/\/revistaepocadigital.com.ar\/wp-content\/uploads\/2020\/12\/leo2.jpg 593w, https:\/\/revistaepocadigital.com.ar\/wp-content\/uploads\/2020\/12\/leo2-300x261.jpg 300w, https:\/\/revistaepocadigital.com.ar\/wp-content\/uploads\/2020\/12\/leo2-483x420.jpg 483w\" sizes=\"auto, (max-width: 593px) 100vw, 593px\" \/><\/p>\n<p>Desde el Club de Leones de Capilla hicieron saber su agradecimiento por la presencia de la gobernadora de distrito Marcela Martinez, el vicegobernador 1ro Oscar Freccero, la vicegobernadora 2da Liliana Civitillo, el pasado gobernador, Le\u00f3n de Capilla del Se\u00f1or, Agust\u00edn Orlando, el presidente distrital Leo Ezequiel Laguzzi su vicepresidente Camila Guti\u00e9rrez, el jefe regi\u00f3n Pedro Etchegoyen, el asesor Leo Gonzalo Roldan y presidente de la filial Campana, Gabriela Fuentes.<\/p>\n","protected":false},"excerpt":{"rendered":"<p>SE AGRANDA M\u00c1S LA FAMILIA LEON\u00cdSTICA DE CAPILLA DEL SE\u00d1OR.<\/p>\n","protected":false},"author":4,"featured_media":8184,"comment_status":"open","ping_status":"open","sticky":false,"template":"","format":"standard","meta":{"footnotes":"","jetpack_publicize_message":"","jetpack_publicize_feature_enabled":true,"jetpack_social_post_already_shared":false,"jetpack_social_options":{"image_generator_settings":{"template":"highway","default_image_id":0,"font":"","enabled":false},"version":2}},"categories":[6,11],"tags":[1117],"class_list":["post-8183","post","type-post","status-publish","format-standard","has-post-thumbnail","hentry","category-barrios","category-entidades","tag-asumieron-nuevos-leones"],"jetpack_publicize_connections":[],"jetpack_featured_media_url":"https:\/\/revistaepocadigital.com.ar\/wp-content\/uploads\/2020\/12\/leo.jpg","jetpack_likes_enabled":true,"_links":{"self":[{"href":"https:\/\/revistaepocadigital.com.ar\/index.php?rest_route=\/wp\/v2\/posts\/8183","targetHints":{"allow":["GET"]}}],"collection":[{"href":"https:\/\/revistaepocadigital.com.ar\/index.php?rest_route=\/wp\/v2\/posts"}],"about":[{"href":"https:\/\/revistaepocadigital.com.ar\/index.php?rest_route=\/wp\/v2\/types\/post"}],"author":[{"embeddable":true,"href":"https:\/\/revistaepocadigital.com.ar\/index.php?rest_route=\/wp\/v2\/users\/4"}],"replies":[{"embeddable":true,"href":"https:\/\/revistaepocadigital.com.ar\/index.php?rest_route=%2Fwp%2Fv2%2Fcomments&post=8183"}],"version-history":[{"count":0,"href":"https:\/\/revistaepocadigital.com.ar\/index.php?rest_route=\/wp\/v2\/posts\/8183\/revisions"}],"wp:featuredmedia":[{"embeddable":true,"href":"https:\/\/revistaepocadigital.com.ar\/index.php?rest_route=\/wp\/v2\/media\/8184"}],"wp:attachment":[{"href":"https:\/\/revistaepocadigital.com.ar\/index.php?rest_route=%2Fwp%2Fv2%2Fmedia&parent=8183"}],"wp:term":[{"taxonomy":"category","embeddable":true,"href":"https:\/\/revistaepocadigital.com.ar\/index.php?rest_route=%2Fwp%2Fv2%2Fcategories&post=8183"},{"taxonomy":"post_tag","embeddable":true,"href":"https:\/\/revistaepocadigital.com.ar\/index.php?rest_route=%2Fwp%2Fv2%2Ftags&post=8183"}],"curies":[{"name":"wp","href":"https:\/\/api.w.org\/{rel}","templated":true}]}}