{"id":8187,"date":"2020-12-13T20:53:07","date_gmt":"2020-12-13T23:53:07","guid":{"rendered":"https:\/\/revistaepocadigital.com.ar\/?p=8187"},"modified":"2020-12-13T20:53:07","modified_gmt":"2020-12-13T23:53:07","slug":"los-bomberos-el-encuentro-de-fin-de-ano-luego-de-un-2020-muy-complicado","status":"publish","type":"post","link":"https:\/\/revistaepocadigital.com.ar\/?p=8187","title":{"rendered":"Los Bomberos, el encuentro de fin de a\u00f1o luego de un 2020 muy complicado"},"content":{"rendered":"<div class=\"\" dir=\"auto\">\n<div id=\"jsc_c_mj\" class=\"ecm0bbzt hv4rvrfc ihqw7lf3 dati1w0a\" data-ad-comet-preview=\"message\" data-ad-preview=\"message\">\n<div class=\"j83agx80 cbu4d94t ew0dbk1b irj2b8pg\">\n<div class=\"qzhwtbm6 knvmm38d\">\n<div class=\"kvgmc6g5 cxmmr5t8 oygrvhab hcukyx3x c1et5uql ii04i59q\">\n<div dir=\"auto\"><strong>QUE NO PERMITI\u00d3 HACER MUCHAS COSAS.<!--more--><\/strong><\/div>\n<div dir=\"auto\"><\/div>\n<div dir=\"auto\">Han sostenido desde el Bomberos Voluntarios de Los Cardales en ocasi\u00f3n del encuentro que, cumpliendo con los protocolos vigentes, tuvo lugar en el cuartel de la instituci\u00f3n.<\/div>\n<div dir=\"auto\"><\/div>\n<div dir=\"auto\">En la reuni\u00f3n concretada estuvieron entre otros, el intendente Diego Nanni, el director de gobierno, Matias Azzalini,\u00a0 el delegado de Los Cardales Oscar Gianfelice, el contador Juan Dias. A su vez, la presidente de la comisi\u00f3n directiva de Capilla del Se\u00f1or, Emilia Vel\u00e1zquez,\u00a0 el jefe del cuerpo activo comandante Carlos Etcheverri, una acotada delegaci\u00f3n de bomberos, miembros de la directiva y cuerpo activo de Los Cardales.<\/div>\n<div dir=\"auto\"><\/div>\n<div dir=\"auto\">Se vivieron emotivos momentos &#8220;recordando a los que ya no nos acompa\u00f1an f\u00edsicamente pero s\u00ed espiritualmente: bomberos, miembros de comisi\u00f3n directiva y familiares&#8221;, comentaron desde los Bomberos cardalenses.<\/div>\n<\/div>\n<div dir=\"auto\"><img loading=\"lazy\" decoding=\"async\" class=\"aligncenter size-full wp-image-8191\" src=\"https:\/\/revistaepocadigital.com.ar\/wp-content\/uploads\/2020\/12\/bombe-car2.jpg\" alt=\"\" width=\"576\" height=\"272\" srcset=\"https:\/\/revistaepocadigital.com.ar\/wp-content\/uploads\/2020\/12\/bombe-car2.jpg 576w, https:\/\/revistaepocadigital.com.ar\/wp-content\/uploads\/2020\/12\/bombe-car2-300x142.jpg 300w\" sizes=\"auto, (max-width: 576px) 100vw, 576px\" \/><\/div>\n<div class=\"kvgmc6g5 cxmmr5t8 oygrvhab hcukyx3x c1et5uql ii04i59q\">\n<div dir=\"auto\">Se descubrieron placas por los 10 a\u00f1os de la instituci\u00f3n y se entreg\u00f3 una placa al personal que conformaron las filas desde la fundaci\u00f3n a la actualidad. Hablron el presidente Javier Bonzi, el jefe del cuerpo activo Marcelo Auhad y el intendente Municipal.<\/div>\n<div dir=\"auto\"><\/div>\n<div dir=\"auto\">Tambi\u00e9n se concret\u00f3 la donaci\u00f3n a los Bomberos Voluntarios de Exaltaci\u00f3n de la Cruz, de una camioneta Ford F100 que el jefe de cuerpo dispuso que prestar\u00e1 servicio en el Destacamento 1 de Parada Robles. Por otro lado se conocieron los ascensos del personal y no falt\u00f3 el tradicional brindis con motivo de las fiestas.<\/div>\n<\/div>\n<\/div>\n<\/div>\n<\/div>\n<\/div>\n<p>&nbsp;<\/p>\n","protected":false},"excerpt":{"rendered":"<p>QUE NO PERMITI\u00d3 HACER MUCHAS COSAS.<\/p>\n","protected":false},"author":4,"featured_media":8190,"comment_status":"open","ping_status":"open","sticky":false,"template":"","format":"standard","meta":{"footnotes":"","jetpack_publicize_message":"","jetpack_publicize_feature_enabled":true,"jetpack_social_post_already_shared":false,"jetpack_social_options":{"image_generator_settings":{"template":"highway","default_image_id":0,"font":"","enabled":false},"version":2}},"categories":[4],"tags":[1118],"class_list":["post-8187","post","type-post","status-publish","format-standard","has-post-thumbnail","hentry","category-aqui-los-cardales","tag-bomberos-cardales"],"jetpack_publicize_connections":[],"jetpack_featured_media_url":"https:\/\/revistaepocadigital.com.ar\/wp-content\/uploads\/2020\/12\/bombe-carda.jpg","jetpack_likes_enabled":true,"_links":{"self":[{"href":"https:\/\/revistaepocadigital.com.ar\/index.php?rest_route=\/wp\/v2\/posts\/8187","targetHints":{"allow":["GET"]}}],"collection":[{"href":"https:\/\/revistaepocadigital.com.ar\/index.php?rest_route=\/wp\/v2\/posts"}],"about":[{"href":"https:\/\/revistaepocadigital.com.ar\/index.php?rest_route=\/wp\/v2\/types\/post"}],"author":[{"embeddable":true,"href":"https:\/\/revistaepocadigital.com.ar\/index.php?rest_route=\/wp\/v2\/users\/4"}],"replies":[{"embeddable":true,"href":"https:\/\/revistaepocadigital.com.ar\/index.php?rest_route=%2Fwp%2Fv2%2Fcomments&post=8187"}],"version-history":[{"count":0,"href":"https:\/\/revistaepocadigital.com.ar\/index.php?rest_route=\/wp\/v2\/posts\/8187\/revisions"}],"wp:featuredmedia":[{"embeddable":true,"href":"https:\/\/revistaepocadigital.com.ar\/index.php?rest_route=\/wp\/v2\/media\/8190"}],"wp:attachment":[{"href":"https:\/\/revistaepocadigital.com.ar\/index.php?rest_route=%2Fwp%2Fv2%2Fmedia&parent=8187"}],"wp:term":[{"taxonomy":"category","embeddable":true,"href":"https:\/\/revistaepocadigital.com.ar\/index.php?rest_route=%2Fwp%2Fv2%2Fcategories&post=8187"},{"taxonomy":"post_tag","embeddable":true,"href":"https:\/\/revistaepocadigital.com.ar\/index.php?rest_route=%2Fwp%2Fv2%2Ftags&post=8187"}],"curies":[{"name":"wp","href":"https:\/\/api.w.org\/{rel}","templated":true}]}}