{"id":8221,"date":"2020-12-16T00:55:43","date_gmt":"2020-12-16T03:55:43","guid":{"rendered":"https:\/\/revistaepocadigital.com.ar\/?p=8221"},"modified":"2020-12-16T00:57:37","modified_gmt":"2020-12-16T03:57:37","slug":"el-club-social-deportivo-capilla-cuando-el-esfuerzo-es-un-denominador-comun","status":"publish","type":"post","link":"https:\/\/revistaepocadigital.com.ar\/?p=8221","title":{"rendered":"El Club Social Deportivo Capilla, cuando el esfuerzo es un denominador com\u00fan"},"content":{"rendered":"<div class=\"I_52qC D_FY W_6D6F\" data-test-id=\"message-view-body\">\n<div class=\"msg-body P_wpofO mq_AS\" data-test-id=\"message-view-body-content\">\n<div class=\"jb_0 X_6MGW N_6Fd5\">\n<div id=\"yiv8041629070\">\n<div><strong><img loading=\"lazy\" decoding=\"async\" class=\"aligncenter size-large wp-image-8226\" src=\"https:\/\/revistaepocadigital.com.ar\/wp-content\/uploads\/2020\/12\/campi-1-1200x1104.jpg\" alt=\"\" width=\"696\" height=\"640\" srcset=\"https:\/\/revistaepocadigital.com.ar\/wp-content\/uploads\/2020\/12\/campi-1-1200x1104.jpg 1200w, https:\/\/revistaepocadigital.com.ar\/wp-content\/uploads\/2020\/12\/campi-1-300x276.jpg 300w, https:\/\/revistaepocadigital.com.ar\/wp-content\/uploads\/2020\/12\/campi-1-768x707.jpg 768w, https:\/\/revistaepocadigital.com.ar\/wp-content\/uploads\/2020\/12\/campi-1-696x640.jpg 696w, https:\/\/revistaepocadigital.com.ar\/wp-content\/uploads\/2020\/12\/campi-1-1068x983.jpg 1068w, https:\/\/revistaepocadigital.com.ar\/wp-content\/uploads\/2020\/12\/campi-1-456x420.jpg 456w, https:\/\/revistaepocadigital.com.ar\/wp-content\/uploads\/2020\/12\/campi-1-913x840.jpg 913w, https:\/\/revistaepocadigital.com.ar\/wp-content\/uploads\/2020\/12\/campi-1.jpg 1440w\" sizes=\"auto, (max-width: 696px) 100vw, 696px\" \/>UN LUGAR IDEAL PARA LOS DEPORTES Y LA VIDA AL AIRE LIBRE.<br \/>\n<!--more--><\/strong><\/div>\n<div><\/div>\n<div>En Exaltaci\u00f3n de la Cruz, por suerte, abundan ejemplos de vecinos de todas las edades, trabajando en entidades de bien p\u00fablico, deportivas, sociales, culturales, con el principal objetivo de hacer cosas en beneficio de la comunidad.<\/div>\n<div><\/div>\n<div>El <strong>Club Social Deportivo Capilla<\/strong>, es otro de los ejemplos valiosos para destacar en Exaltaci\u00f3n de la Cruz. La instituci\u00f3n naci\u00f3n en 201,4 con el objetivo de brindar un espacio que posibilitase el desarrollo del f\u00fatbol en Exaltaci\u00f3n de la Cruz.<\/div>\n<div><\/div>\n<div>El Club en el terreno deportivo propiamente dicho, participa con el representativo de f\u00fatbol, en la Liga Deportiva de San Antonio de Areco, donde compite con nueve divisiones. Desde Infantiles hasta Primera Divisi\u00f3n. A su vez, desde enero de 2020, la entidad sum\u00f3 cinco categor\u00edas de Hockey femenino.<\/div>\n<div><\/div>\n<div>A su vez, el 26 de noviembre del a\u00f1o pasado,<em> &#8220;se produjo un hecho hist\u00f3rico nuestra la joven instituci\u00f3n&#8221;,<\/em> han comentado directivos. Mediante una normativa aprobada por el Concejo Deliberante local, el Deportivo obtuvo la cesi\u00f3n de los terrenos que comprenden el tan popular Camping Municipal a la vera del Arroyo de la Cruz, en uno de los sectores m\u00e1s pintorescos y receptivos de Capilla del Se\u00f1or.<\/div>\n<\/div>\n<div><\/div>\n<div id=\"yiv8041629070\">\n<div><\/div>\n<div>El predio cuenta con dos canchas de f\u00fatbol, y dos zonas para acampar bien distinguidas. Una de estas, permiti\u00f3 a directivos de murgas carnavalescas locales, comprobar; lo cual le permiti\u00f3 a los dirigentes del <em>murguero<\/em> so\u00f1ar con recuperar un lugar hist\u00f3rico para los vecinos del distrito.<\/div>\n<div><\/div>\n<div>El peque\u00f1o sue\u00f1o de un grupo de apasionados, se vio condicionado durante este a\u00f1o en el que la pandemia ha azotado al pa\u00eds, como a gran parte del mundo. Adem\u00e1s de tener que cerrar las puertas del club durante m\u00e1s de ocho meses, durante el per\u00edodo de aislamiento preventivo, la instituci\u00f3n <em>murguera<\/em> sufri\u00f3 tres robos, los que no s\u00f3lo orginarons p\u00e9rdidas por m\u00e1s de medio mill\u00f3n de pesos, sino tambi\u00e9n, se dio que un malviviente destruy\u00f3 las parrillas por completo.<\/div>\n<div><\/div>\n<div>Sin embargo, con mucho esfuerzo y gracias a la colaboraci\u00f3n de los vecinos, el club logr\u00f3 sobreponerse a estos sinsabores, y hace unos d\u00edas (5\/12), el Club logr\u00f3 completar el primer tramo de obras. De esa forma, fue reinaugurada una de las dos zonas para acampar con las que cuenta el predio, ideal para disfrutar de la vida al aire libre y uno de los sitios m\u00e1s concurridos por visitantes que llegan a Capilla del Se\u00f1or.<\/div>\n<div><\/div>\n<div><em>&#8220;Este proyect\u00f3 implic\u00f3 la reconstrucci\u00f3n total de 25 parrillas y 52 mesas; cambio completo de la instalaci\u00f3n el\u00e9ctrica, acondicionamiento de ocho ba\u00f1os, y trabajos de pintura generales en cada uno de los sectores disponibles para el visitante&#8221;<\/em>, coincidieron en afirmar directivos del club.<\/div>\n<div>.<\/div>\n<div>A medida que transcurran las semanas, el Club planifica habilitar por completo las zonas destinadas para acampar. De esta manera, considera la dirigencia, <em>&#8220;estar en condiciones de centrar todos los esfuerzos en el mayor sue\u00f1o de esta comisi\u00f3n: el estadio propio&#8221;<\/em>.<\/div>\n<\/div>\n<\/div>\n<\/div>\n<div class=\"jb_0 X_6MGW N_6Fd5\"><\/div>\n<\/div>\n","protected":false},"excerpt":{"rendered":"<p>UN LUGAR IDEAL PARA LOS DEPORTES Y LA VIDA AL AIRE LIBRE.<\/p>\n","protected":false},"author":4,"featured_media":8166,"comment_status":"open","ping_status":"open","sticky":false,"template":"","format":"standard","meta":{"footnotes":"","jetpack_publicize_message":"","jetpack_publicize_feature_enabled":true,"jetpack_social_post_already_shared":false,"jetpack_social_options":{"image_generator_settings":{"template":"highway","default_image_id":0,"font":"","enabled":false},"version":2}},"categories":[9],"tags":[513,344],"class_list":["post-8221","post","type-post","status-publish","format-standard","has-post-thumbnail","hentry","category-deportes","tag-club-social-y-deportivo-capilla","tag-obras"],"jetpack_publicize_connections":[],"jetpack_featured_media_url":"https:\/\/revistaepocadigital.com.ar\/wp-content\/uploads\/2020\/12\/campi.jpg","jetpack_likes_enabled":true,"_links":{"self":[{"href":"https:\/\/revistaepocadigital.com.ar\/index.php?rest_route=\/wp\/v2\/posts\/8221","targetHints":{"allow":["GET"]}}],"collection":[{"href":"https:\/\/revistaepocadigital.com.ar\/index.php?rest_route=\/wp\/v2\/posts"}],"about":[{"href":"https:\/\/revistaepocadigital.com.ar\/index.php?rest_route=\/wp\/v2\/types\/post"}],"author":[{"embeddable":true,"href":"https:\/\/revistaepocadigital.com.ar\/index.php?rest_route=\/wp\/v2\/users\/4"}],"replies":[{"embeddable":true,"href":"https:\/\/revistaepocadigital.com.ar\/index.php?rest_route=%2Fwp%2Fv2%2Fcomments&post=8221"}],"version-history":[{"count":0,"href":"https:\/\/revistaepocadigital.com.ar\/index.php?rest_route=\/wp\/v2\/posts\/8221\/revisions"}],"wp:featuredmedia":[{"embeddable":true,"href":"https:\/\/revistaepocadigital.com.ar\/index.php?rest_route=\/wp\/v2\/media\/8166"}],"wp:attachment":[{"href":"https:\/\/revistaepocadigital.com.ar\/index.php?rest_route=%2Fwp%2Fv2%2Fmedia&parent=8221"}],"wp:term":[{"taxonomy":"category","embeddable":true,"href":"https:\/\/revistaepocadigital.com.ar\/index.php?rest_route=%2Fwp%2Fv2%2Fcategories&post=8221"},{"taxonomy":"post_tag","embeddable":true,"href":"https:\/\/revistaepocadigital.com.ar\/index.php?rest_route=%2Fwp%2Fv2%2Ftags&post=8221"}],"curies":[{"name":"wp","href":"https:\/\/api.w.org\/{rel}","templated":true}]}}