{"id":8231,"date":"2020-12-16T16:11:40","date_gmt":"2020-12-16T19:11:40","guid":{"rendered":"https:\/\/revistaepocadigital.com.ar\/?p=8231"},"modified":"2020-12-16T16:13:17","modified_gmt":"2020-12-16T19:13:17","slug":"vencimiento-de-los-carnet-para-manejar-otra-prorroga","status":"publish","type":"post","link":"https:\/\/revistaepocadigital.com.ar\/?p=8231","title":{"rendered":"Vencimiento de los carnet para manejar, otra pr\u00f3rroga."},"content":{"rendered":"<p><strong>LA DIRECCION PROVINCIAL DE POL\u00cdTICA Y SEGURIDAD VIAL<\/strong>.<!--more--><\/p>\n<p>Ha prorrogado por 90 d\u00edas corridos el vencimiento de las licencias de conducir que operen entre el 1 de enero y 31 de marzo de 2021.\u00a0En un comunicado, se especific\u00f3 que el aplazamiento de la caducidad,\u00a0 deber\u00e1 contarse a partir de la <strong>fecha original de su vencimiento.<\/strong><\/p>\n<p>Anteriormente, mediante la disposici\u00f3n N\u00ba 34, el organismo hab\u00eda dispuesto las pr\u00f3rrogas por 365 d\u00edas de las licencias habilitantes con fecha de expiraci\u00f3n comprendida entre el 15 de febrero y el 31 de diciembre de 2020, inclusive, seg\u00fan public\u00f3 el Diario El Debate de Z\u00e1rate.<\/p>\n<p>Las medidas fueron tomadas en el marco de la emergencia sanitaria por la que atraviesa la provincia de Buenos Aires, y con la finalidad de evitar la aglomeraci\u00f3n de personas en los centros emisores de licencias, ayudando a tomar los recaudos necesarios para evitar la propagaci\u00f3n del Covid-19.<\/p>\n<p>Mientras tanto, los ciudadanos bonaerenses pueden realizar consultas y evacuar dudas a trav\u00e9s de los canales virtuales dispuestos por el organismo provincial en\u00a0<a href=\"https:\/\/www.gba.gob.ar\/seguridadvial\/noticias\/licencias_de_conducir_ahora_podes_consultar_tus_dudas_por_whatsapp.\">https:\/\/www.gba.gob.ar\/seguridadvial\/noticias\/licencias_de_conducir_ahora_podes_consultar_tus_dudas_por_whatsapp.<\/a><\/p>\n<h3><\/h3>\n","protected":false},"excerpt":{"rendered":"<p>LA DIRECCION PROVINCIAL DE POL\u00cdTICA Y SEGURIDAD VIAL.<\/p>\n","protected":false},"author":3,"featured_media":8233,"comment_status":"open","ping_status":"open","sticky":false,"template":"","format":"standard","meta":{"footnotes":"","jetpack_publicize_message":"","jetpack_publicize_feature_enabled":true,"jetpack_social_post_already_shared":false,"jetpack_social_options":{"image_generator_settings":{"template":"highway","default_image_id":0,"font":"","enabled":false},"version":2}},"categories":[1081],"tags":[37,1121],"class_list":["post-8231","post","type-post","status-publish","format-standard","has-post-thumbnail","hentry","category-autos-en-epoca","tag-destacada","tag-renovacion-licencias-conducir"],"jetpack_publicize_connections":[],"jetpack_featured_media_url":"https:\/\/revistaepocadigital.com.ar\/wp-content\/uploads\/2020\/12\/BSWWXDXAXRBA7MJ73SCKIHEVXI.jpg","jetpack_likes_enabled":true,"_links":{"self":[{"href":"https:\/\/revistaepocadigital.com.ar\/index.php?rest_route=\/wp\/v2\/posts\/8231","targetHints":{"allow":["GET"]}}],"collection":[{"href":"https:\/\/revistaepocadigital.com.ar\/index.php?rest_route=\/wp\/v2\/posts"}],"about":[{"href":"https:\/\/revistaepocadigital.com.ar\/index.php?rest_route=\/wp\/v2\/types\/post"}],"author":[{"embeddable":true,"href":"https:\/\/revistaepocadigital.com.ar\/index.php?rest_route=\/wp\/v2\/users\/3"}],"replies":[{"embeddable":true,"href":"https:\/\/revistaepocadigital.com.ar\/index.php?rest_route=%2Fwp%2Fv2%2Fcomments&post=8231"}],"version-history":[{"count":0,"href":"https:\/\/revistaepocadigital.com.ar\/index.php?rest_route=\/wp\/v2\/posts\/8231\/revisions"}],"wp:featuredmedia":[{"embeddable":true,"href":"https:\/\/revistaepocadigital.com.ar\/index.php?rest_route=\/wp\/v2\/media\/8233"}],"wp:attachment":[{"href":"https:\/\/revistaepocadigital.com.ar\/index.php?rest_route=%2Fwp%2Fv2%2Fmedia&parent=8231"}],"wp:term":[{"taxonomy":"category","embeddable":true,"href":"https:\/\/revistaepocadigital.com.ar\/index.php?rest_route=%2Fwp%2Fv2%2Fcategories&post=8231"},{"taxonomy":"post_tag","embeddable":true,"href":"https:\/\/revistaepocadigital.com.ar\/index.php?rest_route=%2Fwp%2Fv2%2Ftags&post=8231"}],"curies":[{"name":"wp","href":"https:\/\/api.w.org\/{rel}","templated":true}]}}