{"id":8238,"date":"2020-12-18T01:04:49","date_gmt":"2020-12-18T04:04:49","guid":{"rendered":"https:\/\/revistaepocadigital.com.ar\/?p=8238"},"modified":"2020-12-18T01:04:49","modified_gmt":"2020-12-18T04:04:49","slug":"desde-el-dialogo-logramos-sumar-al-presupuesto-mas-obras-para-los-vecinos","status":"publish","type":"post","link":"https:\/\/revistaepocadigital.com.ar\/?p=8238","title":{"rendered":"&#8220;DESDE EL DI\u00c1LOGO LOGRAMOS SUMAR AL PRESUPUESTO M\u00c1S OBRAS PARA LOS VECINOS"},"content":{"rendered":"<div class=\"\" dir=\"auto\">\n<div id=\"jsc_c_12a\" class=\"ecm0bbzt hv4rvrfc ihqw7lf3 dati1w0a\" data-ad-comet-preview=\"message\" data-ad-preview=\"message\">\n<div class=\"j83agx80 cbu4d94t ew0dbk1b irj2b8pg\">\n<div class=\"qzhwtbm6 knvmm38d\">\n<div class=\"kvgmc6g5 cxmmr5t8 oygrvhab hcukyx3x c1et5uql ii04i59q\">\n<div dir=\"auto\"><strong>LO HA SOSTENIDO RAUL SANCHO, CONCEJAL, AL FRENTE DEL BLOQUE CAMBIEMOS\/JUNTOS POR EL CAMBIO EN EL CONCEJO DELIBERANTE DE EXALTACI\u00d3N DE LA CRUZ.<!--more--><\/strong><\/div>\n<div dir=\"auto\"><\/div>\n<div dir=\"auto\">As\u00ed se manifest\u00f3 Sancho desde su cuenta en la red social Facebook.<\/div>\n<div dir=\"auto\"><\/div>\n<div dir=\"auto\">&#8220;<em>Hoy acompa\u00f1amos el presupuesto presentado por el intendente. Se acept\u00f3 nuestra propuesta para DUPLICAR la suma presupuestada para obras, y se incluyeron en el presupuesto para 2021 varias obras peque\u00f1as, pero que son<\/em> <em>muy importantes para nuestros vecinos por una suma de $32.000.000.<\/em><\/div>\n<\/div>\n<div class=\"o9v6fnle cxmmr5t8 oygrvhab hcukyx3x c1et5uql ii04i59q\">\n<div dir=\"auto\"><em>Las obras aprobadas son:<\/em><\/div>\n<div dir=\"auto\"><\/div>\n<div dir=\"auto\"><em>1)-Agua corriente en La Sidrera para garantizar algo tan elemental como el agua potable<\/em><\/div>\n<\/div>\n<div class=\"o9v6fnle cxmmr5t8 oygrvhab hcukyx3x c1et5uql ii04i59q\">\n<div dir=\"auto\"><em>2)-Agua Corriente en Carlos Lemee\u00a0<\/em><\/div>\n<\/div>\n<div class=\"o9v6fnle cxmmr5t8 oygrvhab hcukyx3x c1et5uql ii04i59q\">\n<div dir=\"auto\"><em>3)-Instalaci\u00f3n de tanque de agua en Barrio Mar\u00edn\u00a0<\/em><\/div>\n<\/div>\n<div class=\"o9v6fnle cxmmr5t8 oygrvhab hcukyx3x c1et5uql ii04i59q\">\n<div dir=\"auto\"><em>4)-Instalaci\u00f3n de tanque de agua en Barrio San Jos\u00e9 de Capilla den Se\u00f1or.\u00a0<\/em><\/div>\n<\/div>\n<div class=\"o9v6fnle cxmmr5t8 oygrvhab hcukyx3x c1et5uql ii04i59q\">\n<div dir=\"auto\"><em>5)-Acondicionamiento e iluminaci\u00f3n acceso a Barrio Parque Sakura por Ruta 6.<\/em><br \/>\n<em>\u00a06)-Construcci\u00f3n de Vereda y zanjeo en la calle Matheu de San Jos\u00e9 de Tala en Los Cardales, acceso a Barrio Los Floristas.<\/em><\/div>\n<\/div>\n<div class=\"o9v6fnle cxmmr5t8 oygrvhab hcukyx3x c1et5uql ii04i59q\">\n<div dir=\"auto\"><em>7)-Colocaci\u00f3n de C\u00e1maras de Seguridad en los accesos de los Barrios de Ruta 8.  <\/em><\/div>\n<\/div>\n<div class=\"o9v6fnle cxmmr5t8 oygrvhab hcukyx3x c1et5uql ii04i59q\">\n<div dir=\"auto\"><em>8)-Vereda en Pav\u00f3n del kil\u00f3metro 1,5 al km 3 de la Ruta 39, para que muchos chicos no tengan que caminar m\u00e1s por el barro para llegar a la escuela.<\/em><\/div>\n<\/div>\n<div dir=\"auto\"><\/div>\n<div class=\"o9v6fnle cxmmr5t8 oygrvhab hcukyx3x c1et5uql ii04i59q\">\n<div dir=\"auto\">Y acot\u00f3: <em>&#8220;Estar\u00e1 ahora en manos del intendente hacer que estas obras se hagan realidad y le mejoren aunque sea un poco la vida a muchos vecinos.<\/em><\/div>\n<\/div>\n<div class=\"o9v6fnle cxmmr5t8 oygrvhab hcukyx3x c1et5uql ii04i59q\">\n<div dir=\"auto\"><em>Creemos que es importante en un a\u00f1o tan dif\u00edcil, que todos los dirigentes, cada uno desde su lugar, prioricemos el di\u00e1logo y podamos dar soluciones a nuestros vecinos haciendo hincapi\u00e9 en las coincidencias&#8221;.<\/em><\/div>\n<div dir=\"auto\"><\/div>\n<div dir=\"auto\"><em>Quedaron varias obras &#8211;<\/em>marc\u00f3 Sancho-<em> que lamentablemente no se pudo incluir pero que seguiremos pidiendo.<\/em><\/div>\n<\/div>\n<div class=\"o9v6fnle cxmmr5t8 oygrvhab hcukyx3x c1et5uql ii04i59q\">\n<div dir=\"auto\"><em>Algunas otras obras que pedimos que no fueron incluidas porque est\u00e1n siendo gestionadas por el Municipio ante Naci\u00f3n y Provincia<\/em> (como la Ampliaci\u00f3n de la planta cloacal de Los Cardales, el asfalto de la Av. Belgrano de Cardales, la bicisenda desde capilla al Barrio San Jos\u00e9 y la construcci\u00f3n de viviendas) .<em> Obras que ojal\u00e1 lleguen, porque son muy necesarias.<\/em><\/div>\n<\/div>\n<div class=\"o9v6fnle cxmmr5t8 oygrvhab hcukyx3x c1et5uql ii04i59q\">\n<div dir=\"auto\"><em>Tambi\u00e9n quedamos con el compromiso de que se terminar\u00e1n otras obras que ya est\u00e1n empezadas y son muy importantes <\/em>(cloacas en Barrio San Jose y San Jose de Tala, la obra de Arroyo de la Cruz, etc)<em>, sobre lo que haremos seguimiento.-<\/em><\/div>\n<\/div>\n<div class=\"o9v6fnle cxmmr5t8 oygrvhab hcukyx3x c1et5uql ii04i59q\">\n<div dir=\"auto\"><em>Creemos en ser una oposici\u00f3n constructiva, que proponga soluciones y trate de sumar su granito de arena para que nuestros vecinos vivan mejor&#8221;.<\/em><\/div>\n<\/div>\n<\/div>\n<\/div>\n<\/div>\n<\/div>\n<p>&nbsp;<\/p>\n<div id=\"jsc_c_12b\" class=\"l9j0dhe7\">\n<div class=\"l9j0dhe7\"><\/div>\n<\/div>\n<div class=\"stjgntxs ni8dbmo4\">\n<div class=\"l9j0dhe7 dati1w0a ihqw7lf3 hv4rvrfc discj3wi i1fnvgqd btwxx1t3 g3eujd1d j83agx80 izx4hr6d bn081pho linmgsc8 b3i9ofy5 bp9cbjyn\">\n<div class=\"hpfvmrgz buofh1pr\">\n<div class=\"j83agx80 cbu4d94t ew0dbk1b irj2b8pg\">\n<div class=\"qzhwtbm6 knvmm38d\"><\/div>\n<\/div>\n<\/div>\n<\/div>\n<\/div>\n","protected":false},"excerpt":{"rendered":"<p>LO HA SOSTENIDO RAUL SANCHO, CONCEJAL, AL FRENTE DEL BLOQUE CAMBIEMOS\/JUNTOS POR EL CAMBIO EN EL CONCEJO DELIBERANTE DE EXALTACI\u00d3N DE LA CRUZ.<\/p>\n","protected":false},"author":3,"featured_media":8239,"comment_status":"open","ping_status":"open","sticky":false,"template":"","format":"standard","meta":{"footnotes":"","jetpack_publicize_message":"","jetpack_publicize_feature_enabled":true,"jetpack_social_post_already_shared":false,"jetpack_social_options":{"image_generator_settings":{"template":"highway","default_image_id":0,"font":"","enabled":false},"version":2}},"categories":[17],"tags":[379,1122,256],"class_list":["post-8238","post","type-post","status-publish","format-standard","has-post-thumbnail","hentry","category-politica","tag-hcd","tag-presupuesto-2021","tag-sancho"],"jetpack_publicize_connections":[],"jetpack_featured_media_url":"https:\/\/revistaepocadigital.com.ar\/wp-content\/uploads\/2020\/12\/hcd-san.jpg","jetpack_likes_enabled":true,"_links":{"self":[{"href":"https:\/\/revistaepocadigital.com.ar\/index.php?rest_route=\/wp\/v2\/posts\/8238","targetHints":{"allow":["GET"]}}],"collection":[{"href":"https:\/\/revistaepocadigital.com.ar\/index.php?rest_route=\/wp\/v2\/posts"}],"about":[{"href":"https:\/\/revistaepocadigital.com.ar\/index.php?rest_route=\/wp\/v2\/types\/post"}],"author":[{"embeddable":true,"href":"https:\/\/revistaepocadigital.com.ar\/index.php?rest_route=\/wp\/v2\/users\/3"}],"replies":[{"embeddable":true,"href":"https:\/\/revistaepocadigital.com.ar\/index.php?rest_route=%2Fwp%2Fv2%2Fcomments&post=8238"}],"version-history":[{"count":0,"href":"https:\/\/revistaepocadigital.com.ar\/index.php?rest_route=\/wp\/v2\/posts\/8238\/revisions"}],"wp:featuredmedia":[{"embeddable":true,"href":"https:\/\/revistaepocadigital.com.ar\/index.php?rest_route=\/wp\/v2\/media\/8239"}],"wp:attachment":[{"href":"https:\/\/revistaepocadigital.com.ar\/index.php?rest_route=%2Fwp%2Fv2%2Fmedia&parent=8238"}],"wp:term":[{"taxonomy":"category","embeddable":true,"href":"https:\/\/revistaepocadigital.com.ar\/index.php?rest_route=%2Fwp%2Fv2%2Fcategories&post=8238"},{"taxonomy":"post_tag","embeddable":true,"href":"https:\/\/revistaepocadigital.com.ar\/index.php?rest_route=%2Fwp%2Fv2%2Ftags&post=8238"}],"curies":[{"name":"wp","href":"https:\/\/api.w.org\/{rel}","templated":true}]}}