{"id":8258,"date":"2020-12-23T13:18:08","date_gmt":"2020-12-23T16:18:08","guid":{"rendered":"https:\/\/revistaepocadigital.com.ar\/?p=8258"},"modified":"2020-12-23T15:06:26","modified_gmt":"2020-12-23T18:06:26","slug":"el-municipio-intervino-en-fiestas-clandestinas-y-el-gobierno-provincial-las-autoriza-hasta-con-200-personas-no-es-que-juntarse-es-riesgoso","status":"publish","type":"post","link":"https:\/\/revistaepocadigital.com.ar\/?p=8258","title":{"rendered":"CAMBIA TODO CAMBIA, LA GOBERNACION DIO MARCHA ATR\u00c1S CON LA AUTORIZACION DE FIESTAS \u00bfEN QUE QUEDAMOS?"},"content":{"rendered":"<div class=\"\" dir=\"auto\">\n<div id=\"jsc_c_c1\" class=\"ecm0bbzt hv4rvrfc ihqw7lf3 dati1w0a\" data-ad-comet-preview=\"message\" data-ad-preview=\"message\">\n<div class=\"j83agx80 cbu4d94t ew0dbk1b irj2b8pg\">\n<div class=\"qzhwtbm6 knvmm38d\">\n<div class=\"kvgmc6g5 cxmmr5t8 oygrvhab hcukyx3x c1et5uql ii04i59q\">\n<div dir=\"auto\"><strong>PERSONAL DE LA COMUNA JUNTO A LA POLIC\u00cdA, INTERVINO EN DOS FIESTAS CLANDESTINAS.<!--more--><\/strong><\/div>\n<\/div>\n<div dir=\"auto\"><\/div>\n<div class=\"o9v6fnle cxmmr5t8 oygrvhab hcukyx3x c1et5uql ii04i59q\">\n<div dir=\"auto\">Personal municipal, con apoyo de la polic\u00eda, intervino el fin de semana (19\/20-12) en dos fiestas clandestinas que se desarrollaban a escasos metros una de otra, en la zona de Pav\u00f3n, Exaltaci\u00f3n de la Cruz.\u00a0En el lugar se labraron actas, una luego enviada a la Justicia Federal, por incumplimiento del DISPO.<\/div>\n<div dir=\"auto\"><\/div>\n<\/div>\n<div dir=\"auto\">\n<figure id=\"attachment_8266\" aria-describedby=\"caption-attachment-8266\" style=\"width: 696px\" class=\"wp-caption aligncenter\"><img loading=\"lazy\" decoding=\"async\" class=\"size-large wp-image-8266\" src=\"https:\/\/revistaepocadigital.com.ar\/wp-content\/uploads\/2020\/12\/poli-patru-1200x800.jpg\" alt=\"\" width=\"696\" height=\"464\" srcset=\"https:\/\/revistaepocadigital.com.ar\/wp-content\/uploads\/2020\/12\/poli-patru-1200x800.jpg 1200w, https:\/\/revistaepocadigital.com.ar\/wp-content\/uploads\/2020\/12\/poli-patru-300x200.jpg 300w, https:\/\/revistaepocadigital.com.ar\/wp-content\/uploads\/2020\/12\/poli-patru-768x512.jpg 768w, https:\/\/revistaepocadigital.com.ar\/wp-content\/uploads\/2020\/12\/poli-patru-696x464.jpg 696w, https:\/\/revistaepocadigital.com.ar\/wp-content\/uploads\/2020\/12\/poli-patru-1068x712.jpg 1068w, https:\/\/revistaepocadigital.com.ar\/wp-content\/uploads\/2020\/12\/poli-patru-630x420.jpg 630w, https:\/\/revistaepocadigital.com.ar\/wp-content\/uploads\/2020\/12\/poli-patru-1260x840.jpg 1260w, https:\/\/revistaepocadigital.com.ar\/wp-content\/uploads\/2020\/12\/poli-patru.jpg 1280w\" sizes=\"auto, (max-width: 696px) 100vw, 696px\" \/><figcaption id=\"caption-attachment-8266\" class=\"wp-caption-text\">La polic\u00eda intervino en ambas fiestas clandestinas.<\/figcaption><\/figure>\n<\/div>\n<div class=\"o9v6fnle cxmmr5t8 oygrvhab hcukyx3x c1et5uql ii04i59q\">\n<div dir=\"auto\">Se trat\u00f3 de dos de las fiestas que, a pesar de la prohibici\u00f3n, se organizaron en el distrito. De hecho, resulta llamativo que a pesar de las advertencias y de la continuidad del Distanciamiento Obligatorio, cada vez son m\u00e1s los encuentros de esta naturaleza.<\/div>\n<\/div>\n<div class=\"o9v6fnle cxmmr5t8 oygrvhab hcukyx3x c1et5uql ii04i59q\">\n<div dir=\"auto\"><\/div>\n<\/div>\n<div class=\"o9v6fnle cxmmr5t8 oygrvhab hcukyx3x c1et5uql ii04i59q\">\n<div dir=\"auto\">As\u00ed, el municipio pone a disposici\u00f3n todo el material humano y de recursos para cubrir el distrito, pero sorprende la cantidad de eventos que se organizan de manera informal, sin respetar las medidas de aislamiento. Es por eso que se recurre nuevamente a la toma de responsabilidad de los vecinos, para denunciar estos episodios y, a la vez, evitar que nuestros familiares e hijos participen de estos encuentros.<\/div>\n<div dir=\"auto\"><\/div>\n<div dir=\"auto\"><strong>LA GOBERNACION LAS HABILIT\u00d3 CON HASTA 200 PERSONAS, SIN EMBARGO DOS DIAS DESPU\u00c9S PUSO MARCHA ATR\u00c1S.<\/strong><\/div>\n<div dir=\"auto\"><\/div>\n<\/div>\n<div dir=\"auto\"><strong>La medida que dio pie a esta nota, modific\u00f3 lo resuelto un par de d\u00edas atr\u00e1s. Desde la gobernaci\u00f3n el argumento utilizado fue que la modificaci\u00f3n, tuvo que ver con el incremento de casos notados en los \u00faltimos d\u00edas&#8230;.<\/strong><\/div>\n<\/div>\n<\/div>\n<div dir=\"auto\"><\/div>\n<div class=\"j83agx80 cbu4d94t ew0dbk1b irj2b8pg\">\n<div class=\"qzhwtbm6 knvmm38d\">\n<div dir=\"auto\">Lo que podes leer a continuaci\u00f3n, sirve como archivo&#8230;.<\/div>\n<div dir=\"auto\"><\/div>\n<div dir=\"auto\"><\/div>\n<div dir=\"auto\">Mientras desde el gobierno nacional y provincial se escuchan voces de alerta ante una posible segunda oleada de coronavirus en nuestro pa\u00eds, que en varias partes del mundo ha obligado a gobiernos a fijar nuevamente cuarentenas. En la Argentina contrariamente a lo tan f\u00e9rreamente se sostuvo desde las autoridades, respecto a oponerse a que hubiera gente que se reuniera por el peligro que implica, el gobierno de la provincia de Buenos Aires,\u00a0 autoriz\u00f3 fiestas<\/div>\n<div dir=\"auto\"><\/div>\n<div dir=\"auto\"><span style=\"color: #111111; font-family: Roboto, sans-serif; font-size: 16px;\">Se trata de una medida que ya hab\u00eda sido anunciada por el Gobierno, confirmada con la Decisi\u00f3n Administrativa 2216\/2020, publicada (21\/12) en el Bolet\u00edn Oficial. El texto tambi\u00e9n flexibiliz\u00f3 algunas actividades en la Ciudad de Buenos Aires, de cara a las celebraciones de fin de a\u00f1o.\u00a0<\/span><\/div>\n<div dir=\"auto\"><\/div>\n<div dir=\"auto\">Ante las inminentes fiestas de fin de a\u00f1o, y para evitar que se sigan realizando reuniones clandestinas en esas fechas, el Gobierno autoriz\u00f3 \u201clas actividades de entretenimiento nocturno al aire libre\u201d de hasta 200 personas en toda la provincia de Buenos Aires. Lo hizo a trav\u00e9s de la <b>Decisi\u00f3n Administrativa 2216\/2020<\/b>, publicada este lunes en el\u00a0<b>Bolet\u00edn Oficial<\/b>.<\/div>\n<\/div>\n<\/div>\n<\/div>\n<div dir=\"auto\">\n<nav class=\"nav | grid width_full\">\n<div id=\"mastheadnavbar\" class=\"masthead | absolute display_flex column text_align_center width_full fixed\">\n<div id=\"siteheader\" class=\"siteheader width_full\">\n<div class=\"sectionnav-container\">\n<div class=\"section-nav shift-right\">\n<article class=\"article | col widescreen-8 desktop-8 tablet-12 width_full\">\n<p class=\"paragraph\">Se trata de una medida que las autoridades nacionales ya hab\u00edan anunciado d\u00edas atr\u00e1s, teniendo en cuenta que se acerca la Navidad y el cierre del 2020, d\u00edas en los que la gente se suele juntar masivamente para celebrar.<\/p>\n<p class=\"paragraph\">Con la firma del jefe de Gabinete,\u00a0<b>Santiago Cafiero<\/b>, y del ministro de Salud,\u00a0<b>Gin\u00e9s Gonz\u00e1lez Garc\u00eda<\/b>, esta medida fue confirmada, al igual que otras flexibilizaciones que tambi\u00e9n afectan a la Ciudad de Buenos Aires.<\/p>\n<p class=\"paragraph\">Puntualmente, el documento habilit\u00f3 las fiestas en el territorio bonaerense\u00a0<mark class=\"hl_yellow\">\u201ccon un aforo del 30% en relaci\u00f3n a la capacidad m\u00e1xima habilitada al aire libre no pudiendo superar el l\u00edmite de 200 personas en total\u201d.<\/mark><\/p>\n<picture class=\"visual__image\"><source srcset=\"https:\/\/www.infobae.com\/new-resizer\/TujZ8HhvIjU17vCy7uKlCOxDG60=\/768x576\/filters:format(jpg):quality(85)\/cloudfront-us-east-1.images.arcpublishing.com\/infobae\/W5H5OW3OOD3EIBZTZRM5XO3LZM.jpg 1200w\" type=\"image\/jpg\" \/><source srcset=\"https:\/\/www.infobae.com\/new-resizer\/TujZ8HhvIjU17vCy7uKlCOxDG60=\/768x576\/filters:format(jpg):quality(85)\/cloudfront-us-east-1.images.arcpublishing.com\/infobae\/W5H5OW3OOD3EIBZTZRM5XO3LZM.jpg 992w\" type=\"image\/jpg\" \/><source srcset=\"https:\/\/www.infobae.com\/new-resizer\/TujZ8HhvIjU17vCy7uKlCOxDG60=\/768x576\/filters:format(jpg):quality(85)\/cloudfront-us-east-1.images.arcpublishing.com\/infobae\/W5H5OW3OOD3EIBZTZRM5XO3LZM.jpg 768w\" type=\"image\/jpg\" \/><source srcset=\"https:\/\/www.infobae.com\/new-resizer\/Nswp-GFMwaM6gY3qr1JXEsEtX4Y=\/420x315\/filters:format(jpg):quality(85)\/cloudfront-us-east-1.images.arcpublishing.com\/infobae\/W5H5OW3OOD3EIBZTZRM5XO3LZM.jpg 420w\" type=\"image\/jpg\" \/>El Gobierno habilit\u00f3 la actividad nocturna, ante el aumento de fiestas clandestinas (REUTERS\/Henry Nicholls)<\/picture>\n<p class=\"paragraph\">Adem\u00e1s, a partir de ahora se permitir\u00e1 el funcionamiento\u00a0<b>tanto de las salas de bingo como de los casinos<\/b>, siempre que est\u00e9n administrados por el Instituto Provincial de Loter\u00eda y Casinos, \u201ccon un aforo del 50 por ciento de su capacidad\u201d.<\/p>\n<p class=\"paragraph\">En la Ciudad, en tanto, se elimin\u00f3 la prohibici\u00f3n de\u00a0<b>realizar celebraciones religiosas de m\u00e1s de 20 personas en espacios cerrados<\/b>, por lo que s\u00ed se podr\u00e1n llevar adelante este tipo de eventos, aunque respetando una ocupaci\u00f3n m\u00e1xima del 30% en todos los casos.<\/p>\n<p class=\"paragraph\">Todas estas actividades que quedaron autorizadas, deber\u00e1n cumplir con los\u00a0<mark class=\"hl_yellow\">protocolos sanitarios elaborados espec\u00edficamente para cada una de ellas<\/mark>\u00a0y garantizar la organizaci\u00f3n de turnos, si correspondiere, y las medidas de distanciamiento e higiene necesarias para disminuir el riesgo de contagio de COVID-19, tanto para cuidar a los trabajadores como a los clientes.<\/p>\n<p class=\"paragraph\">Asimismo, los gobiernos porte\u00f1o y bonaerense \u201cdeber\u00e1n dictar las reglamentaciones necesarias para el desarrollo\u201d de estos\u00a0 eventos, <b>\u201cestableciendo la fecha para su efectiva reanudaci\u00f3n,\u00a0<\/b>pudiendo implementarlos gradualmente, suspenderlos o reanudarlos, en el \u00e1mbito de sus competencias territoriales y conforme la situaci\u00f3n sanitaria\u201d.<\/p>\n<p class=\"paragraph\">En este sentido, se aclar\u00f3 que las autoridades locales podr\u00e1n \u201climitar el alcance de la excepci\u00f3n a determinadas \u00e1reas geogr\u00e1ficas o a determinados municipios, o establecer requisitos espec\u00edficos\u201d para cada sector.<\/p>\n<picture class=\"visual__image\"><source srcset=\"https:\/\/www.infobae.com\/new-resizer\/MlxJo2O-xGMgCsLYFYczoc37dtA=\/768x512\/filters:format(jpg):quality(85)\/cloudfront-us-east-1.images.arcpublishing.com\/infobae\/YOO7AI64XRG3DECSZU3FODA6VU.jpg 1200w\" type=\"image\/jpg\" \/><source srcset=\"https:\/\/www.infobae.com\/new-resizer\/MlxJo2O-xGMgCsLYFYczoc37dtA=\/768x512\/filters:format(jpg):quality(85)\/cloudfront-us-east-1.images.arcpublishing.com\/infobae\/YOO7AI64XRG3DECSZU3FODA6VU.jpg 992w\" type=\"image\/jpg\" \/><source srcset=\"https:\/\/www.infobae.com\/new-resizer\/MlxJo2O-xGMgCsLYFYczoc37dtA=\/768x512\/filters:format(jpg):quality(85)\/cloudfront-us-east-1.images.arcpublishing.com\/infobae\/YOO7AI64XRG3DECSZU3FODA6VU.jpg 768w\" type=\"image\/jpg\" \/><source srcset=\"https:\/\/www.infobae.com\/new-resizer\/9cFxCT8eX_iuI1jBb8w5LvcNf2U=\/420x280\/filters:format(jpg):quality(85)\/cloudfront-us-east-1.images.arcpublishing.com\/infobae\/YOO7AI64XRG3DECSZU3FODA6VU.jpg 420w\" type=\"image\/jpg\" \/>La medida se oficializ\u00f3 cuatro d\u00edas antes de Navidad (Shuttertsock)<\/picture>\n<p class=\"paragraph\">Esta medida se oficializ\u00f3 cuatro d\u00edas antes de Navidad y en medio de la suba de contagios y la proliferaci\u00f3n de fiestas clandestinas y multitudinarias en la Provincia, que la administraci\u00f3n de\u00a0<b>Axel Kicillof<\/b>\u00a0busca evitar.<\/p>\n<p class=\"paragraph\"><b>\u201cVamos a estar presentando un protocolo para espacios de entretenimiento nocturno para j\u00f3venes con una cantidad m\u00e1xima de 200 participantes y un aforo del 30% de la capacidad habilitada\u201d,<\/b> precis\u00f3 el jefe de Gabinete bonaerense, <b>Carlos Bianco<\/b>, en conferencia de prensa el martes de la semana pasada.<\/p>\n<p class=\"paragraph\">Al dar a conocer un nuevo informe epidemiol\u00f3gico, el funcionario hab\u00eda anticipado que este tipo de reuniones iban a estar permitidas \u201csiempre con per\u00edmetros cerrados y al aire libre para que los j\u00f3venes puedan disfrutar de manera segura\u201d.<\/p>\n<p class=\"paragraph\">Con respecto a los festejos de Navidad y Fin de A\u00f1o, tanto Bianco como el ministro de Salud bonaerense,\u00a0<b>Daniel Goll\u00e1n<\/b>, pidieron que la poblaci\u00f3n que tiene planeado reunirse con familiares mayores de 60 a\u00f1os o con enfermedades preexistentes empiece a aislarse para no poner en riesgo a sus seres queridos.<\/p>\n<p class=\"paragraph\">Entre los considerandos de la Decisi\u00f3n Administrativa publicada este lunes, el Gobierno se\u00f1al\u00f3 que las habilitaciones mencionadas fueron solicitadas por la provincia y la Ciudad de Buenos Aires, que acompa\u00f1aron sus pedidos con \u201clos correspondientes protocolos para el desarrollo de las actividades\u201d.<\/p>\n<div class=\"margin_1 align_items_center width_full\"><iframe loading=\"lazy\" src=\"https:\/\/drive.google.com\/file\/d\/1uoNnmAfuTB_UwCeP9o5Gd3eMoith2uC7\/preview\" width=\"640\" height=\"480\"><\/iframe><\/div>\n<p class=\"paragraph\">\n<\/article>\n<\/div>\n<\/div>\n<\/div>\n<\/div>\n<\/nav>\n<\/div>\n<\/div>\n","protected":false},"excerpt":{"rendered":"<p>PERSONAL DE LA COMUNA JUNTO A LA POLIC\u00cdA, INTERVINO EN DOS FIESTAS CLANDESTINAS.<\/p>\n","protected":false},"author":3,"featured_media":8265,"comment_status":"open","ping_status":"open","sticky":false,"template":"","format":"standard","meta":{"footnotes":"","jetpack_publicize_message":"","jetpack_publicize_feature_enabled":true,"jetpack_social_post_already_shared":false,"jetpack_social_options":{"image_generator_settings":{"template":"highway","default_image_id":0,"font":"","enabled":false},"version":2}},"categories":[17],"tags":[836,1123],"class_list":["post-8258","post","type-post","status-publish","format-standard","has-post-thumbnail","hentry","category-politica","tag-autorizacion","tag-fiestas-clandestinas"],"jetpack_publicize_connections":[],"jetpack_featured_media_url":"https:\/\/revistaepocadigital.com.ar\/wp-content\/uploads\/2020\/12\/5853ea1bdb0fa_1004x565.jpg","jetpack_likes_enabled":true,"_links":{"self":[{"href":"https:\/\/revistaepocadigital.com.ar\/index.php?rest_route=\/wp\/v2\/posts\/8258","targetHints":{"allow":["GET"]}}],"collection":[{"href":"https:\/\/revistaepocadigital.com.ar\/index.php?rest_route=\/wp\/v2\/posts"}],"about":[{"href":"https:\/\/revistaepocadigital.com.ar\/index.php?rest_route=\/wp\/v2\/types\/post"}],"author":[{"embeddable":true,"href":"https:\/\/revistaepocadigital.com.ar\/index.php?rest_route=\/wp\/v2\/users\/3"}],"replies":[{"embeddable":true,"href":"https:\/\/revistaepocadigital.com.ar\/index.php?rest_route=%2Fwp%2Fv2%2Fcomments&post=8258"}],"version-history":[{"count":0,"href":"https:\/\/revistaepocadigital.com.ar\/index.php?rest_route=\/wp\/v2\/posts\/8258\/revisions"}],"wp:featuredmedia":[{"embeddable":true,"href":"https:\/\/revistaepocadigital.com.ar\/index.php?rest_route=\/wp\/v2\/media\/8265"}],"wp:attachment":[{"href":"https:\/\/revistaepocadigital.com.ar\/index.php?rest_route=%2Fwp%2Fv2%2Fmedia&parent=8258"}],"wp:term":[{"taxonomy":"category","embeddable":true,"href":"https:\/\/revistaepocadigital.com.ar\/index.php?rest_route=%2Fwp%2Fv2%2Fcategories&post=8258"},{"taxonomy":"post_tag","embeddable":true,"href":"https:\/\/revistaepocadigital.com.ar\/index.php?rest_route=%2Fwp%2Fv2%2Ftags&post=8258"}],"curies":[{"name":"wp","href":"https:\/\/api.w.org\/{rel}","templated":true}]}}