{"id":8260,"date":"2020-12-21T15:41:07","date_gmt":"2020-12-21T18:41:07","guid":{"rendered":"https:\/\/revistaepocadigital.com.ar\/?p=8260"},"modified":"2020-12-21T15:41:07","modified_gmt":"2020-12-21T18:41:07","slug":"tres-consejos-para-mantener-los-cuidados-frente-al-covid-en-las-fiestas","status":"publish","type":"post","link":"https:\/\/revistaepocadigital.com.ar\/?p=8260","title":{"rendered":"Tres consejos para mantener los cuidados frente al COVID en las Fiestas"},"content":{"rendered":"<div class=\"top | width_full page-container margin_auto\">\n<div class=\"masthead_header column relative hidden-tablet hidden-mobile padding_vertical_15px width_full\"><\/div>\n<\/div>\n<section class=\"main | page-container grid width_full margin_auto margin_vertical_10px\">\n<header class=\"header | col widescreen-12 desktop-12 tablet-12 width_full\">\n<div class=\"article-header\">\n<div class=\"article-section-tag | text_decoration_none header-label uppercase width_full text_align_left margin_bottom_10px\"><strong>LOS RECOMEND\u00d3 EL MINISTERIO DE LA SALUD.<\/strong><!--more--><\/div>\n<\/div>\n<div>En la nota publicada por el portal Infobae que ac\u00e1 es reproducida, la directora nacional\u00a0 de epidemiolog\u00eda,\u00a0 Anal\u00eda Rearte, record\u00f3 las medidas de prevenci\u00f3n y lo que conviene y no conviene hacer.<\/div>\n<div><\/div>\n<\/header>\n<article class=\"article | col widescreen-8 desktop-8 tablet-12 width_full\">\n<div class=\"buttons_container width_full display_flex justify_space_between\">\n<div class=\"display_flex row align_items_center justify_center color_white\"><\/div>\n<\/div>\n<picture class=\"visual__image\"><source srcset=\"https:\/\/www.infobae.com\/new-resizer\/QUT1G4Ob7dhpl_tV0oc14NDxBk8=\/768x432\/filters:format(jpg):quality(85)\/cloudfront-us-east-1.images.arcpublishing.com\/infobae\/PECX5ZG5IZA2PPNCYAEXOCCS4A.jpg 1200w\" type=\"image\/jpg\" \/><source srcset=\"https:\/\/www.infobae.com\/new-resizer\/QUT1G4Ob7dhpl_tV0oc14NDxBk8=\/768x432\/filters:format(jpg):quality(85)\/cloudfront-us-east-1.images.arcpublishing.com\/infobae\/PECX5ZG5IZA2PPNCYAEXOCCS4A.jpg 992w\" type=\"image\/jpg\" \/><source srcset=\"https:\/\/www.infobae.com\/new-resizer\/QUT1G4Ob7dhpl_tV0oc14NDxBk8=\/768x432\/filters:format(jpg):quality(85)\/cloudfront-us-east-1.images.arcpublishing.com\/infobae\/PECX5ZG5IZA2PPNCYAEXOCCS4A.jpg 768w\" type=\"image\/jpg\" \/><source srcset=\"https:\/\/www.infobae.com\/new-resizer\/zT8pVE7ef_IJCTvZZYVxdyZOkcg=\/420x236\/filters:format(jpg):quality(85)\/cloudfront-us-east-1.images.arcpublishing.com\/infobae\/PECX5ZG5IZA2PPNCYAEXOCCS4A.jpg 420w\" type=\"image\/jpg\" \/><img loading=\"lazy\" decoding=\"async\" src=\"https:\/\/www.infobae.com\/new-resizer\/zT8pVE7ef_IJCTvZZYVxdyZOkcg=\/420x236\/filters:format(jpg):quality(85)\/\/cloudfront-us-east-1.images.arcpublishing.com\/infobae\/PECX5ZG5IZA2PPNCYAEXOCCS4A.jpg\" alt=\"&quot;Es importante poder cuidarse y cumplir ciertas recomendaciones para poder pasar estas semanas y meses que vienen con los mejores cuidados posibles&quot; (Shutterstock)\" width=\"1920\" height=\"1080\" \/>&#8220;Es importante poder cuidarse y cumplir ciertas recomendaciones para poder pasar estas semanas y meses que vienen con los mejores cuidados posibles&#8221; (Shutterstock)<\/picture>\n<p class=\"paragraph\">Con <a href=\"https:\/\/www.infobae.com\/sociedad\/2020\/12\/20\/coronavirus-en-argentina-confirmaron-4116-nuevos-contagios-y-50-muertes-en-las-ultimas-24-horas\/\" target=\"_blank\" rel=\"noopener noreferrer\">4.116 casos confirmados<\/a> de coronavirus ayer domingo -40,5% de ellos en el AMBA y 59, 5% en el interior del pa\u00eds- y un promedio de casos diarios que asciende a 6.161 en los \u00faltimos siete d\u00edas, el parte que emite a diario el Ministerio de Salud hoy estuvo centrado en las medidas de prevenci\u00f3n que la poblaci\u00f3n debe tener de cara a las celebraciones de Navidad y A\u00f1o Nuevo que se avecinan.<\/p>\n<p class=\"paragraph\">En Europa, que atraviesa la segunda ola de la pandemia, ya adelantaron en algunos pa\u00edses que el m\u00e1ximo de personas recomendado en cada reuni\u00f3n ser\u00e1 de seis. En el pa\u00eds, las autoridades sanitarias recomendaron hasta diez.<iframe class=\"teads-resize\" data-mce-fragment=\"1\"><\/iframe><\/p>\n<div class=\"teads-inread sm-screen\">\n<div>\n<div class=\"teads-ui-components-adchoices\"><\/div>\n<div class=\"teads-ui-components-label\">PUBLICIDAD<\/div>\n<div id=\"teads0\" class=\"teads-player\"><iframe frameborder=\"0\" scrolling=\"no\" data-mce-fragment=\"1\"><\/iframe><\/div>\n<\/div>\n<\/div>\n<p class=\"paragraph\"><b>Anal\u00eda Rearte <\/b>es la directora nacional de Epidemiolog\u00eda del Ministerio de Salud de la Naci\u00f3n y en el parte de hoy lunes hizo referencia a qu<b>e <\/b><mark class=\"hl_yellow\"><b>\u201cen muchos pa\u00edses del hemisferio norte y de Europa se atraviesa una situaci\u00f3n de aumento importante del n\u00famero de casos, al igual que en muchos pa\u00edses de Am\u00e9rica del Sur -incluso algunos lim\u00edtrofes-\u201d<\/b><\/mark>. Y si bien remarc\u00f3 que la Argentina se encuentra \u201cen un descenso en el n\u00famero de casos\u201d, se\u00f1al\u00f3 que \u201cesto no es as\u00ed en todas las jurisdicciones; en la gran mayor\u00eda del pa\u00eds contin\u00faa la transmisi\u00f3n comunitaria\u201d.<\/p>\n<div class=\"inline | ad-wrapper display_flex align_items_center width_full justify_center\">\n<div class=\"dfpAd display_inline_block ad_margin_wrapper text--center\">\n<div id=\"infobae\/salud\/nota\/inline\" class=\"infobae\/salud\/nota\/inline arcad\" data-google-query-id=\"CJKTroDb3-0CFcEJ1AodU68KdQ\">\n<div id=\"google_ads_iframe_\/1058609\/infobae\/salud\/nota\/inline_0__container__\"><iframe id=\"google_ads_iframe_\/1058609\/infobae\/salud\/nota\/inline_0\" title=\"3rd party ad content\" name=\"google_ads_iframe_\/1058609\/infobae\/salud\/nota\/inline_0\" width=\"1\" height=\"1\" frameborder=\"0\" marginwidth=\"0\" marginheight=\"0\" scrolling=\"no\" data-google-container-id=\"3\" data-load-complete=\"true\" data-mce-fragment=\"1\"><\/iframe><\/div>\n<\/div>\n<\/div>\n<\/div>\n<div class=\"Ad_1 | ad-wrapper display_flex align_items_center width_full justify_center\">\n<div class=\"\"><\/div>\n<\/div>\n<p class=\"paragraph\">En ese sentido, consider\u00f3 que <b>\u201ces importante poder cuidarse y cumplir ciertas recomendaciones para poder pasar estas semanas y meses que vienen con los mejores cuidados posibles\u201d<\/b>.<\/p>\n<p class=\"paragraph\">\u201cLo m\u00e1s importante creo que es la planificaci\u00f3n de todo lo que vamos a hacer en las pr\u00f3ximas semanas para poder cuidarnos nosotros y a nuestros seres queridos -comenz\u00f3 a delinear Rearte-. Lo que sabemos es que la transmisi\u00f3n del virus es much\u00edsimo mayor en espacios cerrados o poco ventilados, y que es mayor cuando tenemos mayor n\u00famero de personas y cuando estas personas no corresponden a nuestros contactos habituales\u201d.<\/p>\n<picture class=\"visual__image\"><source srcset=\"https:\/\/www.infobae.com\/new-resizer\/2qTTfDwPmB9Ui0u1JUJmLTnxf08=\/768x512\/filters:format(jpg):quality(85)\/cloudfront-us-east-1.images.arcpublishing.com\/infobae\/7FT5PBCAQ5HBJDRKKFRZ57ZBV4.jpg 1200w\" type=\"image\/jpg\" \/><source srcset=\"https:\/\/www.infobae.com\/new-resizer\/2qTTfDwPmB9Ui0u1JUJmLTnxf08=\/768x512\/filters:format(jpg):quality(85)\/cloudfront-us-east-1.images.arcpublishing.com\/infobae\/7FT5PBCAQ5HBJDRKKFRZ57ZBV4.jpg 992w\" type=\"image\/jpg\" \/><source srcset=\"https:\/\/www.infobae.com\/new-resizer\/2qTTfDwPmB9Ui0u1JUJmLTnxf08=\/768x512\/filters:format(jpg):quality(85)\/cloudfront-us-east-1.images.arcpublishing.com\/infobae\/7FT5PBCAQ5HBJDRKKFRZ57ZBV4.jpg 768w\" type=\"image\/jpg\" \/><source srcset=\"https:\/\/www.infobae.com\/new-resizer\/R7eQNv3a0_YFCo88NvO4Ql6a7Zg=\/420x280\/filters:format(jpg):quality(85)\/cloudfront-us-east-1.images.arcpublishing.com\/infobae\/7FT5PBCAQ5HBJDRKKFRZ57ZBV4.jpg 420w\" type=\"image\/jpg\" \/>&#8220;Posiblemente de las 10\/12 personas que concurran, dos o tres van a haber tenido la enfermedad, y por ende est\u00e1n protegidos. Esas ser\u00e1n las personas que durante la reuni\u00f3n van a ser los encargados de servir la comida&#8221; (Shuttertsock)<\/picture>\n<p class=\"paragraph\">La funcionaria se\u00f1al\u00f3 que \u201cla transmisi\u00f3n del virus es mayor cuando no se respetan las medidas de distanciamiento, no se usa tapabocas, entonces es muy importante que ya<b> <\/b><mark class=\"hl_yellow\"><b>desde ahora se empiece a planificar qu\u00e9 se va a hacer y esta planificaci\u00f3n debe incluir evitar, en primer lugar, todas las reuniones sociales que no sean extremadamente necesarias en esta semana<\/b><\/mark>, y en caso de tenerlas limitar el n\u00famero de personas en esas reuniones y restringirlas a quienes son contactos habituales para disminuir el riesgo de dispersi\u00f3n en otros \u00e1mbitos\u201d.<\/p>\n<div class=\"Ad_2 | ad-wrapper display_flex align_items_center width_full justify_center\">\n<div class=\"\"><\/div>\n<\/div>\n<p class=\"paragraph\">En segundo orden, llam\u00f3 a \u201cplanificar las reuniones del 24 y 31,<b> <\/b><mark class=\"hl_yellow\"><b>dentro de las posibilidades, en espacios abiertos; y si no es posible, asegurarse que el lugar donde se desarrolle el encuentro est\u00e9 bien ventilado<\/b><\/mark> y procurar que no sean encuentros masivos sino m\u00e1s bien con el m\u00ednimo de personas necesarias y siempre que se pueda con los contactos habituales y disminuir la concurrencia de personas de otros c\u00edrculos\u201d.<\/p>\n<p class=\"paragraph\">Adem\u00e1s de los ambientes ventilados y la poca concurrencia, Rearte se\u00f1al\u00f3 la importancia de <b>\u201c<\/b><mark class=\"hl_yellow\"><b>intentar sentarse cerca de los contactos m\u00e1s estrechos, no compartir utensilios, cubiertos, vasos y dem\u00e1s<\/b> <\/mark>y limitar el consumo de alcohol en exceso, que hace que se disminuyan las normas de distanciamiento\u201d. Asimismo, la especialista llam\u00f3 a \u201climitar las salidas posteriores para evitar el contacto con otras personas\u201d.<\/p>\n<div class=\"Ad_3 | ad-wrapper display_flex align_items_center width_full justify_center\">\n<div class=\"\"><\/div>\n<\/div>\n<p class=\"paragraph\">En una <a href=\"https:\/\/www.infobae.com\/salud\/2020\/11\/28\/como-celebraremos-las-fiestas-tres-expertos-comparten-sus-protocolos-para-un-fin-de-ano-seguro\/\" target=\"_blank\" rel=\"noopener noreferrer\">entrevista previa<\/a> con<b> Infobae<\/b>, el m\u00e9dico infect\u00f3logo <b>Roberto Debbag<\/b> (MN 60253) hab\u00eda se\u00f1alado \u201clas personas con factores de riesgo pueden estar en la reuni\u00f3n pero van a tener que ser cuidados\u201d. \u201cPosiblemente de las 10\/12 personas que concurran, dos o tres van a haber tenido la enfermedad, y por ende est\u00e1n protegidos -sostuvo-. Esas ser\u00e1n las personas que durante la reuni\u00f3n van a ser los encargados de servir la comida, levantar la mesa, y son quienes pueden estar cerca de las personas de riesgo asisti\u00e9ndolas\u201d.<\/p>\n<picture class=\"visual__image\"><source srcset=\"https:\/\/www.infobae.com\/new-resizer\/nGO7AT4vzq5UVil0wqHAp8kx6M4=\/768x432\/filters:format(jpg):quality(85)\/cloudfront-us-east-1.images.arcpublishing.com\/infobae\/VM2XOWXABFE45NUNVDOYCXXF54.jpg 1200w\" type=\"image\/jpg\" \/><source srcset=\"https:\/\/www.infobae.com\/new-resizer\/nGO7AT4vzq5UVil0wqHAp8kx6M4=\/768x432\/filters:format(jpg):quality(85)\/cloudfront-us-east-1.images.arcpublishing.com\/infobae\/VM2XOWXABFE45NUNVDOYCXXF54.jpg 992w\" type=\"image\/jpg\" \/><source srcset=\"https:\/\/www.infobae.com\/new-resizer\/nGO7AT4vzq5UVil0wqHAp8kx6M4=\/768x432\/filters:format(jpg):quality(85)\/cloudfront-us-east-1.images.arcpublishing.com\/infobae\/VM2XOWXABFE45NUNVDOYCXXF54.jpg 768w\" type=\"image\/jpg\" \/><source srcset=\"https:\/\/www.infobae.com\/new-resizer\/njKBItFBWx3gIgWFYVvMLb8C2og=\/420x236\/filters:format(jpg):quality(85)\/cloudfront-us-east-1.images.arcpublishing.com\/infobae\/VM2XOWXABFE45NUNVDOYCXXF54.jpg 420w\" type=\"image\/jpg\" \/><img loading=\"lazy\" decoding=\"async\" src=\"https:\/\/www.infobae.com\/new-resizer\/njKBItFBWx3gIgWFYVvMLb8C2og=\/420x236\/filters:format(jpg):quality(85)\/\/cloudfront-us-east-1.images.arcpublishing.com\/infobae\/VM2XOWXABFE45NUNVDOYCXXF54.jpg\" alt=\"Los especialistas recomiendan permanecer con el barbijo la mayor parte del tiempo (Shutterstock)\" width=\"1920\" height=\"1080\" \/>Los especialistas recomiendan permanecer con el barbijo la mayor parte del tiempo (Shutterstock)<\/picture>\n<p class=\"paragraph\">Adem\u00e1s, el experto <b>recomend\u00f3 que \u201ctodas las personas permanezcan con el barbijo la mayor parte del tiempo posible, tap\u00e1ndose adecuadamente la nariz y la boca y distanciadas si no pertenecen al mismo grupo familiar\u201d<\/b>. \u201cSi son dos grupos familiares pueden estar juntos pero no mezclados: por ejemplo, en una mesa larga, en una punta se pueden sentar los integrantes de un grupo familiar y en otra otro grupo\u201d, agreg\u00f3.<\/p>\n<div class=\"Ad_4 | ad-wrapper display_flex align_items_center width_full justify_center\">\n<div class=\"\"><\/div>\n<\/div>\n<p class=\"paragraph\">\u201cLos barbijos se guardan en el bolsillo o en una bolsita individual al momento de la comida -continu\u00f3 Debbag-. Se asigna una persona para repartir los platos y levantar la mesa (si nadie tuvo la infecci\u00f3n, el que lo haga tendr\u00e1 que tener barbijo) y desde luego que durante la comida lo ideal es que no se compartan vasos ni platos (se identifican los vasos)\u201d.<\/p>\n<p class=\"paragraph\">Y tras aconsejar que<b> \u201cuna vez en la sobremesa, se intentar\u00e1 que la reuni\u00f3n no se extienda mucho despu\u00e9s de la comida\u201d<\/b>, el infect\u00f3logo sugiri\u00f3 \u201cen preferencia que las reuniones sean m\u00e1s cortas y luego del brindis finalice\u201d.<\/p>\n<div class=\"Ad_5 | ad-wrapper display_flex align_items_center width_full justify_center\">\n<div class=\"\"><\/div>\n<\/div>\n<p class=\"paragraph\">\u201cSi cumplimos con todo este tipo de medidas vamos a poder pasar unas Fiestas con menos riesgo y vamos a estar cuidando a los que m\u00e1s queremos\u201d, enfatiz\u00f3 Rearte, a lo que la m\u00e9dica infect\u00f3loga y subsecretaria de Calidad, Regulaci\u00f3n y Fiscalizaci\u00f3n del Ministerio de Salud, Judit D\u00edaz Baz\u00e1n, tambi\u00e9n presente en el parte de hoy lunes, finaliz\u00f3: \u201c<mark class=\"hl_yellow\">Todav\u00eda estamos en vigilancia activa y en este tiempo de celebraci\u00f3n y reencuentros necesitamos m\u00e1s que nunca el compromiso <\/mark>y tener presente que si yo me expongo, expongo a seres queridos que pueden tener severos riesgos de sufrir la enfermedad\u201d.<\/p>\n<p class=\"paragraph\">\n<\/article>\n<\/section>\n<p>Nota publicada en Infobae.com<\/p>\n<p>Foto portada: gentileza directoalpaladar.com<\/p>\n","protected":false},"excerpt":{"rendered":"<p>LOS RECOMEND\u00d3 EL MINISTERIO DE LA SALUD.<\/p>\n","protected":false},"author":3,"featured_media":8262,"comment_status":"open","ping_status":"open","sticky":false,"template":"","format":"standard","meta":{"footnotes":"","jetpack_publicize_message":"","jetpack_publicize_feature_enabled":true,"jetpack_social_post_already_shared":false,"jetpack_social_options":{"image_generator_settings":{"template":"highway","default_image_id":0,"font":"","enabled":false},"version":2}},"categories":[13],"tags":[752,1127,1128],"class_list":["post-8260","post","type-post","status-publish","format-standard","has-post-thumbnail","hentry","category-interes-general","tag-covid","tag-cuidados","tag-fiestas"],"jetpack_publicize_connections":[],"jetpack_featured_media_url":"https:\/\/revistaepocadigital.com.ar\/wp-content\/uploads\/2020\/12\/1366_2000.jpg","jetpack_likes_enabled":true,"_links":{"self":[{"href":"https:\/\/revistaepocadigital.com.ar\/index.php?rest_route=\/wp\/v2\/posts\/8260","targetHints":{"allow":["GET"]}}],"collection":[{"href":"https:\/\/revistaepocadigital.com.ar\/index.php?rest_route=\/wp\/v2\/posts"}],"about":[{"href":"https:\/\/revistaepocadigital.com.ar\/index.php?rest_route=\/wp\/v2\/types\/post"}],"author":[{"embeddable":true,"href":"https:\/\/revistaepocadigital.com.ar\/index.php?rest_route=\/wp\/v2\/users\/3"}],"replies":[{"embeddable":true,"href":"https:\/\/revistaepocadigital.com.ar\/index.php?rest_route=%2Fwp%2Fv2%2Fcomments&post=8260"}],"version-history":[{"count":0,"href":"https:\/\/revistaepocadigital.com.ar\/index.php?rest_route=\/wp\/v2\/posts\/8260\/revisions"}],"wp:featuredmedia":[{"embeddable":true,"href":"https:\/\/revistaepocadigital.com.ar\/index.php?rest_route=\/wp\/v2\/media\/8262"}],"wp:attachment":[{"href":"https:\/\/revistaepocadigital.com.ar\/index.php?rest_route=%2Fwp%2Fv2%2Fmedia&parent=8260"}],"wp:term":[{"taxonomy":"category","embeddable":true,"href":"https:\/\/revistaepocadigital.com.ar\/index.php?rest_route=%2Fwp%2Fv2%2Fcategories&post=8260"},{"taxonomy":"post_tag","embeddable":true,"href":"https:\/\/revistaepocadigital.com.ar\/index.php?rest_route=%2Fwp%2Fv2%2Ftags&post=8260"}],"curies":[{"name":"wp","href":"https:\/\/api.w.org\/{rel}","templated":true}]}}