{"id":8269,"date":"2020-12-28T11:19:20","date_gmt":"2020-12-28T14:19:20","guid":{"rendered":"https:\/\/revistaepocadigital.com.ar\/?p=8269"},"modified":"2020-12-31T00:17:35","modified_gmt":"2020-12-31T03:17:35","slug":"se-siente-se-tiene-diego-esta-presente","status":"publish","type":"post","link":"https:\/\/revistaepocadigital.com.ar\/?p=8269","title":{"rendered":"\u00a1Se siente, se tiene, Diego est\u00e1 presente!"},"content":{"rendered":"<div class=\"oi9244e8 do00u71z j83agx80\">\n<div class=\"nc684nl6\">\n<div class=\"q676j6op qypqp5cg\">\n<div dir=\"auto\"><strong>MURAL HOMENAJE. AL MAS GRANDE.<!--more--><\/strong><\/div>\n<div dir=\"auto\"><\/div>\n<div dir=\"auto\">Fue realizado en el Campo de Deportes municipal, y representa nada m\u00e1s y nad menos que el homenaje exaltacrucense al m\u00e1s grande \u00eddolo popular de la historia argentina.<\/div>\n<div dir=\"auto\"><\/div>\n<div dir=\"auto\">El mural pintado sobre una de las paredes, fue finalizado luego de\u00a0 cuatro d\u00edas de intenso trabajo. El mural en homenaje al &#8220;10&#8221;, fue realizado por el artista <strong>Gonzalo Miranda,<\/strong> impulsado por el Movimiento Evita, con el acompa\u00f1amiento del intendente Diego Nanni y las direcciones de Deporte, Juventud y Discapacidad.<\/div>\n<\/div>\n<\/div>\n<div dir=\"auto\">\n<figure id=\"attachment_8365\" aria-describedby=\"caption-attachment-8365\" style=\"width: 548px\" class=\"wp-caption aligncenter\"><img loading=\"lazy\" decoding=\"async\" class=\"size-full wp-image-8365\" src=\"https:\/\/revistaepocadigital.com.ar\/wp-content\/uploads\/2020\/12\/lodei.jpg\" alt=\"\" width=\"548\" height=\"365\" srcset=\"https:\/\/revistaepocadigital.com.ar\/wp-content\/uploads\/2020\/12\/lodei.jpg 548w, https:\/\/revistaepocadigital.com.ar\/wp-content\/uploads\/2020\/12\/lodei-300x200.jpg 300w\" sizes=\"auto, (max-width: 548px) 100vw, 548px\" \/><figcaption id=\"caption-attachment-8365\" class=\"wp-caption-text\">Albareque, Lodeiro, el autor del mural y funcionarios, en la inauguraci\u00f3n.<\/figcaption><\/figure>\n<\/div>\n<div class=\"nc684nl6\">\n<div class=\"q676j6op qypqp5cg\">\n<div dir=\"auto\">Entre los que colaboraron, estuvieron el mismo intendente Nanni, la secretaria de gobierno Mar\u00eda Luz Bozzani, el director de deportes Fernando Lodeiro, Fabi\u00e1n Deantoni, Nestor Albarenque, el movimiento Evita Exaltaci\u00f3n, Deportes Exaltaci\u00f3n, Ariel Rodr\u00edguez,\u00a0 entre otros.<\/div>\n<\/div>\n<\/div>\n<\/div>\n<p>&nbsp;<\/p>\n<figure id=\"attachment_8366\" aria-describedby=\"caption-attachment-8366\" style=\"width: 512px\" class=\"wp-caption aligncenter\"><img loading=\"lazy\" decoding=\"async\" class=\"size-full wp-image-8366\" src=\"https:\/\/revistaepocadigital.com.ar\/wp-content\/uploads\/2020\/12\/mara-mural.jpg\" alt=\"\" width=\"512\" height=\"276\" srcset=\"https:\/\/revistaepocadigital.com.ar\/wp-content\/uploads\/2020\/12\/mara-mural.jpg 512w, https:\/\/revistaepocadigital.com.ar\/wp-content\/uploads\/2020\/12\/mara-mural-300x162.jpg 300w\" sizes=\"auto, (max-width: 512px) 100vw, 512px\" \/><figcaption id=\"caption-attachment-8366\" class=\"wp-caption-text\">Representantes de clubes locales y del Movimiento Evita que colabor\u00f3 en el armado del mural.<\/figcaption><\/figure>\n<p>Con la presencia del intendente Nanni, qued\u00f3 formalmente presentado el mural que recuerda al mejor jugador de la historia del f\u00fatbol, Diego Maradona, en el marco de una iniciativa impulsada por el Movimiento Evita, con el acompa\u00f1amiento de las direcciones de Deportes, Juventud y Discapacidad.<\/p>\n<div class=\"nc684nl6\">\n<div class=\"\" dir=\"auto\">\n<div id=\"jsc_c_7\" class=\"ecm0bbzt hv4rvrfc ihqw7lf3 dati1w0a\" data-ad-comet-preview=\"message\" data-ad-preview=\"message\">\n<div class=\"j83agx80 cbu4d94t ew0dbk1b irj2b8pg\">\n<div class=\"qzhwtbm6 knvmm38d\">\n<div class=\"o9v6fnle cxmmr5t8 oygrvhab hcukyx3x c1et5uql ii04i59q\">\n<div dir=\"auto\">El mural, ubicado uno de los paredones del Campo de Deportes Municipal de Capilla del Se\u00f1or, surgi\u00f3 como ha quedado dicho de la art\u00edstica de Gonzalo Miranda, y fue presentado ante numerosos referentes de clubes locales, que se sumaron al homenaje en tributo al gran Diego, el mejor jugador de la historia.<\/div>\n<\/div>\n<\/div>\n<\/div>\n<div dir=\"auto\">Fotos: prensa municipalidad.<\/div>\n<\/div>\n<\/div>\n<\/div>\n","protected":false},"excerpt":{"rendered":"<p>MURAL HOMENAJE. AL MAS GRANDE.<\/p>\n","protected":false},"author":3,"featured_media":8364,"comment_status":"open","ping_status":"open","sticky":false,"template":"","format":"standard","meta":{"footnotes":"","jetpack_publicize_message":"","jetpack_publicize_feature_enabled":true,"jetpack_social_post_already_shared":false,"jetpack_social_options":{"image_generator_settings":{"template":"highway","default_image_id":0,"font":"","enabled":false},"version":2}},"categories":[9],"tags":[1087,160],"class_list":["post-8269","post","type-post","status-publish","format-standard","has-post-thumbnail","hentry","category-deportes","tag-maradona","tag-mural"],"jetpack_publicize_connections":[],"jetpack_featured_media_url":"https:\/\/revistaepocadigital.com.ar\/wp-content\/uploads\/2020\/12\/nanni-mara.jpg","jetpack_likes_enabled":true,"_links":{"self":[{"href":"https:\/\/revistaepocadigital.com.ar\/index.php?rest_route=\/wp\/v2\/posts\/8269","targetHints":{"allow":["GET"]}}],"collection":[{"href":"https:\/\/revistaepocadigital.com.ar\/index.php?rest_route=\/wp\/v2\/posts"}],"about":[{"href":"https:\/\/revistaepocadigital.com.ar\/index.php?rest_route=\/wp\/v2\/types\/post"}],"author":[{"embeddable":true,"href":"https:\/\/revistaepocadigital.com.ar\/index.php?rest_route=\/wp\/v2\/users\/3"}],"replies":[{"embeddable":true,"href":"https:\/\/revistaepocadigital.com.ar\/index.php?rest_route=%2Fwp%2Fv2%2Fcomments&post=8269"}],"version-history":[{"count":0,"href":"https:\/\/revistaepocadigital.com.ar\/index.php?rest_route=\/wp\/v2\/posts\/8269\/revisions"}],"wp:featuredmedia":[{"embeddable":true,"href":"https:\/\/revistaepocadigital.com.ar\/index.php?rest_route=\/wp\/v2\/media\/8364"}],"wp:attachment":[{"href":"https:\/\/revistaepocadigital.com.ar\/index.php?rest_route=%2Fwp%2Fv2%2Fmedia&parent=8269"}],"wp:term":[{"taxonomy":"category","embeddable":true,"href":"https:\/\/revistaepocadigital.com.ar\/index.php?rest_route=%2Fwp%2Fv2%2Fcategories&post=8269"},{"taxonomy":"post_tag","embeddable":true,"href":"https:\/\/revistaepocadigital.com.ar\/index.php?rest_route=%2Fwp%2Fv2%2Ftags&post=8269"}],"curies":[{"name":"wp","href":"https:\/\/api.w.org\/{rel}","templated":true}]}}