{"id":8281,"date":"2020-12-24T15:13:49","date_gmt":"2020-12-24T18:13:49","guid":{"rendered":"https:\/\/revistaepocadigital.com.ar\/?p=8281"},"modified":"2020-12-28T15:15:44","modified_gmt":"2020-12-28T18:15:44","slug":"exaltacion-de-la-cruz-forma-parte-del-operativo-sol-sumaron-28-policias-al-distrito","status":"publish","type":"post","link":"https:\/\/revistaepocadigital.com.ar\/?p=8281","title":{"rendered":"Exaltaci\u00f3n de la Cruz, forma parte del Operativo Sol. Sumaron 28 polic\u00edas al distrito"},"content":{"rendered":"<div class=\"kvgmc6g5 cxmmr5t8 oygrvhab hcukyx3x c1et5uql ii04i59q\">\n<div dir=\"auto\"><strong>LOS EFECTIVOS YA TRABAJAN.<!--more--><\/strong><\/div>\n<div dir=\"auto\"><\/div>\n<div dir=\"auto\">Los que han comenzado a trabajar en nuestro distrito, al ser inclu\u00eddo en el Operativo Sol instrumentado todos los veranos. Se suman al trabajo de prevenci\u00f3n en Exaltaci\u00f3n de la Cruz, luego de gestiones del intendente Diego Nanni ante las autoridades de Seguridad.<\/div>\n<\/div>\n<p>&nbsp;<\/p>\n<div class=\"o9v6fnle cxmmr5t8 oygrvhab hcukyx3x c1et5uql ii04i59q\">\n<div dir=\"auto\">El desembarco de los uniformados obedece a que el distrito como se prev\u00eda, viene recibiendo una importante cantidad de visitantes, que eligieron esta zona para pasar las fiestas y vacacionar en verano.<\/div>\n<div dir=\"auto\"><\/div>\n<\/div>\n<div class=\"o9v6fnle cxmmr5t8 oygrvhab hcukyx3x c1et5uql ii04i59q\">\n<div dir=\"auto\">En ese marco se decidi\u00f3 solicitar la inclusi\u00f3n de nuestro territorio dentro del Operativo Sol, hecho que finalmente ocurri\u00f3. Los 28 nuevos polic\u00edas comenzaron a prestar servicio (11\/12).<\/div>\n<div dir=\"auto\"><\/div>\n<\/div>\n","protected":false},"excerpt":{"rendered":"<p>LOS EFECTIVOS YA TRABAJAN.<\/p>\n","protected":false},"author":3,"featured_media":8172,"comment_status":"open","ping_status":"open","sticky":false,"template":"","format":"standard","meta":{"footnotes":"","jetpack_publicize_message":"","jetpack_publicize_feature_enabled":true,"jetpack_social_post_already_shared":false,"jetpack_social_options":{"image_generator_settings":{"template":"highway","default_image_id":0,"font":"","enabled":false},"version":2}},"categories":[14,17],"tags":[1116],"class_list":["post-8281","post","type-post","status-publish","format-standard","has-post-thumbnail","hentry","category-la-gente","category-politica","tag-operativo-sol-21"],"jetpack_publicize_connections":[],"jetpack_featured_media_url":"https:\/\/revistaepocadigital.com.ar\/wp-content\/uploads\/2020\/12\/oper-sol-21.jpg","jetpack_likes_enabled":true,"_links":{"self":[{"href":"https:\/\/revistaepocadigital.com.ar\/index.php?rest_route=\/wp\/v2\/posts\/8281","targetHints":{"allow":["GET"]}}],"collection":[{"href":"https:\/\/revistaepocadigital.com.ar\/index.php?rest_route=\/wp\/v2\/posts"}],"about":[{"href":"https:\/\/revistaepocadigital.com.ar\/index.php?rest_route=\/wp\/v2\/types\/post"}],"author":[{"embeddable":true,"href":"https:\/\/revistaepocadigital.com.ar\/index.php?rest_route=\/wp\/v2\/users\/3"}],"replies":[{"embeddable":true,"href":"https:\/\/revistaepocadigital.com.ar\/index.php?rest_route=%2Fwp%2Fv2%2Fcomments&post=8281"}],"version-history":[{"count":0,"href":"https:\/\/revistaepocadigital.com.ar\/index.php?rest_route=\/wp\/v2\/posts\/8281\/revisions"}],"wp:featuredmedia":[{"embeddable":true,"href":"https:\/\/revistaepocadigital.com.ar\/index.php?rest_route=\/wp\/v2\/media\/8172"}],"wp:attachment":[{"href":"https:\/\/revistaepocadigital.com.ar\/index.php?rest_route=%2Fwp%2Fv2%2Fmedia&parent=8281"}],"wp:term":[{"taxonomy":"category","embeddable":true,"href":"https:\/\/revistaepocadigital.com.ar\/index.php?rest_route=%2Fwp%2Fv2%2Fcategories&post=8281"},{"taxonomy":"post_tag","embeddable":true,"href":"https:\/\/revistaepocadigital.com.ar\/index.php?rest_route=%2Fwp%2Fv2%2Ftags&post=8281"}],"curies":[{"name":"wp","href":"https:\/\/api.w.org\/{rel}","templated":true}]}}