{"id":8282,"date":"2020-12-21T22:06:47","date_gmt":"2020-12-22T01:06:47","guid":{"rendered":"https:\/\/revistaepocadigital.com.ar\/?p=8282"},"modified":"2020-12-21T22:06:47","modified_gmt":"2020-12-22T01:06:47","slug":"la-familia-del-cardo-de-duelo","status":"publish","type":"post","link":"https:\/\/revistaepocadigital.com.ar\/?p=8282","title":{"rendered":"La familia del Cardo de duelo"},"content":{"rendered":"<div class=\"\" dir=\"auto\">\n<div id=\"jsc_c_1yy\" class=\"ecm0bbzt hv4rvrfc ihqw7lf3 dati1w0a\" data-ad-comet-preview=\"message\" data-ad-preview=\"message\">\n<div class=\"j83agx80 cbu4d94t ew0dbk1b irj2b8pg\">\n<div class=\"qzhwtbm6 knvmm38d\">\n<div class=\"kvgmc6g5 cxmmr5t8 oygrvhab hcukyx3x c1et5uql ii04i59q\">\n<div dir=\"auto\"><strong>FALLECI\u00d3 UN ENTRA\u00d1ABLE HOMBRE VINCULADO AL CLUB.<!--more--><\/strong><\/div>\n<div dir=\"auto\"><\/div>\n<div dir=\"auto\">\n<div class=\"rq0escxv l9j0dhe7 du4w35lb j83agx80 cbu4d94t pfnyh3mw d2edcug0 hpfvmrgz nqmvxvec ph5uu5jm b3onmgus e5nlhep0 ecm0bbzt\">\n<div class=\"aovydwv3 j83agx80 wkznzc2l dlu2gh78\">\n<div class=\"b3onmgus e5nlhep0 ph5uu5jm ecm0bbzt spb7xbtv bkmhp75w emlxlaya s45kfl79 cwj9ozl2\">Para el Cardales Rugby Club el 21 de diciembre fue un d\u00eda te\u00f1ido de tristeza y dolor, debido al fallecimiento de Cristian Juli\u00e1n Mangas, &#8220;la familia del Cardo\u00a0 amanecimos con la noticia del fallecimiento Cristian, gran sponsor de nuestro club&#8221;, mencionaron desde la entidad cardalense, noticia que tambi\u00e9n cal\u00f3 hondo en la comunidad cardalense.<\/div>\n<div><\/div>\n<div class=\"b3onmgus e5nlhep0 ph5uu5jm ecm0bbzt spb7xbtv bkmhp75w emlxlaya s45kfl79 cwj9ozl2\">&#8220;Sin su ayuda no hubi\u00e9ramos podido llegar a donde estamos hoy, por eso siempre estaremos agradecidos, y ser\u00e1 parte eterna de las memorias de nuestro club. GRACIAS POR TODO donde sea que est\u00e9s ahora, un ABRAZO fuerte a toda la familia de Mangas Materiales para la Construcci\u00f3n, y nuestro m\u00e1s sentido p\u00e9same a todos sus familiares y amigos. QEPD Cristian Juli\u00e1n Mangas&#8221;, mencionaron desde Cardales Rugby Club a modo de sentido mensaje en la red social Facebook.<\/div>\n<\/div>\n<\/div>\n<\/div>\n<\/div>\n<\/div>\n<\/div>\n<\/div>\n<\/div>\n<p>&nbsp;<\/p>\n","protected":false},"excerpt":{"rendered":"<p>FALLECI\u00d3 UN ENTRA\u00d1ABLE HOMBRE VINCULADO AL CLUB.<\/p>\n","protected":false},"author":3,"featured_media":8283,"comment_status":"open","ping_status":"open","sticky":false,"template":"","format":"standard","meta":{"footnotes":"","jetpack_publicize_message":"","jetpack_publicize_feature_enabled":true,"jetpack_social_post_already_shared":false,"jetpack_social_options":{"image_generator_settings":{"template":"highway","default_image_id":0,"font":"","enabled":false},"version":2}},"categories":[4],"tags":[1129,405],"class_list":["post-8282","post","type-post","status-publish","format-standard","has-post-thumbnail","hentry","category-aqui-los-cardales","tag-capilla-rugby-club","tag-fallecimiento"],"jetpack_publicize_connections":[],"jetpack_featured_media_url":"https:\/\/revistaepocadigital.com.ar\/wp-content\/uploads\/2020\/12\/132051125_217142819974130_7760555636351248304_n.png","jetpack_likes_enabled":true,"_links":{"self":[{"href":"https:\/\/revistaepocadigital.com.ar\/index.php?rest_route=\/wp\/v2\/posts\/8282","targetHints":{"allow":["GET"]}}],"collection":[{"href":"https:\/\/revistaepocadigital.com.ar\/index.php?rest_route=\/wp\/v2\/posts"}],"about":[{"href":"https:\/\/revistaepocadigital.com.ar\/index.php?rest_route=\/wp\/v2\/types\/post"}],"author":[{"embeddable":true,"href":"https:\/\/revistaepocadigital.com.ar\/index.php?rest_route=\/wp\/v2\/users\/3"}],"replies":[{"embeddable":true,"href":"https:\/\/revistaepocadigital.com.ar\/index.php?rest_route=%2Fwp%2Fv2%2Fcomments&post=8282"}],"version-history":[{"count":0,"href":"https:\/\/revistaepocadigital.com.ar\/index.php?rest_route=\/wp\/v2\/posts\/8282\/revisions"}],"wp:featuredmedia":[{"embeddable":true,"href":"https:\/\/revistaepocadigital.com.ar\/index.php?rest_route=\/wp\/v2\/media\/8283"}],"wp:attachment":[{"href":"https:\/\/revistaepocadigital.com.ar\/index.php?rest_route=%2Fwp%2Fv2%2Fmedia&parent=8282"}],"wp:term":[{"taxonomy":"category","embeddable":true,"href":"https:\/\/revistaepocadigital.com.ar\/index.php?rest_route=%2Fwp%2Fv2%2Fcategories&post=8282"},{"taxonomy":"post_tag","embeddable":true,"href":"https:\/\/revistaepocadigital.com.ar\/index.php?rest_route=%2Fwp%2Fv2%2Ftags&post=8282"}],"curies":[{"name":"wp","href":"https:\/\/api.w.org\/{rel}","templated":true}]}}