{"id":8322,"date":"2020-12-25T23:35:03","date_gmt":"2020-12-26T02:35:03","guid":{"rendered":"https:\/\/revistaepocadigital.com.ar\/?p=8322"},"modified":"2020-12-28T15:39:59","modified_gmt":"2020-12-28T18:39:59","slug":"el-festejo-virtual-de-cardales","status":"publish","type":"post","link":"https:\/\/revistaepocadigital.com.ar\/?p=8322","title":{"rendered":"El festejo de Cardales cargado de fervor"},"content":{"rendered":"<div class=\"o9v6fnle cxmmr5t8 oygrvhab hcukyx3x c1et5uql ii04i59q\">\n<div dir=\"auto\"><strong>PESE A LA PANDEMIA<br \/>\n<!--more--><\/strong><\/div>\n<\/div>\n<div dir=\"auto\">\n<div class=\"\" dir=\"auto\">\n<div id=\"jsc_c_47d\" class=\"ecm0bbzt hv4rvrfc ihqw7lf3 dati1w0a\" data-ad-comet-preview=\"message\" data-ad-preview=\"message\">\n<div class=\"j83agx80 cbu4d94t ew0dbk1b irj2b8pg\">\n<div class=\"qzhwtbm6 knvmm38d\">\n<div class=\"kvgmc6g5 cxmmr5t8 oygrvhab hcukyx3x c1et5uql ii04i59q\"><\/div>\n<div class=\"o9v6fnle cxmmr5t8 oygrvhab hcukyx3x c1et5uql ii04i59q\">\n<div dir=\"auto\">El intendente Diego Nanni encabez\u00f3 el s\u00e1bado 26 de diciembre el acto por los 118 a\u00f1os de Los Cardales, a la vez que concret\u00f3 una recorrida al nuevo Galp\u00f3n Cultural, ubicado en el coraz\u00f3n de la Plaza Mitre. Nanni habl\u00f3 durante el acto, en donde reconoci\u00f3 que \u201cvenimos de pasar un a\u00f1o con miedo y tristeza, pero tenemos que permitirnos celebrar, para honrar el trabajo de todos los que por ac\u00e1 pasaron\u201d, refiriendo a los logros de esa localidad.<\/div>\n<\/div>\n<\/div>\n<\/div>\n<\/div>\n<\/div>\n<\/div>\n<div dir=\"auto\">\n<figure id=\"attachment_8370\" aria-describedby=\"caption-attachment-8370\" style=\"width: 696px\" class=\"wp-caption aligncenter\"><img loading=\"lazy\" decoding=\"async\" class=\"size-large wp-image-8370\" src=\"https:\/\/revistaepocadigital.com.ar\/wp-content\/uploads\/2020\/12\/132296945_3954278847958378_6998058087938473896_o-2-1200x797.jpg\" alt=\"\" width=\"696\" height=\"462\" srcset=\"https:\/\/revistaepocadigital.com.ar\/wp-content\/uploads\/2020\/12\/132296945_3954278847958378_6998058087938473896_o-2-1200x797.jpg 1200w, https:\/\/revistaepocadigital.com.ar\/wp-content\/uploads\/2020\/12\/132296945_3954278847958378_6998058087938473896_o-2-300x199.jpg 300w, https:\/\/revistaepocadigital.com.ar\/wp-content\/uploads\/2020\/12\/132296945_3954278847958378_6998058087938473896_o-2-768x510.jpg 768w, https:\/\/revistaepocadigital.com.ar\/wp-content\/uploads\/2020\/12\/132296945_3954278847958378_6998058087938473896_o-2-696x462.jpg 696w, https:\/\/revistaepocadigital.com.ar\/wp-content\/uploads\/2020\/12\/132296945_3954278847958378_6998058087938473896_o-2-1068x709.jpg 1068w, https:\/\/revistaepocadigital.com.ar\/wp-content\/uploads\/2020\/12\/132296945_3954278847958378_6998058087938473896_o-2-632x420.jpg 632w, https:\/\/revistaepocadigital.com.ar\/wp-content\/uploads\/2020\/12\/132296945_3954278847958378_6998058087938473896_o-2-1265x840.jpg 1265w, https:\/\/revistaepocadigital.com.ar\/wp-content\/uploads\/2020\/12\/132296945_3954278847958378_6998058087938473896_o-2.jpg 1280w\" sizes=\"auto, (max-width: 696px) 100vw, 696px\" \/><figcaption id=\"caption-attachment-8370\" class=\"wp-caption-text\">El intendente recorre el nuevo Galp\u00f3n Cultural<\/figcaption><\/figure>\n<\/div>\n<div dir=\"auto\"><\/div>\n<div dir=\"auto\">\n<div class=\"\" dir=\"auto\">\n<div id=\"jsc_c_te\" class=\"ecm0bbzt hv4rvrfc ihqw7lf3 dati1w0a\" data-ad-comet-preview=\"message\" data-ad-preview=\"message\">\n<div class=\"j83agx80 cbu4d94t ew0dbk1b irj2b8pg\">\n<div class=\"qzhwtbm6 knvmm38d\">\n<div class=\"o9v6fnle cxmmr5t8 oygrvhab hcukyx3x c1et5uql ii04i59q\">\n<div dir=\"auto\">\u201cEs un momento dif\u00edcil en el que volvemos a un rebrote sanitario que nos obliga a cuidarnos. As\u00ed lo saben nuestros representantes del sistema de salud que la vienen peleando, y es por eso que pido para ellos este aplauso\u201d, continu\u00f3 el intendente.<\/div>\n<\/div>\n<div class=\"o9v6fnle cxmmr5t8 oygrvhab hcukyx3x c1et5uql ii04i59q\">\n<div dir=\"auto\">Luego en su discurso Nanni refiri\u00f3 al ex intendente Horacio \u201cel vasco\u201d Errazu, y a Adri\u00e1n S\u00e1nchez, entre otros hombres, destacando el esfuerzo por el objetivo de un Cardales mejor.<\/div>\n<div dir=\"auto\"><\/div>\n<\/div>\n<div class=\"o9v6fnle cxmmr5t8 oygrvhab hcukyx3x c1et5uql ii04i59q\">\n<div dir=\"auto\">\u201cAqu\u00ed est\u00e1 materializado parte de lo que hab\u00edamos propuesto en campa\u00f1a, y que se logr\u00f3 por todo lo que hicieron las gestiones anteriores, que nos permiti\u00f3 dedicarnos a este proyecto\u201d, refiriendo espec\u00edficamente al nuevo Parque Cultural.<\/div>\n<\/div>\n<div class=\"o9v6fnle cxmmr5t8 oygrvhab hcukyx3x c1et5uql ii04i59q\">\n<div dir=\"auto\">Finalmente, el mandatario local reiter\u00f3 el plan de obras para Los Cardales durante el 2021: Un nuevo hospital para esa localidad, la ampliaci\u00f3n de la planta depuradora y la reconstrucci\u00f3n total de la Avenida Belgrano, entre otros proyectos.<\/div>\n<div dir=\"auto\"><\/div>\n<\/div>\n<div class=\"o9v6fnle cxmmr5t8 oygrvhab hcukyx3x c1et5uql ii04i59q\">\n<div dir=\"auto\">\u201cAs\u00ed lo hicimos con el nuevo Centro de Gesti\u00f3n Ambiental, con la ampliaci\u00f3n de la obra del hospital para Los Cardales, y con la llegada del nuevo tom\u00f3grafo al Hospital San Jos\u00e9. Vamos a seguir trabajando, a\u00fan en pandemia, porque nunca vamos a dejar de so\u00f1ar y de concretar esos sue\u00f1os\u201d, cerr\u00f3 Diego Nanni.<\/div>\n<\/div>\n<div class=\"o9v6fnle cxmmr5t8 oygrvhab hcukyx3x c1et5uql ii04i59q\">\n<div dir=\"auto\">Durante el acto se entregaron placas evocando al \u201cConsejo Asesor de la Comunidad de Los Cardales\u201d, de cuyos trabajos surgi\u00f3, entre otros logros, el escudo de esa localidad.<\/div>\n<div dir=\"auto\"><\/div>\n<div dir=\"auto\">Go\u00f1i, Gualchi, Di Yorio, Nanni, Errazu, Ponce de Le\u00f3n y Etchart son las familias distinguidas que integraban dicho Consejo. Tambi\u00e9n se entreg\u00f3 una plaqueta distintiva al creador de la \u201cZamba para Cardales\u201d, Ernesto Ra\u00fal Salda\u00f1a. La canci\u00f3n form\u00f3 parte del video de apertura del acto ante el p\u00fablico presente.<\/div>\n<\/div>\n<div class=\"o9v6fnle cxmmr5t8 oygrvhab hcukyx3x c1et5uql ii04i59q\">\n<div dir=\"auto\">La jornada cerr\u00f3 con una recorrida por el nuevo galp\u00f3n cultural, que fue presentado a trav\u00e9s del formato de video, realizado \u00edntegramente con artistas locales, bajo la conducci\u00f3n de la direcci\u00f3n de Cultura del municipio.<\/div>\n<\/div>\n<\/div>\n<\/div>\n<\/div>\n<\/div>\n<div id=\"jsc_c_tf\" class=\"l9j0dhe7\">\n<div class=\"l9j0dhe7\">\n<div>\n<div>\n<div class=\"ni8dbmo4 stjgntxs pmk7jnqg\"><\/div>\n<\/div>\n<\/div>\n<\/div>\n<\/div>\n<div class=\"ni8dbmo4 stjgntxs pmk7jnqg\">\n<div class=\"\" dir=\"auto\">\n<div id=\"jsc_c_47d\" class=\"ecm0bbzt hv4rvrfc ihqw7lf3 dati1w0a\" data-ad-comet-preview=\"message\" data-ad-preview=\"message\">\n<div class=\"j83agx80 cbu4d94t ew0dbk1b irj2b8pg\">\n<div class=\"qzhwtbm6 knvmm38d\">\n<div class=\"kvgmc6g5 cxmmr5t8 oygrvhab hcukyx3x c1et5uql ii04i59q\">\n<div dir=\"auto\">M\u00fasicos y cantantes de Los Cardales, interpretan la &#8220;Zamba para Cardales&#8221; en los 118 a\u00f1os del pueblo. Est\u00e1 zamba fue compuesta en el a\u00f1o 1970 por el vecino y cantautor Ernesto Ra\u00fal Salda\u00f1a.<\/div>\n<\/div>\n<div class=\"o9v6fnle cxmmr5t8 oygrvhab hcukyx3x c1et5uql ii04i59q\">\n<div dir=\"auto\"><\/div>\n<div dir=\"auto\">Los cantantes que participaron fueron:<\/div>\n<div dir=\"auto\">Mariano Fiordeoliva (Mediatribu)<\/div>\n<div dir=\"auto\">Patricia Ojeda (presidenta de la Cooperadora de la escuela N\u00b011)<\/div>\n<div dir=\"auto\">Alejandro Garc\u00eda (bajo y voz l\u00edder de Sin Duda)<\/div>\n<div dir=\"auto\">Cecilia Baroni (solista)<\/div>\n<div dir=\"auto\">Emanuel C\u00f3seres<\/div>\n<div dir=\"auto\">El peque\u00f1o Teodoro Stcherbina<\/div>\n<\/div>\n<div class=\"o9v6fnle cxmmr5t8 oygrvhab hcukyx3x c1et5uql ii04i59q\">\n<div dir=\"auto\">La realizaci\u00f3n del video estuvo a cargo del Centro Cultural Cardales, bajo la direcci\u00f3n del Delegado Cultural de esa localidad, Sergio Iglesias.<\/div>\n<\/div>\n<\/div>\n<\/div>\n<\/div>\n<\/div>\n<\/div>\n<div class=\"ni8dbmo4 stjgntxs pmk7jnqg\"><\/div>\n<\/div>\n","protected":false},"excerpt":{"rendered":"<p>PESE A LA PANDEMIA<\/p>\n","protected":false},"author":3,"featured_media":8369,"comment_status":"open","ping_status":"open","sticky":false,"template":"","format":"standard","meta":{"footnotes":"","jetpack_publicize_message":"","jetpack_publicize_feature_enabled":true,"jetpack_social_post_already_shared":false,"jetpack_social_options":{"image_generator_settings":{"template":"highway","default_image_id":0,"font":"","enabled":false},"version":2}},"categories":[4],"tags":[],"class_list":["post-8322","post","type-post","status-publish","format-standard","has-post-thumbnail","hentry","category-aqui-los-cardales"],"jetpack_publicize_connections":[],"jetpack_featured_media_url":"https:\/\/revistaepocadigital.com.ar\/wp-content\/uploads\/2020\/12\/132280785_3954278271291769_5871556219128294561_o-6.jpg","jetpack_likes_enabled":true,"_links":{"self":[{"href":"https:\/\/revistaepocadigital.com.ar\/index.php?rest_route=\/wp\/v2\/posts\/8322","targetHints":{"allow":["GET"]}}],"collection":[{"href":"https:\/\/revistaepocadigital.com.ar\/index.php?rest_route=\/wp\/v2\/posts"}],"about":[{"href":"https:\/\/revistaepocadigital.com.ar\/index.php?rest_route=\/wp\/v2\/types\/post"}],"author":[{"embeddable":true,"href":"https:\/\/revistaepocadigital.com.ar\/index.php?rest_route=\/wp\/v2\/users\/3"}],"replies":[{"embeddable":true,"href":"https:\/\/revistaepocadigital.com.ar\/index.php?rest_route=%2Fwp%2Fv2%2Fcomments&post=8322"}],"version-history":[{"count":0,"href":"https:\/\/revistaepocadigital.com.ar\/index.php?rest_route=\/wp\/v2\/posts\/8322\/revisions"}],"wp:featuredmedia":[{"embeddable":true,"href":"https:\/\/revistaepocadigital.com.ar\/index.php?rest_route=\/wp\/v2\/media\/8369"}],"wp:attachment":[{"href":"https:\/\/revistaepocadigital.com.ar\/index.php?rest_route=%2Fwp%2Fv2%2Fmedia&parent=8322"}],"wp:term":[{"taxonomy":"category","embeddable":true,"href":"https:\/\/revistaepocadigital.com.ar\/index.php?rest_route=%2Fwp%2Fv2%2Fcategories&post=8322"},{"taxonomy":"post_tag","embeddable":true,"href":"https:\/\/revistaepocadigital.com.ar\/index.php?rest_route=%2Fwp%2Fv2%2Ftags&post=8322"}],"curies":[{"name":"wp","href":"https:\/\/api.w.org\/{rel}","templated":true}]}}